{"id":731,"date":"2007-08-23T22:23:40","date_gmt":"2007-08-23T22:23:40","guid":{"rendered":"https:\/\/la-presse-anarchiste.net\/index.php\/2007\/08\/23\/lectures-22\/"},"modified":"2007-08-23T22:23:40","modified_gmt":"2007-08-23T22:23:40","slug":"lectures-22","status":"publish","type":"post","link":"https:\/\/la-presse-anarchiste.net\/index.php\/2007\/08\/23\/lectures-22\/","title":{"rendered":"Lectures"},"content":{"rendered":"<div class=\"pdfprnt-buttons pdfprnt-buttons-post pdfprnt-top-right\"><a href=\"https:\/\/la-presse-anarchiste.net\/index.php\/wp-json\/wp\/v2\/posts\/731?print=pdf\" class=\"pdfprnt-button pdfprnt-button-pdf\" target=\"_blank\"><img decoding=\"async\" src=\"https:\/\/la-presse-anarchiste.net\/wp-content\/plugins\/pdf-print\/images\/pdf.png\" alt=\"image_pdf\" title=\"Afficher le PDF\"><\/a><a href=\"https:\/\/la-presse-anarchiste.net\/index.php\/wp-json\/wp\/v2\/posts\/731?print=print\" class=\"pdfprnt-button pdfprnt-button-print\" target=\"_blank\"><img decoding=\"async\" src=\"https:\/\/la-presse-anarchiste.net\/wp-content\/plugins\/pdf-print\/images\/print.png\" alt=\"image_print\" title=\"Contenu imprim\u00e9\"><\/a><\/div><p class=\"post_excerpt\">Mar\u00adcel Proust&nbsp;: \u00ab&nbsp;Contre Sainte-Beuve&nbsp;\u00bb (Gal\u00adli\u00admard)<\/p>\n<p>L\u00e9on Pierre-Quint&nbsp;: \u00ab&nbsp;Proust et la stra\u00adt\u00e9\u00adgie lit\u00adt\u00e9\u00adraire&nbsp;\u00bb (Cor\u00adr\u00eaa)\n<\/p>\n<p><!--more--><\/p>\n<div align=\"justify\">\n<div style=\"text-indent: 1cm\">\n<p>L\u00e9on Pierre-Quint n\u2019a pas tort de pen\u00adser, comme il me l\u2019\u00e9crivait r\u00e9cem\u00adment, que son petit livre, dont il nous donne aujourd\u2019hui une r\u00e9\u00e9di\u00adtion aug\u00admen\u00adt\u00e9e, d\u00e9passe sen\u00adsi\u00adble\u00adment son titre. Non seule\u00adment il nous montre Proust accep\u00adtant cou\u00adra\u00adgeu\u00adse\u00adment, lui si malade, l\u2019effort indis\u00adpen\u00adsable pour faire \u00e0 son \u0153uvre la place qui lui revient dans le monde, mais en outre il nous fait sai\u00adsir ce moment infi\u00adni\u00adment pr\u00e9\u00adcieux de l\u2019\u00e9closion de la chry\u00adsa\u00adlide, lorsque \u00ab&nbsp;la Recherche&nbsp;\u00bb est d\u00e9j\u00e0 ache\u00adv\u00e9e, mais par la faute de et \u00ab&nbsp;gr\u00e2ce&nbsp;\u00bb \u00e0 la guerre, doit subir le retard qui lui per\u00admet\u00adtra de prendre l\u2019extension que l\u2019on sait. Et puis&nbsp;: \u00ab&nbsp;\u00c0 l\u2019occasion, \u00e9crit L\u00e9on Pierre-Quint, de la publi\u00adca\u00adtion de \u201cJean San\u00adteuil\u201d, d\u2019un voyage \u00e0 Illiers ou d\u2019un anni\u00adver\u00adsaire de l\u2019auteur, je m\u2019efforce de me conten\u00adter de v\u0153ux super\u00adfi\u00adciels et sans cons\u00e9\u00adquence, pour ne pas \u00eatre entra\u00ee\u00adn\u00e9 mal\u00adgr\u00e9 moi, \u00e0 nou\u00adveau, dans le bou\u00adle\u00adver\u00adsant uni\u00advers prous\u00adtien. Mais qu\u2019un ami me demande&nbsp;: \u201cQui est ce parent silen\u00adcieux h\u00e9ber\u00adg\u00e9 par vous&nbsp;?\u201d \u2013 sou\u00addain, je d\u00e9couvre l\u2019intime \u00e9tran\u00adger qui a pris place en moi, je le regarde et je m\u2019\u00e9crie&nbsp;: \u201cQu\u2019il agrandi&nbsp;!\u201d\u00bb<\/p>\n<p>Envers \u00ab&nbsp;Proust et la stra\u00adt\u00e9\u00adgie lit\u00adt\u00e9\u00adraire&nbsp;\u00bb, j\u2019ai encore une autre dette de recon\u00adnais\u00adsance. Lorsque le livre m\u2019est par\u00adve\u00adnu, j\u2019\u00e9tais dans la lec\u00adture du \u00ab&nbsp;Contre Sainte-Beuve&nbsp;\u00bb de Proust, et cette lec\u00adture, je vais dire pour\u00adquoi dans un ins\u00adtant, ne mar\u00adchait pas. En me replon\u00adgeant dans les ann\u00e9es de la chry\u00adsa\u00adlide \u00e9close, le livre de L. Pierre-Quint m\u2019a, dans ma lec\u00adture du Sainte-Beuve, d\u00e9pan\u00adn\u00e9 et du m\u00eame coup per\u00admis de me rendre mieux compte de ce qui m\u2019y avait arr\u00ea\u00adt\u00e9 jusque-l\u00e0.<\/p>\n<p>Ce qui m\u2019arr\u00eatait, bien s\u00fbr ce n\u2019\u00e9taient point les admi\u00adrables pages sur Ner\u00adval, dont j\u2019ai d\u00e9j\u00e0 par\u00adl\u00e9 ici, ni la si pro\u00adfonde concep\u00adtion de la cr\u00e9a\u00adtion lit\u00adt\u00e9\u00adraire, non plus que la fin de non-rece\u00advoir oppo\u00ads\u00e9e \u00e0 la m\u00e9thode cri\u00adtique, pr\u00e9\u00adten\u00addu\u00adment scien\u00adti\u00adfique, de Sainte-Beuve. Toutes choses sur les\u00adquelles il fau\u00addrait s\u2019\u00e9tendre, \u2013 mais tant d\u2019autres en pour\u00adront par\u00adler mieux que moi. Tan\u00addis que ce qui m\u2019arr\u00eatait, cela vaut peut-\u00eatre la peine d\u2019\u00eatre dit.<\/p>\n<p>Je m\u2019explique. Dans le Sainte-Beuve, nous trou\u00advons d\u00e9j\u00e0 tout expli\u00adci\u00adt\u00e9e la fameuse dis\u00adtinc\u00adtion prous\u00adtienne, qui pro\u00adc\u00e8de cer\u00adtai\u00adne\u00adment de Berg\u00adson, entre la m\u00e9moire invo\u00adlon\u00adtaire et la m\u00e9moire de l\u2019intelligence. Et m\u00eame la c\u00e9l\u00e8bre \u00ab&nbsp;made\u00adleine&nbsp;\u00bb vient, d\u00e8s ce livre, l\u2019illustrer. Mais pr\u00e9\u00adci\u00ads\u00e9\u00adment, ce n\u2019en est que l\u2019illustration. L\u2019essentiel n\u2019est encore que la th\u00e9o\u00adrie seule. Plus tard seule\u00adment, Proust l\u2019incarnera (la made\u00adleine, les clo\u00adchers de Mar\u00adtin\u00adville, les pav\u00e9s in\u00e9gaux), et de la d\u00e9cou\u00advrir nous-m\u00eames dans la chair de l\u2019\u0153uvre, nous en res\u00adte\u00adrons illu\u00admi\u00adn\u00e9s pour tou\u00adjours. Tan\u00addis qu\u2019\u00e9nonc\u00e9e ain\u00adsi tout abs\u00adtrai\u00adte\u00adment, la \u00ab&nbsp;th\u00e8se&nbsp;\u00bb, tout d\u2019un coup, me parut courte. La m\u00e9moire, la m\u00e9moire seule serait l\u2019axe de toute notre vraie vie int\u00e9\u00adrieure et de l\u2019art&nbsp;? Moi-m\u00eame je l\u2019ai cru long\u00adtemps, et j\u2019ai m\u00eame publi\u00e9 un recueil de po\u00e8mes qui s\u2019intitule (un peu ridi\u00adcu\u00adle\u00adment, au fond) \u00ab&nbsp;M\u00e9mo\u00adrables&nbsp;\u00bb, auquel je regret\u00adtai apr\u00e8s coup de n\u2019avoir pas don\u00adn\u00e9 pour \u00e9pi\u00adgraphe le vers de P\u00e9guy&nbsp;: \u00ab&nbsp;Quand tout s\u2019\u00e9clairera des flammes de m\u00e9moire&nbsp;\u00bb.<\/p>\n<p>Je ne suis pas du tout, comme Camus le dit de lui-m\u00eame, un homme sans m\u00e9moire, pas assez peut-\u00eatre. Mais si inti\u00adme\u00adment qu\u2019elle me retienne, la m\u00e9moire, qui n\u2019est au bout du compte que le r\u00e9ser\u00advoir, la conser\u00adva\u00adtrice de notre conscience super\u00adfi\u00adcielle, ne sau\u00adrait pr\u00e9\u00adtendre \u00e0 repr\u00e9\u00adsen\u00adter notre centre vrai. Je n\u2019ai jamais sen\u00adti cela si fort qu\u2019au cours d\u2019une pro\u00adme\u00adnade noc\u00adturne dans les ali\u00adgne\u00adments de Car\u00adnac. Sous la lune, les hautes pierres me par\u00adlaient un lan\u00adgage que j\u2019entendais sans le com\u00adprendre. Quand, un peu plus tard, je me cou\u00adchai \u00e0 l\u2019auberge, je m\u2019imaginais bien n\u2019avoir eu qu\u2019une impres\u00adsion de beau\u00adt\u00e9. Je n\u2019\u00e9tais qu\u2019un tou\u00adriste comme un autre, un homme, tou\u00adriste ou pas tou\u00adriste, comme les autres, c\u2019est-\u00e0-dire \u00e9tran\u00adger \u00e0 sa dou\u00adleur la plus pro\u00adfonde. Mais lorsque, vers trois heures du matin, je m\u2019\u00e9veillai dans la chambre de hasard, la dou\u00adleur \u00e9tait l\u00e0, son tour\u00adment, son bien\u00adfait. Et je ne pus m\u2019emp\u00eacher de pen\u00adser que les men\u00adhirs des ali\u00adgne\u00adments, o\u00f9 un peuple dis\u00adpa\u00adru avait, sous pr\u00e9\u00adtexte de reli\u00adgion, ext\u00e9\u00adrio\u00adri\u00ads\u00e9 les forces les plus secr\u00e8tes de son \u00eatre, avaient, cette nuit-l\u00e0, r\u00e9veill\u00e9 en moi le secret. M\u00e9moire&nbsp;? Oui et non, et plu\u00adt\u00f4t non que oui, \u2013 \u00e0 moins de don\u00adner \u00e0 ce mot le sens qu\u2019il n\u2019a ni chez Proust ni chez Berg\u00adson, son sens pla\u00adto\u00adni\u00adcien de d\u00e9cou\u00adverte de ce qu\u2019au plus pro\u00adfond de nous, \u00e0 notre insu, nous sommes.<\/p>\n<p>Et si, par le miracle de l\u2019incarnation de l\u2019\u00ab&nbsp;id\u00e9e&nbsp;\u00bb dans une \u0153uvre, l\u2019incomparable cr\u00e9a\u00adtion prous\u00adtienne n\u2019en est assu\u00adr\u00e9\u00adment point dimi\u00adnu\u00e9e, je ten\u00addrais \u00e0 pen\u00adser aujourd\u2019hui que la th\u00e9o\u00adrie que Proust lui a don\u00adn\u00e9e pour base est \u00e0 une vision plus com\u00adpl\u00e8te de l\u2019esprit ce que la cris\u00adtal\u00adli\u00adsa\u00adtion sten\u00addha\u00adlienne est aux d\u00e9j\u00e0 plus vives clar\u00adt\u00e9s qu\u2019a com\u00admen\u00adc\u00e9 de jeter sur l\u2019amour et sur la vie de l\u2019\u00e2me en g\u00e9n\u00e9\u00adral la psy\u00adcho\u00adlo\u00adgie dite des profondeurs.<\/p>\n<p>[\/S.\/]<\/p><\/div>\n<\/div>\n","protected":false},"excerpt":{"rendered":"<p>Mar\u00adcel Proust&nbsp;: \u00ab&nbsp;Contre Sainte-Beuve&nbsp;\u00bb (Gal\u00adli\u00admard) L\u00e9on Pierre-Quint&nbsp;: \u00ab&nbsp;Proust et la stra\u00adt\u00e9\u00adgie lit\u00adt\u00e9\u00adraire&nbsp;\u00bb (Cor\u00adr\u00eaa)<\/p>\n","protected":false},"author":1,"featured_media":0,"comment_status":"closed","ping_status":"closed","sticky":false,"template":"","format":"standard","meta":{"wp_typography_post_enhancements_disabled":false,"footnotes":""},"categories":[86],"tags":[],"ppma_author":[540],"class_list":["post-731","post","type-post","status-publish","format-standard","hentry","category-temoins-n8-printemps-1955"],"authors":[{"term_id":540,"user_id":1,"is_guest":0,"slug":"admin_3gikpwyf","display_name":"Vincent Dubuc","avatar_url":"https:\/\/secure.gravatar.com\/avatar\/d015720652c25fd2ced191ade86430094e1f288a17483713e3b34d26dea52507?s=96&d=mm&r=g","author_category":"","user_url":"https:\/\/la-presse-anarchiste.net","last_name":"Dubuc","first_name":"Vincent","job_title":"","description":""}],"_links":{"self":[{"href":"https:\/\/la-presse-anarchiste.net\/index.php\/wp-json\/wp\/v2\/posts\/731","targetHints":{"allow":["GET"]}}],"collection":[{"href":"https:\/\/la-presse-anarchiste.net\/index.php\/wp-json\/wp\/v2\/posts"}],"about":[{"href":"https:\/\/la-presse-anarchiste.net\/index.php\/wp-json\/wp\/v2\/types\/post"}],"author":[{"embeddable":true,"href":"https:\/\/la-presse-anarchiste.net\/index.php\/wp-json\/wp\/v2\/users\/1"}],"replies":[{"embeddable":true,"href":"https:\/\/la-presse-anarchiste.net\/index.php\/wp-json\/wp\/v2\/comments?post=731"}],"version-history":[{"count":0,"href":"https:\/\/la-presse-anarchiste.net\/index.php\/wp-json\/wp\/v2\/posts\/731\/revisions"}],"wp:attachment":[{"href":"https:\/\/la-presse-anarchiste.net\/index.php\/wp-json\/wp\/v2\/media?parent=731"}],"wp:term":[{"taxonomy":"category","embeddable":true,"href":"https:\/\/la-presse-anarchiste.net\/index.php\/wp-json\/wp\/v2\/categories?post=731"},{"taxonomy":"post_tag","embeddable":true,"href":"https:\/\/la-presse-anarchiste.net\/index.php\/wp-json\/wp\/v2\/tags?post=731"},{"taxonomy":"author","embeddable":true,"href":"https:\/\/la-presse-anarchiste.net\/index.php\/wp-json\/wp\/v2\/ppma_author?post=731"}],"curies":[{"name":"wp","href":"https:\/\/api.w.org\/{rel}","templated":true}]}}