{"id":738,"date":"2007-08-23T23:44:59","date_gmt":"2007-08-23T23:44:59","guid":{"rendered":"https:\/\/la-presse-anarchiste.net\/index.php\/2007\/08\/23\/une-reponse-au-defi-du-monde-totalitaire\/"},"modified":"2007-08-23T23:44:59","modified_gmt":"2007-08-23T23:44:59","slug":"une-reponse-au-defi-du-monde-totalitaire","status":"publish","type":"post","link":"https:\/\/la-presse-anarchiste.net\/index.php\/2007\/08\/23\/une-reponse-au-defi-du-monde-totalitaire\/","title":{"rendered":"Une r\u00e9ponse au d\u00e9fi du monde totalitaire"},"content":{"rendered":"<div class=\"pdfprnt-buttons pdfprnt-buttons-post pdfprnt-top-right\"><a href=\"https:\/\/la-presse-anarchiste.net\/index.php\/wp-json\/wp\/v2\/posts\/738?print=pdf\" class=\"pdfprnt-button pdfprnt-button-pdf\" target=\"_blank\"><img decoding=\"async\" src=\"https:\/\/la-presse-anarchiste.net\/wp-content\/plugins\/pdf-print\/images\/pdf.png\" alt=\"image_pdf\" title=\"Afficher le PDF\"><\/a><a href=\"https:\/\/la-presse-anarchiste.net\/index.php\/wp-json\/wp\/v2\/posts\/738?print=print\" class=\"pdfprnt-button pdfprnt-button-print\" target=\"_blank\"><img decoding=\"async\" src=\"https:\/\/la-presse-anarchiste.net\/wp-content\/plugins\/pdf-print\/images\/print.png\" alt=\"image_print\" title=\"Contenu imprim\u00e9\"><\/a><\/div><div align=\"justify\">\n<div style=\"text-indent: 1cm\">\n<p>L\u2019opinion publique, dans les pays libres, se d\u00e9s\u00adin\u00adt\u00e9\u00adresse dan\u00adge\u00adreu\u00adse\u00adment des valeurs spi\u00adri\u00adtuelles qu\u2019elle feint d\u2019honorer alors que le monde tota\u00adli\u00adtaire qui les foule cyni\u00adque\u00adment aux pieds ne manque pas une seule occa\u00adsion de les mobi\u00adli\u00adser \u00e0 son pro\u00adfit exclu\u00adsif lorsqu\u2019elles peuvent \u00eatre d\u2019un ren\u00adde\u00adment quel\u00adconque. Situa\u00adtion para\u00addoxale s\u2019il en fut, mais qui seule per\u00admet d\u2019expliquer les cam\u00adpagnes d\u2019appels \u00e0 la conscience publique dans les cas m\u00eame les plus dou\u00adteux et, d\u2019un autre c\u00f4t\u00e9, le silence obs\u00adti\u00adn\u00e9 fait d\u2019indiff\u00e9rence et aus\u00adsi, sans doute, de mau\u00advaise conscience, dans lequel sombre le sacri\u00adfice d\u2019hommes de cou\u00adrage, de foi, de pure\u00adt\u00e9, tels que le Doc\u00adteur Trouchnovitch.<\/p>\n<p>Il y aura, \u00e0 la date de ce 13 avril, un an exac\u00adte\u00adment que le D<sup>r<\/sup>&nbsp;Alexandre Trouch\u00adno\u00advitch, authen\u00adtique \u00ab&nbsp;r\u00e9sis\u00adtant&nbsp;\u00bb au tota\u00adli\u00adta\u00adrisme, \u00e9tait enle\u00adv\u00e9 \u00e0 Ber\u00adlin-Ouest par la Ges\u00adta\u00adpo sovi\u00e9\u00adtique. Quel but pou\u00advait pour\u00adsuivre ce sau\u00advage atten\u00adtat contre un homme \u00e2g\u00e9 de 62 ans et employant toute son \u00e9ner\u00adgie \u00e0 venir en aide aux vic\u00adtimes d\u2019un r\u00e9gime inhu\u00admain (il diri\u00adgeait le \u00ab&nbsp;Comi\u00adt\u00e9 d\u2019aide aux r\u00e9fu\u00adgi\u00e9s russes&nbsp;\u00bb met\u00adtant, par ailleurs, un point d\u2019honneur \u00e0 secou\u00adrir tous ceux qui s\u2019adressaient \u00e0 lui, de quelque natio\u00adna\u00adli\u00adt\u00e9 qu\u2019ils fussent)&nbsp;? Sans doute la tyran\u00adnie n\u2019a\u2011t-elle m\u00eame pas vou\u00adlu exac\u00adte\u00adment frap\u00adper son acti\u00advi\u00adt\u00e9 huma\u00adni\u00adtaire, ni m\u00eame son acti\u00advi\u00adt\u00e9 d\u2019orateur, de pol\u00e9\u00admiste et de publi\u00adciste, quoique cette der\u00adni\u00e8re ten\u00addit toute enti\u00e8re \u00e0 semer les fer\u00adments de liber\u00adt\u00e9 r\u00e9vo\u00adlu\u00adtion\u00adnaire dans l\u2019esprit des lec\u00adteurs aux\u00adquels il s\u2019adressait essen\u00adtiel\u00adle\u00adment&nbsp;: les offi\u00adciers et les sol\u00addats russes des troupes d\u2019occupation sovi\u00e9\u00adtiques. En enle\u00advant le D<sup>r<\/sup>&nbsp;Trouch\u00adno\u00advitch, ce n\u2019est peut-\u00eatre pas tel\u00adle\u00adment l\u2019homme que les soviets d\u00e9si\u00adraient atteindre et an\u00e9an\u00adtir (ne f\u00fbt-ce que mora\u00adle\u00adment en sug\u00adg\u00e9\u00adrant qu\u2019il avait volon\u00adtai\u00adre\u00adment d\u00e9ser\u00adt\u00e9 en zone orien\u00adtale), mais le sym\u00adbole. Le sym\u00adbole de la lutte r\u00e9vo\u00adlu\u00adtion\u00adnaire contre le tota\u00adli\u00adta\u00adrisme, que le D<sup>r<\/sup>&nbsp;Trouch\u00adno\u00advitch incar\u00adnait aux yeux de mil\u00adliers de ses fr\u00e8res par sa simple atti\u00adtude d\u2019homme libre \u00e0 jamais affran\u00adchi de la peur devant le monstre (il avait lui-m\u00eame v\u00e9cu plus de quinze ans sous le r\u00e9gime dit com\u00admu\u00adniste, en Rus\u00adsie) et aidant les autres \u00e0 s\u2019en affranchir.<\/p>\n<p>Nul ne sau\u00adrait dire aujourd\u2019hui si Trouch\u00adno\u00advitch est mort ou vivant, mais vivant ou mort il conti\u00adnue, par son silence, un silence dont n\u2019a pu venir \u00e0 bout l\u2019appareil le plus per\u00adfec\u00adtion\u00adn\u00e9 de men\u00adsonge et de ter\u00adreur, \u00e0 incar\u00adner la r\u00e9ponse au d\u00e9fi du monde tota\u00adli\u00adtaire&nbsp;: celle de l\u2019homme qui s\u2019est lib\u00e9\u00adr\u00e9 de la peur et qui a eu le cou\u00adrage de tirer de cette prise de conscience r\u00e9vo\u00adlu\u00adtion\u00adnaire une conclu\u00adsion logique.<\/p>\n<p>Gr\u00e2ce au sacri\u00adfice d\u2019hommes tels que le D<sup>r<\/sup>&nbsp;Trouch\u00adno\u00advitch, le \u00ab&nbsp;calen\u00addrier de la Liber\u00adt\u00e9&nbsp;\u00bb dont parle Camus prend toute sa signi\u00adfi\u00adca\u00adtion. \u00c0 condi\u00adtion, tou\u00adte\u00adfois, que ce sacri\u00adfice ne soit pas oubli\u00e9. Ce qui d\u00e9pend avant tout de nous, \u2013 de nous tous tant que nous sommes.<\/p>\n<p>[\/\u200bBoris <sc>Lit\u00advi\u00adnoff<\/sc>\/\u200b]\n<\/p><\/div>\n<\/div>\n","protected":false},"excerpt":{"rendered":"<p>L\u2019opinion publique, dans les pays libres, se d\u00e9s\u00adin\u00adt\u00e9\u00adresse dan\u00adge\u00adreu\u00adse\u00adment des valeurs spi\u00adri\u00adtuelles qu\u2019elle feint d\u2019honorer alors que le monde tota\u00adli\u00adtaire qui les foule cyni\u00adque\u00adment aux pieds ne manque pas une seule occa\u00adsion de les mobi\u00adli\u00adser \u00e0 son pro\u00adfit exclu\u00adsif lorsqu\u2019elles peuvent \u00eatre d\u2019un ren\u00adde\u00adment quel\u00adconque. Situa\u00adtion para\u00addoxale s\u2019il en fut, mais qui seule per\u00admet d\u2019expliquer [\u2026]<\/p>\n","protected":false},"author":1,"featured_media":0,"comment_status":"closed","ping_status":"closed","sticky":false,"template":"","format":"standard","meta":{"wp_typography_post_enhancements_disabled":false,"footnotes":""},"categories":[86],"tags":[],"ppma_author":[540],"class_list":["post-738","post","type-post","status-publish","format-standard","hentry","category-temoins-n8-printemps-1955"],"authors":[{"term_id":540,"user_id":1,"is_guest":0,"slug":"admin_3gikpwyf","display_name":"Vincent Dubuc","avatar_url":"https:\/\/secure.gravatar.com\/avatar\/d015720652c25fd2ced191ade86430094e1f288a17483713e3b34d26dea52507?s=96&d=mm&r=g","author_category":"","user_url":"https:\/\/la-presse-anarchiste.net","last_name":"Dubuc","first_name":"Vincent","job_title":"","description":""}],"_links":{"self":[{"href":"https:\/\/la-presse-anarchiste.net\/index.php\/wp-json\/wp\/v2\/posts\/738","targetHints":{"allow":["GET"]}}],"collection":[{"href":"https:\/\/la-presse-anarchiste.net\/index.php\/wp-json\/wp\/v2\/posts"}],"about":[{"href":"https:\/\/la-presse-anarchiste.net\/index.php\/wp-json\/wp\/v2\/types\/post"}],"author":[{"embeddable":true,"href":"https:\/\/la-presse-anarchiste.net\/index.php\/wp-json\/wp\/v2\/users\/1"}],"replies":[{"embeddable":true,"href":"https:\/\/la-presse-anarchiste.net\/index.php\/wp-json\/wp\/v2\/comments?post=738"}],"version-history":[{"count":0,"href":"https:\/\/la-presse-anarchiste.net\/index.php\/wp-json\/wp\/v2\/posts\/738\/revisions"}],"wp:attachment":[{"href":"https:\/\/la-presse-anarchiste.net\/index.php\/wp-json\/wp\/v2\/media?parent=738"}],"wp:term":[{"taxonomy":"category","embeddable":true,"href":"https:\/\/la-presse-anarchiste.net\/index.php\/wp-json\/wp\/v2\/categories?post=738"},{"taxonomy":"post_tag","embeddable":true,"href":"https:\/\/la-presse-anarchiste.net\/index.php\/wp-json\/wp\/v2\/tags?post=738"},{"taxonomy":"author","embeddable":true,"href":"https:\/\/la-presse-anarchiste.net\/index.php\/wp-json\/wp\/v2\/ppma_author?post=738"}],"curies":[{"name":"wp","href":"https:\/\/api.w.org\/{rel}","templated":true}]}}