{"id":747,"date":"2007-08-24T01:17:54","date_gmt":"2007-08-24T01:17:54","guid":{"rendered":"https:\/\/la-presse-anarchiste.net\/index.php\/2007\/08\/24\/periodiques-6\/"},"modified":"2007-08-24T01:17:54","modified_gmt":"2007-08-24T01:17:54","slug":"periodiques-6","status":"publish","type":"post","link":"https:\/\/la-presse-anarchiste.net\/index.php\/2007\/08\/24\/periodiques-6\/","title":{"rendered":"P\u00e9riodiques"},"content":{"rendered":"<div class=\"pdfprnt-buttons pdfprnt-buttons-post pdfprnt-top-right\"><a href=\"https:\/\/la-presse-anarchiste.net\/index.php\/wp-json\/wp\/v2\/posts\/747?print=pdf\" class=\"pdfprnt-button pdfprnt-button-pdf\" target=\"_blank\"><img decoding=\"async\" src=\"https:\/\/la-presse-anarchiste.net\/wp-content\/plugins\/pdf-print\/images\/pdf.png\" alt=\"image_pdf\" title=\"Afficher le PDF\"><\/a><a href=\"https:\/\/la-presse-anarchiste.net\/index.php\/wp-json\/wp\/v2\/posts\/747?print=print\" class=\"pdfprnt-button pdfprnt-button-print\" target=\"_blank\"><img decoding=\"async\" src=\"https:\/\/la-presse-anarchiste.net\/wp-content\/plugins\/pdf-print\/images\/print.png\" alt=\"image_print\" title=\"Contenu imprim\u00e9\"><\/a><\/div><div align=\"justify\">\n<div style=\"text-indent: 1cm\">\n<p>\u00ab&nbsp;Les Cahiers de l\u2019Artisan&nbsp;\u00bb (nos 23 et 24) ont don\u00adn\u00e9 deux incom\u00adpa\u00adrables s\u00e9ries de notes de Gio\u00adno sur les gens de l\u2019affaire Domi\u00adni\u00adci. Il faut lire cela. Et com\u00adment ne pas regret\u00adter un peu qu\u2019avant d\u2019\u00e9crire son livre, d\u2019ailleurs plein de choses per\u00adti\u00adnentes, sur la France (\u00ab&nbsp;\u00c0 l\u2019heure de son clo\u00adcher&nbsp;\u00bb, dont nous parle ci-des\u00adsus Robert Proix), L\u00fcthy n\u2019ait pas connu quelques t\u00e9moins de la vie fran\u00ad\u00e7aise dans le genre du Gio\u00adno de ces notes-ci&nbsp;? Dans l\u2019\u00ab&nbsp;Una\u00adme\u00adri\u00adcan way of life&nbsp;\u00bb, il n\u2019y a pas que du poujadisme.<\/p>\n<p><\/p><center>\n<h3>*  *  *  *<\/h3>\n<p><\/p><\/center><br>\n<br>\nDu pou\u00adja\u00addisme, il y en a mal\u00adheu\u00adreu\u00adse\u00adment, car c\u2019est le plus grave, dans l\u2019intelligentsia fran\u00ad\u00e7aise, si l\u2019on appelle pou\u00adja\u00addisme ou qua\u00adlun\u00adquisme \u00ab&nbsp;intel\u00adlec\u00adtuel&nbsp;\u00bb le confu\u00adsion\u00adnisme nour\u00adri des vieilles cat\u00e9\u00adgo\u00adries. Je songe ici au livre de Mer\u00adleau-Pon\u00adty sur \u00ab&nbsp;les Aven\u00adtures de la dia\u00adlec\u00adtique&nbsp;\u00bb, o\u00f9, d\u2019apr\u00e8s ce que j\u2019en ai pu savoir de seconde main (j\u2019esp\u00e8re y reve\u00adnir apr\u00e8s lec\u00adture de l\u2019ouvrage), ce pen\u00adseur si intel\u00adli\u00adgent se donne un mal du diable pour oublier h\u00e9g\u00e9\u00adlia\u00adnisme et exis\u00adten\u00adtia\u00adlisme sor\u00adbon\u00adnards, \u2013 et aus\u00adsi \u00e0 l\u2019article, tr\u00e8s remar\u00adqua\u00adble\u00adment \u00e9crit d\u2019ailleurs, que Mau\u00adrice Nadeau, cet homme si int\u00e8gre et si s\u00e9rieux, vient de consa\u00adcrer dans \u00ab&nbsp;les Lettres nou\u00advelles&nbsp;\u00bb de juin \u00e0 la fois au bou\u00adquin de Mer\u00adleau-Pon\u00adty et \u00e0 l\u2019essai de Ray\u00admond Aron inti\u00adtu\u00adl\u00e9 \u00ab&nbsp;l\u2019Opium des intel\u00adlec\u00adtuels&nbsp;\u00bb. Nadeau tient abso\u00adlu\u00adment \u00e0 ce que le tota\u00adli\u00adta\u00adrisme sta\u00adli\u00adnien soit de \u00ab&nbsp;gauche&nbsp;\u00bb. Ce pauvre Lucien Bona\u00adparte qui n\u2019avait pas com\u00adpris que la c\u00e9r\u00e9\u00admo\u00adnie du sacre de Napo\u00adl\u00e9on \u00e0 Notre-Dame \u00e9tait une mani\u00adfes\u00adta\u00adtion de gauche, elle aus\u00adsi\u2026 Pour se rendre compte de la fa\u00e7on dont un esprit d\u00e9ga\u00adg\u00e9 des erreurs tra\u00addi\u00adtion\u00adnelles et autre\u00adment li\u00e9 \u00e0 la cause concr\u00e8te des oppri\u00adm\u00e9s, peut par\u00adler sans pr\u00e9\u00adju\u00adg\u00e9s d\u2019un ouvrage aus\u00adsi intel\u00adli\u00adgent que celui de Ray\u00admond Aron (je compte aus\u00adsi y reve\u00adnir), il n\u2019est que de lire le compte ren\u00addu qu\u2019en a don\u00adn\u00e9 Louis Mer\u00adcier dans \u00ab&nbsp;la R\u00e9vo\u00adlu\u00adtion pro\u00adl\u00e9\u00adta\u00adrienne&nbsp;\u00bb, \u00e9ga\u00adle\u00adment de juin, qui ne refuse pas le dia\u00adlogue avec le scep\u00adti\u00adcisme aris\u00adto\u00adcra\u00adtique du pres\u00adti\u00adgieux essayiste, tout en main\u00adte\u00adnant, en dehors de toutes consi\u00add\u00e9\u00adra\u00adtions d\u2019\u00e9tiquette gau\u00adch\u00e8re ou autre, les vrais imp\u00e9\u00adra\u00adtifs que dicte la soli\u00adda\u00adri\u00adt\u00e9 avec les d\u00e9sh\u00e9\u00adri\u00adt\u00e9s de ce&nbsp;monde.\n<p><\/p><center>\n<h3>*  *  *  *<\/h3>\n<p><\/p><\/center><br>\n<br>\nD\u00e8s notre num\u00e9\u00adro 2, je signa\u00adlais, apr\u00e8s quelques autres, la menace d\u2019une \u00e9ven\u00adtuelle \u00ab&nbsp;op\u00e9\u00adra\u00adtion Fran\u00adco&nbsp;\u00bb qui pour\u00adrait bien un jour \u00eatre d\u00e9clen\u00adch\u00e9e, de l\u2019Afrique du Nord sous contr\u00f4le fran\u00ad\u00e7ais, vers la m\u00e9tro\u00adpole. Je vou\u00addrais bien \u00eatre mieux d\u00e9men\u00adti par les faits. H\u00e9las, les \u00e9v\u00e9\u00adne\u00adments se pr\u00e9\u00adci\u00adpitent, et nous ris\u00adquons fort d\u2019assister demain ou \u00e0 une s\u00e9ces\u00adsion \u00ab&nbsp;sudiste&nbsp;\u00bb ou m\u00eame \u00e0 une prise de pos\u00adses\u00adsion de la France tout enti\u00e8re par cer\u00adtain ca\u00efd dont on mur\u00admure le nom. (L\u00e0-bas, on ne fait pas que le mur\u00admu\u00adrer.) Il me semble que la docu\u00admen\u00adta\u00adtion la plus exacte, la plus hon\u00adn\u00eate que nous ayons pu lire dans la presse est l\u2019enqu\u00eate publi\u00e9e dans \u00ab&nbsp;l\u2019Express&nbsp;\u00bb du 4 juin par Jean Daniel, sous le titre de \u00ab&nbsp;Voyage \u00e0 tra\u00advers la peur, en Alg\u00e9\u00adrie&nbsp;\u00bb. Dans le cha\u00adpeau, J.Daniel explique&nbsp;: \u00ab&nbsp;Je suis Alg\u00e9\u00adrien et je n\u2019ai jamais pu me d\u00e9fendre d\u2019un cer\u00adtain malaise devant les posi\u00adtions cat\u00e9\u00adgo\u00adriques d\u2019observateurs trop ext\u00e9\u00adrieurs&nbsp;: les options leur \u00e9taient l\u00e9g\u00e8res et les condam\u00adna\u00adtions faciles.&nbsp;\u00bb L\u2019appel aux solu\u00adtions de bon sens sug\u00adg\u00e9\u00adr\u00e9es par ce fils de la terre afri\u00adcaine n\u2019en prend que plus de poids. H\u00e9las, chaque jour qui s\u2019ajoute aux autres jours, avec sa ration de nou\u00advelles tra\u00adgiques, fait qu\u2019on en arrive \u00e0 se deman\u00adder de plus en plus anxieu\u00adse\u00adment&nbsp;: n\u2019est-il pas trop&nbsp;tard&nbsp;?\n<p><\/p><center>\n<h3>*  *  *  *<\/h3>\n<p><\/p><\/center><br>\n<br>\nUn tr\u00e8s bon num\u00e9\u00adro de \u00ab&nbsp;Pen\u00ads\u00e9e et Action&nbsp;\u00bb (Bruxelles) est consa\u00adcr\u00e9 \u00e0 la m\u00e9moire d\u2019Ernestan (\u00ab&nbsp;Ernes\u00adtan, 1894\u200a\u2013\u200a1954 et le socia\u00adlisme liber\u00adtaire&nbsp;\u00bb), grande et belle figure du mou\u00adve\u00adment liber\u00adtaire inter\u00adna\u00adtio\u00adnal. On com\u00adprend la fid\u00e9\u00adli\u00adt\u00e9 qui a fait repro\u00adduire \u00e0 nos cama\u00adrades, en fin de bro\u00adchure, le texte du dis\u00adpa\u00adru, d\u00e9j\u00e0 publi\u00e9 en 1938, inti\u00adtu\u00adl\u00e9 \u00ab&nbsp;La fin de la guerre&nbsp;\u00bb \u2013 mais com\u00adment le lire aujourd\u2019hui avec les m\u00eames yeux, sur\u00adtout si l\u2019on tient compte de l\u2019\u00e9volution qu\u2019Ernestan, rom\u00adpant avec le \u00ab&nbsp;paci\u00adfisme abso\u00adlu&nbsp;\u00bb que lui avaient d\u00e9sap\u00adpris les deux tota\u00adli\u00adta\u00adrimes (le nazi, dont il fut le pri\u00adson\u00adnier, et le sta\u00adli\u00adnisme omni\u00adme\u00adna\u00ad\u00e7ant), accep\u00adta de faire sienne au cours de ces der\u00adni\u00e8res ann\u00e9es&nbsp;? Bien que pre\u00adnant une posi\u00adtion toute dif\u00adf\u00e9\u00adrente, Andr\u00e9 Prud\u00adhom\u00admeaux, en de tr\u00e8s beaux \u00ab&nbsp;Sou\u00adve\u00adnirs&nbsp;\u00bb, \u00e9voque luci\u00adde\u00adment cette dou\u00adlou\u00adreuse muta\u00adtion qui plus ou moins nous tra\u00advaille tous\u2026\n<p><\/p><center>\n<h3>*  *  *  *<\/h3>\n<p><\/p><\/center><br>\n<br>\n\u00c0 pro\u00adpos de la d\u00e9mo\u00adcra\u00adtie ouvri\u00e8re en You\u00adgo\u00adsla\u00advie et de l\u2019affaire Djillas, \u00ab&nbsp;la R\u00e9vo\u00adlu\u00adtion pro\u00adl\u00e9\u00adta\u00adrienne&nbsp;\u00bb d\u2019avril rap\u00adporte, dans un compte ren\u00addu d\u2019une r\u00e9union du cercle Zim\u00admer\u00adwald, les remarques sui\u00advantes de Gus\u00adtave Stern, qui jettent un jour curieux sur le socia\u00adlisme dans la d\u00e9mo\u00adcra\u00adtie suisse, la plus ancienne du globe&nbsp;: \u00ab&nbsp;Stern, lisons-nous,\u2026 reproche aux par\u00adtis socia\u00adlistes du monde leur indif\u00adf\u00e9\u00adrence \u00e0 l\u2019\u00e9gard de l\u2019affaire Djillas et cite le par\u00adti socia\u00adliste suisse qui, par la voix de Jules Hum\u00adbert-Droz, a m\u00eame pris posi\u00adtion, en cette affaire, pour Tito\u2026&nbsp;\u00bb \u2013 Le m\u00eame compte ren\u00addu donne aus\u00adsi un r\u00e9su\u00adm\u00e9 de d\u00e9cla\u00adra\u00adtions de Monatte, qui n\u2019ont rien per\u00addu de leur por\u00adt\u00e9e, \u00e0 pro\u00adpos de la d\u00e9mis\u00adsion de Mal\u00aden\u00adkov&nbsp;: \u00ab&nbsp;Diverses hypo\u00adth\u00e8ses ont \u00e9t\u00e9 \u00e9mises. Un nigaud comme Claude Bour\u00addet a pr\u00e9\u00adsen\u00adt\u00e9 Mal\u00aden\u00adkov comme l\u2019homme de la conci\u00adlia\u00adtion avec l\u2019Ouest, donc froi\u00adde\u00adment sacri\u00adfi\u00e9 par les hommes d\u2019\u00c9tat atlan\u00adtiques. Le gaul\u00adliste Palews\u00adki a dit \u00e0 peu pr\u00e8s la m\u00eame b\u00eatise. On a par\u00adl\u00e9 aus\u00adsi des rap\u00adports entre la Chine et la Rus\u00adsie. Une hypo\u00adth\u00e8se a \u00e9t\u00e9 oubli\u00e9e, la plus plau\u00adsible. La Rus\u00adsie, depuis la dis\u00adpa\u00adri\u00adtion de Sta\u00adline, est dans l\u2019attente fi\u00e9\u00advreuse d\u2019une am\u00e9\u00adlio\u00adra\u00adtion de son sort, d\u2019une lib\u00e9\u00adra\u00adtion du tota\u00adli\u00adta\u00adrisme qui l\u2019\u00e9crase. La pres\u00adsion ouvri\u00e8re, qui pro\u00advo\u00adqua les gr\u00e8ves de juin [19]53 en Alle\u00admagne et en Tch\u00e9\u00adco\u00adslo\u00adva\u00adquie, puis celle de Vor\u00adkou\u00adta, conti\u00adnue \u00e0 s\u2019exercer. Le cou\u00advercle de la mar\u00admite russe va-t-il sau\u00adter&nbsp;? Esp\u00e9\u00adrons-le. Mais il ne faut pas exclure une autre \u00e9ven\u00adtua\u00adli\u00adt\u00e9. Les r\u00e9gimes capi\u00adta\u00adlistes, pour \u00e9chap\u00adper \u00e0 la r\u00e9vo\u00adlu\u00adtion, recourent \u00e0 la guerre&nbsp;: le r\u00e9gime tota\u00adli\u00adtaire russe n\u2019en fera-t-il pas autant&nbsp;?&nbsp;\u00bb\n<p><\/p><center>\n<h3>*  *  *  *<\/h3>\n<p><\/p><\/center><br>\n<br>\nDans \u00ab&nbsp;l\u2019Ouvrier libre&nbsp;\u00bb de mai-juin-juillet, Hel\u00admut R\u00fcdi\u00adger, col\u00adla\u00adbo\u00adra\u00adteur du quo\u00adti\u00addien su\u00e9\u00addois \u00ab&nbsp;Dag\u00adstin\u00adgen&nbsp;\u00bb (Stock\u00adholm), et qui, en deux beaux articles, a t\u00e9moi\u00adgn\u00e9 d\u2019une com\u00adpr\u00e9\u00adhen\u00adsion si r\u00e9con\u00adfor\u00adtante de la per\u00adson\u00adna\u00adli\u00adt\u00e9 de Brup\u00adba\u00adcher et de notre ten\u00adta\u00adtive \u00e0 \u00ab&nbsp;T\u00e9moins&nbsp;\u00bb, a publi\u00e9, en col\u00adla\u00adbo\u00adra\u00adtion avec Ernst Arvid\u00adson, une tr\u00e8s int\u00e9\u00adres\u00adsante \u00e9tude sur \u00ab&nbsp;Le Syn\u00addi\u00adca\u00adlisme liber\u00adtaire en Su\u00e8de&nbsp;\u00bb, adap\u00adta\u00adtion abr\u00e9\u00adg\u00e9e de l\u2019excellent f\u00e9d\u00e9\u00adra\u00adliste Andr\u00e9 A. de la Far. Que voi\u00adl\u00e0 bien une atmo\u00adsph\u00e8re d\u00e9pour\u00advue de tout \u00ab&nbsp;pou\u00adja\u00addisme&nbsp;\u00bb intel\u00adlec\u00adtuel, de tout ver\u00adba\u00adlisme, de tout sou\u00adci d\u2019\u00e9tiquettes. Ain\u00adsi&nbsp;: approu\u00advons (avec toutes les r\u00e9serves qui s\u2019imposent et \u00e0 faire valoir quand se pour\u00adra) les com\u00admen\u00adce\u00adments d\u2019int\u00e9gration inter\u00adna\u00adtio\u00adnale, m\u00eame si les par\u00adtis \u00ab&nbsp;socia\u00adlistes&nbsp;\u00bb, qui ont tota\u00adle\u00adment d\u00e9mis\u00adsion\u00adn\u00e9 sur ce point, en laissent l\u2019initiative \u00e0 la \u00ab&nbsp;droite&nbsp;\u00bb. Ain\u00adsi \u00e9ga\u00adle\u00adment, sans mes\u00adsia\u00adnisme des crises, fai\u00adsons du bon tra\u00advail pour les ouvriers de la base, coges\u00adtion et non natio\u00adna\u00adli\u00adsa\u00adtion, etc. \u2013 Un point lais\u00adse\u00adra r\u00eaveur le lec\u00adteur fran\u00ad\u00e7ais&nbsp;: pour \u00e9vi\u00adter que la conver\u00adsion des b\u00e9n\u00e9\u00adfices en salaires accrus ne fasse mon\u00adter les prix, une par\u00adtie des cama\u00adrades su\u00e9\u00addois pr\u00e9\u00adco\u00adnisent que les ouvriers devraient, au moins un temps, ne pas d\u00e9pen\u00adser imm\u00e9\u00addia\u00adte\u00adment les aug\u00admen\u00adta\u00adtions obte\u00adnues, mais les trans\u00adfor\u00admer en \u00e9pargne (p. 14). Rien peut-\u00eatre, dans les condi\u00adtions de l\u00e0-bas, n\u2019est plus sage. Mais je n\u2019ai pu m\u2019emp\u00eacher de son\u00adger aux dia\u00adtribes du P\u00e9guy de L\u2019Argent contre cette source de tous les embour\u00adgeoi\u00adse\u00adments, le livret de caisse d\u2019\u00e9pargne\u2026 Le mou\u00adve\u00adment spon\u00adta\u00adn\u00e9 qui me fait sur ce point sen\u00adtir comme P\u00e9guy prouve peut-\u00eatre seule\u00adment que nous avons encore, nous autres des pays latins, moins \u00e9vo\u00adlu\u00e9s, beau\u00adcoup \u00e0 apprendre. Je signa\u00adle\u00adrai en outre que nos cama\u00adrades su\u00e9\u00addois publient un bul\u00adle\u00adtin bimen\u00adsuel, \u00ab&nbsp;Infor\u00adma\u00adtions&nbsp;\u00bb, \u00e9di\u00adt\u00e9 par la SAC, extr\u00ea\u00adme\u00adment bien fait et r\u00e9di\u00adg\u00e9 en un fran\u00ad\u00e7ais presque tou\u00adjours cor\u00adrect, en tout cas tou\u00adjours&nbsp;clair.\n<p>[\/S.\/]<\/p>\n<\/div>\n<\/div>\n","protected":false},"excerpt":{"rendered":"<p>\u00ab&nbsp;Les Cahiers de l\u2019Artisan&nbsp;\u00bb (nos 23 et 24) ont don\u00adn\u00e9 deux incom\u00adpa\u00adrables s\u00e9ries de notes de Gio\u00adno sur les gens de l\u2019affaire Domi\u00adni\u00adci. Il faut lire cela. Et com\u00adment ne pas regret\u00adter un peu qu\u2019avant d\u2019\u00e9crire son livre, d\u2019ailleurs plein de choses per\u00adti\u00adnentes, sur la France (\u00ab&nbsp;\u00c0 l\u2019heure de son clo\u00adcher&nbsp;\u00bb, dont nous parle ci-dessus&nbsp;[\u2026]<\/p>\n","protected":false},"author":1,"featured_media":0,"comment_status":"closed","ping_status":"closed","sticky":false,"template":"","format":"standard","meta":{"wp_typography_post_enhancements_disabled":false,"footnotes":""},"categories":[87],"tags":[],"ppma_author":[540],"class_list":["post-747","post","type-post","status-publish","format-standard","hentry","category-temoins-n9-ete-1955"],"authors":[{"term_id":540,"user_id":1,"is_guest":0,"slug":"admin_3gikpwyf","display_name":"Vincent Dubuc","avatar_url":"https:\/\/secure.gravatar.com\/avatar\/d015720652c25fd2ced191ade86430094e1f288a17483713e3b34d26dea52507?s=96&d=mm&r=g","author_category":"","user_url":"https:\/\/la-presse-anarchiste.net","last_name":"Dubuc","first_name":"Vincent","job_title":"","description":""}],"_links":{"self":[{"href":"https:\/\/la-presse-anarchiste.net\/index.php\/wp-json\/wp\/v2\/posts\/747","targetHints":{"allow":["GET"]}}],"collection":[{"href":"https:\/\/la-presse-anarchiste.net\/index.php\/wp-json\/wp\/v2\/posts"}],"about":[{"href":"https:\/\/la-presse-anarchiste.net\/index.php\/wp-json\/wp\/v2\/types\/post"}],"author":[{"embeddable":true,"href":"https:\/\/la-presse-anarchiste.net\/index.php\/wp-json\/wp\/v2\/users\/1"}],"replies":[{"embeddable":true,"href":"https:\/\/la-presse-anarchiste.net\/index.php\/wp-json\/wp\/v2\/comments?post=747"}],"version-history":[{"count":0,"href":"https:\/\/la-presse-anarchiste.net\/index.php\/wp-json\/wp\/v2\/posts\/747\/revisions"}],"wp:attachment":[{"href":"https:\/\/la-presse-anarchiste.net\/index.php\/wp-json\/wp\/v2\/media?parent=747"}],"wp:term":[{"taxonomy":"category","embeddable":true,"href":"https:\/\/la-presse-anarchiste.net\/index.php\/wp-json\/wp\/v2\/categories?post=747"},{"taxonomy":"post_tag","embeddable":true,"href":"https:\/\/la-presse-anarchiste.net\/index.php\/wp-json\/wp\/v2\/tags?post=747"},{"taxonomy":"author","embeddable":true,"href":"https:\/\/la-presse-anarchiste.net\/index.php\/wp-json\/wp\/v2\/ppma_author?post=747"}],"curies":[{"name":"wp","href":"https:\/\/api.w.org\/{rel}","templated":true}]}}