{"id":749,"date":"2007-08-24T10:05:01","date_gmt":"2007-08-24T10:05:01","guid":{"rendered":"https:\/\/la-presse-anarchiste.net\/index.php\/2007\/08\/24\/lectures-26\/"},"modified":"2007-08-24T10:05:01","modified_gmt":"2007-08-24T10:05:01","slug":"lectures-26","status":"publish","type":"post","link":"https:\/\/la-presse-anarchiste.net\/index.php\/2007\/08\/24\/lectures-26\/","title":{"rendered":"Lectures"},"content":{"rendered":"<div class=\"pdfprnt-buttons pdfprnt-buttons-post pdfprnt-top-right\"><a href=\"https:\/\/la-presse-anarchiste.net\/index.php\/wp-json\/wp\/v2\/posts\/749?print=pdf\" class=\"pdfprnt-button pdfprnt-button-pdf\" target=\"_blank\"><img decoding=\"async\" src=\"https:\/\/la-presse-anarchiste.net\/wp-content\/plugins\/pdf-print\/images\/pdf.png\" alt=\"image_pdf\" title=\"Afficher le PDF\"><\/a><a href=\"https:\/\/la-presse-anarchiste.net\/index.php\/wp-json\/wp\/v2\/posts\/749?print=print\" class=\"pdfprnt-button pdfprnt-button-print\" target=\"_blank\"><img decoding=\"async\" src=\"https:\/\/la-presse-anarchiste.net\/wp-content\/plugins\/pdf-print\/images\/print.png\" alt=\"image_print\" title=\"Contenu imprim\u00e9\"><\/a><\/div><p class=\"post_excerpt\">Her\u00adbert L\u00fcthy, \u00ab&nbsp;\u00c0 l\u2019heure de son clo\u00adcher&nbsp;\u00bb, Calmann-L\u00e9vy<\/p>\n<p><!--more--><\/p>\n<div align=\"justify\">\n<div style=\"text-indent: 1cm\">\n<p>M.&nbsp;L\u00fcthy nous informe, dans sa post\u00adface, que son \u00ab&nbsp;tableau de la France&nbsp;\u00bb date du prin\u00adtemps et de l\u2019\u00e9t\u00e9 1953. C\u2019est dire qu\u2019au moment o\u00f9 il met\u00adtait la der\u00adni\u00e8re main \u00e0 son ouvrage, la \u00ab&nbsp;pou\u00adja\u00adde\u00adrie&nbsp;\u00bb ne s\u2019\u00e9tait pas encore mani\u00adfes\u00adt\u00e9e. Dom\u00admage, car il aurait pu ajou\u00adter \u00e0 cette \u00e9tude si judi\u00adcieu\u00adse\u00adment s\u00e9v\u00e8re un cha\u00adpitre au moins aus\u00adsi concluant que les pages qu\u2019il consacre en der\u00adni\u00e8re heure \u00e0 l\u2019exp\u00e9rience Mend\u00e8s-France.<\/p>\n<p>J\u2019entends dire&nbsp;: \u00ab&nbsp;Il est regret\u00adtable que ce tra\u00advail soit l\u2019\u0153uvre d\u2019un \u00e9tran\u00adger, et, qui plus est, d\u2019un \u00e9tran\u00adger que notre pays accueillit tou\u00adjours avec cor\u00addia\u00adli\u00adt\u00e9, en la per\u00adsonne des repr\u00e9\u00adsen\u00adtants les plus \u00e9clai\u00adr\u00e9s de la pen\u00ads\u00e9e fran\u00ad\u00e7aise.&nbsp;\u00bb Or qui, par\u00admi nos intel\u00adlec\u00adtuels, se juge qua\u00adli\u00adfi\u00e9 pour atti\u00adrer l\u2019attention du monde sur la d\u00e9cr\u00e9\u00adpi\u00adtude de nos ins\u00adti\u00adtu\u00adtions, sinon quelques liber\u00adtaires que l\u2019on prend volon\u00adtiers pour des far\u00adfe\u00adlus et que per\u00adsonne ne lira jamais&nbsp;?<\/p>\n<p>Il conve\u00adnait, je crois, que cette t\u00e2che f\u00fbt entre\u00adprise par un de nos voi\u00adsins, suf\u00adfi\u00adsam\u00adment clair\u00advoyant et neutre pour que son \u00e9tude ne puisse \u00eatre tax\u00e9e de par\u00adtia\u00adli\u00adt\u00e9 et soit en mesure de tou\u00adcher un vaste public. Le proche ave\u00adnir nous dira si M.&nbsp;L\u00fcthy a obte\u00adnu l\u2019audience qu\u2019il m\u00e9rite.<\/p>\n<p>En tout cas, l\u2019image qu\u2019il nous pro\u00adpose de notre pays, image poli\u00adtique, image \u00e9co\u00adno\u00admique, est trop convain\u00adcante pour que nous nous per\u00admet\u00adtions de nous ins\u00adcrire en faux contre ses asser\u00adtions. Quand il constate que rien ne menace plus notre r\u00e9pu\u00adblique que \u00ab&nbsp;sa propre impuis\u00adsance&nbsp;\u00bb&nbsp;; quand il remarque que notre pays est \u00ab&nbsp;fon\u00adci\u00e8\u00adre\u00adment conser\u00adva\u00adteur sous des dehors r\u00e9vo\u00adlu\u00adtion\u00adnaires&nbsp;\u00bb et que, chez nous, \u00ab&nbsp;la r\u00e9pu\u00adblique r\u00e8gne, mais ne gou\u00adverne pas&nbsp;\u00bb, il nous faut bien recon\u00adna\u00eetre qu\u2019il voit&nbsp;juste.<\/p>\n<p>En mar\u00adquant l\u2019antagonisme fon\u00adcier qui oppose en France l\u2019administration archa\u00efque, rou\u00adti\u00adni\u00e8re, aveugle, et l\u2019appareil \u00e9co\u00adno\u00admi\u00adco-poli\u00adtique, M.&nbsp;L\u00fcthy met l\u2019accent sur les causes pro\u00adfondes de la scl\u00e9\u00adrose dont nous souf\u00adfrons. Car le ph\u00e9\u00adno\u00adm\u00e8ne qui lui appa\u00adra\u00eet le plus clai\u00adre\u00adment est que cette cat\u00e9\u00adgo\u00adrie de l\u00e9gistes bour\u00adgeois qui d\u00e9tient les leviers de com\u00admande des\u00adcend en droite ligne de celle qui, sous l\u2019ancien r\u00e9gime, admi\u00adnis\u00adtrait d\u00e9j\u00e0 le pays. Et il \u00e9crit fort per\u00adti\u00adnem\u00adment&nbsp;: \u00ab&nbsp;Nulle part l\u2019<em>homo \u0153co\u00adno\u00admi\u00adcus<\/em> de la th\u00e9o\u00adrie lib\u00e9\u00adrale n\u2019est moins \u00e0 sa place qu\u2019en France et nulle part les lois \u00e9co\u00adno\u00admiques n\u2019y sont aus\u00adsi com\u00adpl\u00e8\u00adte\u00adment m\u00e9con\u00adnues. C\u2019est en don\u00adnant le pas \u00e0 l\u2019administration sur l\u2019entrepreneur, \u00e0 l\u2019esprit de cote\u00adrie sur le prin\u00adcipe de la libre concur\u00adrence, \u00e0 la tra\u00addi\u00adtion sur l\u2019initiative, en intro\u00adni\u00adsant la rou\u00adtine, le pri\u00advi\u00adl\u00e8ge et la situa\u00adtion acquise que la France s\u2019est fait la vie qu\u2019elle conna\u00eet aujourd\u2019hui.&nbsp;\u00bb<\/p>\n<p>Telle est en effet, par\u00adfai\u00adte\u00adment syn\u00adth\u00e9\u00adti\u00ads\u00e9e, la conduite des affaires chez le peuple long\u00adtemps r\u00e9pu\u00adt\u00e9 le plus spi\u00adri\u00adtuel de la terre\u2026&nbsp;! Que l\u2019on exa\u00admine les rela\u00adtions ext\u00e9\u00adrieures, la poli\u00adtique colo\u00adniale, les pro\u00adbl\u00e8mes de la construc\u00adtion et de la fis\u00adca\u00adli\u00adt\u00e9&nbsp;; que l\u2019on explore les domaines d\u2019une \u00e9thique o\u00f9 l\u2019\u00e9go\u00efsme petit-bour\u00adgeois laisse une empreinte chaque jour plus pro\u00adfonde, la consta\u00adta\u00adtion s\u2019impose que nulle solu\u00adtion vaste et salu\u00adtaire n\u2019est d\u00e9sor\u00admais \u00e0 la por\u00adt\u00e9e d\u2019une nation \u00e0 peu pr\u00e8s tota\u00adle\u00adment d\u00e9missionnaire.<\/p>\n<p>Mais M.&nbsp;L\u00fcthy vou\u00addra bien m\u2019excuser de ne plus le suivre lorsqu\u2019il \u00e9crit&nbsp;: \u00ab&nbsp;Depuis des dizaines d\u2019ann\u00e9es, la France n\u2019est pas gou\u00adver\u00adn\u00e9e, mais admi\u00adnis\u00adtr\u00e9e. N\u2019est-ce pas le triomphe de la vieille uto\u00adpie anar\u00adchique de la mort de l\u2019\u00c9tat, qui cesse de r\u00e9gir les hommes pour ne plus admi\u00adnis\u00adtrer que des choses&nbsp;?&nbsp;\u00bb Qu\u2019est-ce \u00e0 dire (et c\u2019est bien d\u2019ailleurs ce que l\u2019auteur nous sou\u00adhaite), sinon qu\u2019il s\u2019agit avant tout de \u00ab&nbsp;gou\u00adver\u00adner les hommes&nbsp;\u00bb, de res\u00adsus\u00adci\u00adter un \u00c9tat fort, hi\u00e9\u00adrar\u00adchi\u00ads\u00e9, pr\u00e9\u00adoc\u00adcu\u00adp\u00e9 de gran\u00addeur et de pres\u00adtige, et lais\u00adsant \u00e0 des oli\u00adgar\u00adchies sp\u00e9\u00adcia\u00adli\u00ads\u00e9es le soin de conduire \u00e0 leur guise \u00ab&nbsp;l\u2019administration des choses&nbsp;\u00bb&nbsp;? Ce son de cloche, nous l\u2019avons d\u00e9j\u00e0 suf\u00adfi\u00adsam\u00adment enten\u00addu. Et quelque admi\u00adra\u00adtion que pro\u00adfesse M.&nbsp;L\u00fcthy pour les tech\u00adno\u00adcrates qu\u2019il fr\u00e9\u00adquente, quelque m\u00e9pris \u2013 l\u00e9gi\u00adtime \u2013 que lui ins\u00adpirent les \u00ab&nbsp;petits hommes poli\u00adtiques&nbsp;\u00bb fran\u00ad\u00e7ais, nous conti\u00adnue\u00adrons \u00e0 lui oppo\u00adser qu\u2019une admi\u00adnis\u00adtra\u00adtion coop\u00e9\u00adra\u00adtive des choses doit prendre le pas sur un gou\u00adver\u00adne\u00adment dont les hommes n\u2019ont depuis long\u00adtemps plus besoin&nbsp;: il leur manque seule\u00adment d\u2019en acqu\u00e9\u00adrir la cer\u00adti\u00adtude. Un ouvrage tel que celui de M.&nbsp;L\u00fcthy, lu avec suf\u00adfi\u00adsam\u00adment de sens cri\u00adtique, peut contri\u00adbuer \u00e0 les y enga\u00adger, et il faut sou\u00adhai\u00adter qu\u2019il soit bien\u00adt\u00f4t entre les mains de tous les Fran\u00ad\u00e7ais que n\u2019aveugle aucun pr\u00e9\u00adju\u00adg\u00e9 de natio\u00adna\u00adlisme p\u00e9ri\u00adm\u00e9 et qui s\u2019efforcent de voir clair dans le des\u00adtin de leur&nbsp;pays.<\/p>\n<p>[\/\u200bR. <sc>Proix<\/sc>\/\u200b]\n<\/p><\/div>\n<\/div>\n","protected":false},"excerpt":{"rendered":"<p>Her\u00adbert L\u00fcthy, \u00ab&nbsp;\u00c0 l\u2019heure de son clo\u00adcher&nbsp;\u00bb, Calmann-L\u00e9vy<\/p>\n","protected":false},"author":1,"featured_media":0,"comment_status":"closed","ping_status":"closed","sticky":false,"template":"","format":"standard","meta":{"wp_typography_post_enhancements_disabled":false,"footnotes":""},"categories":[87],"tags":[],"ppma_author":[540],"class_list":["post-749","post","type-post","status-publish","format-standard","hentry","category-temoins-n9-ete-1955"],"authors":[{"term_id":540,"user_id":1,"is_guest":0,"slug":"admin_3gikpwyf","display_name":"Vincent Dubuc","avatar_url":"https:\/\/secure.gravatar.com\/avatar\/d015720652c25fd2ced191ade86430094e1f288a17483713e3b34d26dea52507?s=96&d=mm&r=g","author_category":"","user_url":"https:\/\/la-presse-anarchiste.net","last_name":"Dubuc","first_name":"Vincent","job_title":"","description":""}],"_links":{"self":[{"href":"https:\/\/la-presse-anarchiste.net\/index.php\/wp-json\/wp\/v2\/posts\/749","targetHints":{"allow":["GET"]}}],"collection":[{"href":"https:\/\/la-presse-anarchiste.net\/index.php\/wp-json\/wp\/v2\/posts"}],"about":[{"href":"https:\/\/la-presse-anarchiste.net\/index.php\/wp-json\/wp\/v2\/types\/post"}],"author":[{"embeddable":true,"href":"https:\/\/la-presse-anarchiste.net\/index.php\/wp-json\/wp\/v2\/users\/1"}],"replies":[{"embeddable":true,"href":"https:\/\/la-presse-anarchiste.net\/index.php\/wp-json\/wp\/v2\/comments?post=749"}],"version-history":[{"count":0,"href":"https:\/\/la-presse-anarchiste.net\/index.php\/wp-json\/wp\/v2\/posts\/749\/revisions"}],"wp:attachment":[{"href":"https:\/\/la-presse-anarchiste.net\/index.php\/wp-json\/wp\/v2\/media?parent=749"}],"wp:term":[{"taxonomy":"category","embeddable":true,"href":"https:\/\/la-presse-anarchiste.net\/index.php\/wp-json\/wp\/v2\/categories?post=749"},{"taxonomy":"post_tag","embeddable":true,"href":"https:\/\/la-presse-anarchiste.net\/index.php\/wp-json\/wp\/v2\/tags?post=749"},{"taxonomy":"author","embeddable":true,"href":"https:\/\/la-presse-anarchiste.net\/index.php\/wp-json\/wp\/v2\/ppma_author?post=749"}],"curies":[{"name":"wp","href":"https:\/\/api.w.org\/{rel}","templated":true}]}}