{"id":780,"date":"2007-09-28T16:01:54","date_gmt":"2007-09-28T16:01:54","guid":{"rendered":"https:\/\/la-presse-anarchiste.net\/index.php\/2007\/09\/28\/mouvement-social-23\/"},"modified":"2007-09-28T16:01:54","modified_gmt":"2007-09-28T16:01:54","slug":"mouvement-social-23","status":"publish","type":"post","link":"https:\/\/la-presse-anarchiste.net\/index.php\/2007\/09\/28\/mouvement-social-23\/","title":{"rendered":"Mouvement social"},"content":{"rendered":"<div class=\"pdfprnt-buttons pdfprnt-buttons-post pdfprnt-top-right\"><a href=\"https:\/\/la-presse-anarchiste.net\/index.php\/wp-json\/wp\/v2\/posts\/780?print=pdf\" class=\"pdfprnt-button pdfprnt-button-pdf\" target=\"_blank\"><img decoding=\"async\" src=\"https:\/\/la-presse-anarchiste.net\/wp-content\/plugins\/pdf-print\/images\/pdf.png\" alt=\"image_pdf\" title=\"Afficher le PDF\"><\/a><a href=\"https:\/\/la-presse-anarchiste.net\/index.php\/wp-json\/wp\/v2\/posts\/780?print=print\" class=\"pdfprnt-button pdfprnt-button-print\" target=\"_blank\"><img decoding=\"async\" src=\"https:\/\/la-presse-anarchiste.net\/wp-content\/plugins\/pdf-print\/images\/print.png\" alt=\"image_print\" title=\"Contenu imprim\u00e9\"><\/a><\/div><p style=\"margin-bottom: 0cm;\" align=\"justify\">NAPLES.\u200a\u2014\u200aS\u2019il est&nbsp;un<br>\npays o\u00f9 l\u2019a\u00adnar\u00adchie doit faire des adh\u00e9\u00adrents r\u00e9solus<br>\n\u00e0 agir, \u00e0 faire de la pro\u00adpa\u00adgande et \u00e0&nbsp;se<br>\nd\u00e9fendre avec \u00e9ner\u00adgie contre des ins\u00adti\u00adtu\u00adtions caduques,<br>\u200a\u2014\u200ac\u2019est l\u2019I\u00adta\u00adlie. Deux causes sur\u00adtout y contri\u00adbuent&nbsp;: la<br>\ngrande mis\u00e8re, qui oblige nos ouvriers \u00e0 \u00e9migrer<br>\npour dis\u00adpu\u00adter avec achar\u00adne\u00adment le tra\u00advail \u00e0 leurs confr\u00e8res<br>\n\u00e9tran\u00adgers&nbsp;; et les per\u00ads\u00e9\u00adcu\u00adtions aveugles et<br>\nf\u00e9roces du gou\u00adver\u00adne\u00adment envers les anarchistes.<\/p>\n<p style=\"margin-bottom: 0cm;\" align=\"justify\">\tLa mis\u00e8re est<br>\nchose trop connue&nbsp;: par\u00adlons des pers\u00e9cutions.<\/p>\n<p style=\"margin-bottom: 0cm;\" align=\"justify\">\tLe gou\u00adver\u00adne\u00adment,&nbsp;non<br>\ncontent d\u2019a\u00advoir arra\u00adch\u00e9 de vive force \u00e0 la Chambre des<br>\nd\u00e9pu\u00adt\u00e9s des lois excep\u00adtion\u00adnelles, absurdes et<br>\nsc\u00e9\u00adl\u00e9\u00adrates, les a appli\u00adqu\u00e9es de la mani\u00e8re<br>\nla plus inf\u00e2me.&nbsp;<\/p>\n<p style=\"margin-bottom: 0cm;\" align=\"justify\">\tDer\u00adni\u00e8\u00adre\u00adment,&nbsp;le<br>\n<i>pli\u00adco San\u00adto\u00adro<\/i> et le m\u00e9moire de M.&nbsp;Mares\u00adcal\u00adchi, membre<br>\nde la Com\u00admis\u00adsion pour le <i>domi\u00adci\u00adlio coat\u00adto<\/i> \u00e0 Bologne,<br>\npubli\u00e9s par le d\u00e9pu\u00adt\u00e9 Caval\u00adlot\u00adti, qui&nbsp;d\u00e9fie<br>\nCris\u00adpi de le d\u00e9men\u00adtir devant les tri\u00adbu\u00adnaux, viennent de&nbsp;jeter<br>\nencore de sinistres lueurs sur la cruau\u00adt\u00e9 de ce bandit&nbsp;;<br>\nde cet homme de <i>mala vita<\/i>, qui s\u2019ap\u00adpelle Fran\u00adces\u00adco Crispi.<\/p>\n<p style=\"margin-bottom: 0cm;\" align=\"justify\">\tM.&nbsp;Mares\u00adcal\u00adchi&nbsp;nous<br>\napprend qu\u2019on condam\u00adnait d\u2019a\u00adpr\u00e8s la lec\u00adture de documents<br>\n<i>enti\u00e8\u00adre\u00adment faux<\/i> for\u00adg\u00e9s \u00e0 la ques\u00adture&nbsp;et<br>\nque, par ordre de Cris\u00adpi, on impo\u00adsait \u00e0 la Com\u00admis\u00adsion.&nbsp;Ce<br>\ntriste tableau est encore assom\u00adbri par ce cha\u00adpitre du <i>pli\u00adco<br>\nSan\u00adto\u00adro<\/i>, o\u00f9 il nous explique que les anar\u00adchistes \u00e9taient<br>\nenvoy\u00e9s au domi\u00adci\u00adlio coat\u00adto par de simples <i>lettres de<br>\ncachet<\/i>&nbsp;: vous savez bien de quoi il s\u2019a\u00adgit. C\u2019\u00e9taient<br>\n\u00ab&nbsp;des d\u00e9crets impri\u00adm\u00e9s\u200a\u2014\u200aje tra\u00adduis&nbsp;du<br>\n<i>pli\u00adco San\u00adto\u00adro<\/i>\u200a\u2014\u200aqui por\u00adtaient, \u00e9ga\u00adle\u00adment imprim\u00e9e,<br>\nla signa\u00adture du pr\u00e9\u00adfet&nbsp;; en blanc \u00e9tait laiss\u00e9<br>\nle nom de celui qu\u2019on vou\u00adlait condam\u00adner et la dur\u00e9e de&nbsp;la<br>\ncondam\u00adna\u00adtion&nbsp;: cette lacune \u00e9tait visi\u00adble\u00adment rem\u00adplie&nbsp;au<br>\nhasard par un clerc quel\u00adconque, pour satis\u00adfaire des d\u00e9si\u00adrs&nbsp;et<br>\ndes ven\u00adgeances de clien\u00adt\u00e8les locales&nbsp;\u00bb.<\/p>\n<p style=\"margin-bottom: 0cm;\" align=\"justify\">\tC\u2019est ain\u00adsi que&nbsp;les<br>\nanar\u00adchistes\u200a\u2014\u200apar\u00admi les\u00adquels les poi\u00adtri\u00adnaires, des estropi\u00e9s<br>\net des para\u00adly\u00adtiques\u200a\u2014\u200a\u00e9taient condam\u00adn\u00e9s.&nbsp;Apr\u00e8s<br>\navoir pas\u00ads\u00e9 plu\u00adsieurs mois au cachot,\u200a\u2014\u200aCris\u00adpi vio\u00adlait&nbsp;la<br>\nloi, qui n\u2019ad\u00admet pas, dans ce cas, de pri\u00adson pr\u00e9ventive,&nbsp;\u2014<br>\nils arri\u00advaient \u00e0 Port\u2019 Ercole, ext\u00e9\u00adnu\u00e9s par&nbsp;la<br>\nfaim et le froid et d\u00e9vo\u00adr\u00e9s de ver\u00admine. <font face=\"Times New Roman, serif\">\u00c0<\/font><br>\nPort\u2019 Ercole, ils ne trou\u00advaient pas mieux. Ils \u00e9taient<br>\nentas\u00ads\u00e9s p\u00eale-m\u00eale&nbsp;; la salet\u00e9<br>\ncrois\u00adsait, mal\u00adgr\u00e9 les chau\u00addi\u00e8res d\u2019eau bouillantes du<br>\nd\u00e9l\u00e9\u00adgu\u00e9 San\u00adto\u00adro. Ils \u00e9taient presque nus,<br>\net aux demandes r\u00e9it\u00e9\u00adr\u00e9es de v\u00eate\u00adments&nbsp;que<br>\nfai\u00adsait San\u00adto\u00adro, Cris\u00adpi ne r\u00e9pon\u00addait pas. Il r\u00e9pondit<br>\nseule\u00adment lorsque San\u00adto\u00adro lui \u00e9cri\u00advit qu\u2019il avait les moyens<br>\nde <i>liqui\u00addare Caval\u00adlot\u00adti<\/i>. M.&nbsp;Cris\u00adpi envoya enfin&nbsp;une<br>\ncin\u00adquan\u00adtaine de che\u00admises et de pan\u00adta\u00adlons, tan\u00addis que les anarchistes<br>\n\u00e9taient plus de trois&nbsp;cents&nbsp;!<\/p>\n<p style=\"margin-bottom: 0cm;\" align=\"justify\">\tFran\u00adces\u00adco Crispi&nbsp;!<br>\nC\u2019est l\u2019homme le plus ha\u00ef de toute l\u2019I\u00adta\u00adlie, quoi qu\u2019en disent<br>\nla <i>Tri\u00adbu\u00adna<\/i>, le <i>Mat\u00adti\u00adno<\/i> et&nbsp;le<br>\nreste de la presse ven\u00addue au gouvernement.<\/p>\n<p style=\"margin-bottom: 0cm;\" align=\"center\">\u2015 <font face=\"Times New Roman\">O<br>\n\u2015<\/font><\/p>\n<p style=\"margin-bottom: 0cm;\" align=\"justify\">\tLe pro\u00adc\u00e8s&nbsp;des<br>\nanar\u00adchistes d\u2019i\u00adci s\u2019est ter\u00admi\u00adn\u00e9 par la condam\u00adna\u00adtion&nbsp;par<br>\nplu\u00adsieurs mois de pri\u00adson infli\u00adg\u00e9s aux com\u00adpa\u00adgnons Landolfi,<br>\nFrez\u00adza et D\u2019Eus\u00adta\u00adchio, qui doivent payer aus\u00adsi 1400 francs d\u2019amende.<br>\nLeone et Tela\u00adri\u00adco ont \u00e9t\u00e9 ren\u00advoy\u00e9s en libert\u00e9.<\/p>\n<p style=\"margin-bottom: 0cm;\" align=\"justify\">\tIl faut remar\u00adquer que&nbsp;le<br>\npr\u00e9\u00adsident du tri\u00adbu\u00adnal, tout en d\u00e9cla\u00adrant qu\u2019on&nbsp;ne<br>\nfai\u00adsait pas la guerre aux id\u00e9es, ne vou\u00adlut pas per\u00admettre aux<br>\naccu\u00ads\u00e9s de d\u00e9mon\u00adtrer que c\u2019\u00e9\u00adtait pr\u00e9cis\u00e9ment<br>\naux id\u00e9es qu\u2019on s\u2019attaquait.<\/p>\n<p style=\"margin-bottom: 0cm;\" align=\"justify\">\n<\/p><p style=\"margin-bottom: 0cm;\" align=\"justify\">Rober\u00adto d\u2019An\u00adgi<font face=\"Times New Roman, serif\">\u00f3<\/font><\/p>\n","protected":false},"excerpt":{"rendered":"<p>NAPLES.\u200a\u2014\u200aS\u2019il est&nbsp;un pays o\u00f9 l\u2019a\u00adnar\u00adchie doit faire des adh\u00e9\u00adrents r\u00e9so\u00adlus \u00e0 agir, \u00e0 faire de la pro\u00adpa\u00adgande et \u00e0&nbsp;se d\u00e9fendre avec \u00e9ner\u00adgie contre des ins\u00adti\u00adtu\u00adtions caduques,\u200a\u2014\u200ac\u2019est l\u2019I\u00adta\u00adlie. Deux causes sur\u00adtout y contri\u00adbuent&nbsp;: la grande mis\u00e8re, qui oblige nos ouvriers \u00e0 \u00e9mi\u00adgrer pour dis\u00adpu\u00adter avec achar\u00adne\u00adment le tra\u00advail \u00e0 leurs confr\u00e8res \u00e9tran\u00adgers&nbsp;; et les per\u00ads\u00e9\u00adcu\u00adtions aveugles&nbsp;[\u2026]<\/p>\n","protected":false},"author":1,"featured_media":0,"comment_status":"closed","ping_status":"closed","sticky":false,"template":"","format":"standard","meta":{"wp_typography_post_enhancements_disabled":false,"footnotes":""},"categories":[91],"tags":[],"ppma_author":[540],"class_list":["post-780","post","type-post","status-publish","format-standard","hentry","category-les-temps-nouveaux-na6-8-14-juin-1895"],"authors":[{"term_id":540,"user_id":1,"is_guest":0,"slug":"admin_3gikpwyf","display_name":"Vincent Dubuc","avatar_url":"https:\/\/secure.gravatar.com\/avatar\/d015720652c25fd2ced191ade86430094e1f288a17483713e3b34d26dea52507?s=96&d=mm&r=g","author_category":"","user_url":"https:\/\/la-presse-anarchiste.net","last_name":"Dubuc","first_name":"Vincent","job_title":"","description":""}],"_links":{"self":[{"href":"https:\/\/la-presse-anarchiste.net\/index.php\/wp-json\/wp\/v2\/posts\/780","targetHints":{"allow":["GET"]}}],"collection":[{"href":"https:\/\/la-presse-anarchiste.net\/index.php\/wp-json\/wp\/v2\/posts"}],"about":[{"href":"https:\/\/la-presse-anarchiste.net\/index.php\/wp-json\/wp\/v2\/types\/post"}],"author":[{"embeddable":true,"href":"https:\/\/la-presse-anarchiste.net\/index.php\/wp-json\/wp\/v2\/users\/1"}],"replies":[{"embeddable":true,"href":"https:\/\/la-presse-anarchiste.net\/index.php\/wp-json\/wp\/v2\/comments?post=780"}],"version-history":[{"count":0,"href":"https:\/\/la-presse-anarchiste.net\/index.php\/wp-json\/wp\/v2\/posts\/780\/revisions"}],"wp:attachment":[{"href":"https:\/\/la-presse-anarchiste.net\/index.php\/wp-json\/wp\/v2\/media?parent=780"}],"wp:term":[{"taxonomy":"category","embeddable":true,"href":"https:\/\/la-presse-anarchiste.net\/index.php\/wp-json\/wp\/v2\/categories?post=780"},{"taxonomy":"post_tag","embeddable":true,"href":"https:\/\/la-presse-anarchiste.net\/index.php\/wp-json\/wp\/v2\/tags?post=780"},{"taxonomy":"author","embeddable":true,"href":"https:\/\/la-presse-anarchiste.net\/index.php\/wp-json\/wp\/v2\/ppma_author?post=780"}],"curies":[{"name":"wp","href":"https:\/\/api.w.org\/{rel}","templated":true}]}}