{"id":791,"date":"2007-10-06T11:25:52","date_gmt":"2007-10-06T11:25:52","guid":{"rendered":"https:\/\/la-presse-anarchiste.net\/index.php\/2007\/10\/06\/la-situation-en-amerique\/"},"modified":"2007-10-06T11:25:52","modified_gmt":"2007-10-06T11:25:52","slug":"la-situation-en-amerique","status":"publish","type":"post","link":"https:\/\/la-presse-anarchiste.net\/index.php\/2007\/10\/06\/la-situation-en-amerique\/","title":{"rendered":"La situation en Am\u00e9rique"},"content":{"rendered":"<div class=\"pdfprnt-buttons pdfprnt-buttons-post pdfprnt-top-right\"><a href=\"https:\/\/la-presse-anarchiste.net\/index.php\/wp-json\/wp\/v2\/posts\/791?print=pdf\" class=\"pdfprnt-button pdfprnt-button-pdf\" target=\"_blank\"><img decoding=\"async\" src=\"https:\/\/la-presse-anarchiste.net\/wp-content\/plugins\/pdf-print\/images\/pdf.png\" alt=\"image_pdf\" title=\"Afficher le PDF\"><\/a><a href=\"https:\/\/la-presse-anarchiste.net\/index.php\/wp-json\/wp\/v2\/posts\/791?print=print\" class=\"pdfprnt-button pdfprnt-button-print\" target=\"_blank\"><img decoding=\"async\" src=\"https:\/\/la-presse-anarchiste.net\/wp-content\/plugins\/pdf-print\/images\/print.png\" alt=\"image_print\" title=\"Contenu imprim\u00e9\"><\/a><\/div><p style=\"text-indent: 1.46cm; margin-bottom: 0cm;\" align=\"justify\">(Extrait<br>\ndu <i>Socia\u00adliste<\/i> de New York, 18&nbsp;mai.)<\/p>\n<p style=\"text-indent: 1.46cm; margin-bottom: 0cm;\" align=\"justify\">Quand<br>\non observe les mou\u00adve\u00adments poli\u00adtiques de notre \u00e9poque, l\u2019\u0153il<br>\nle moins exer\u00adc\u00e9 sai\u00adsit incon\u00adti\u00adnent les pro\u00adfondes divisions,<br>\nles anta\u00adgo\u00adnismes in\u00e9vi\u00adtables, et par suite l\u2019impuissance<br>\nradi\u00adcale des par\u00adtis bour\u00adgeois, en regard de l\u2019ac\u00adcord spontan\u00e9<br>\ndes classes ouvri\u00e8res dans le monde entier.<\/p>\n<p style=\"text-indent: 1.46cm; margin-bottom: 0cm;\" align=\"justify\">D\u2019une<br>\npart, dans le m\u00eame pays, les diverses fac\u00adtions bour\u00adgeoises sont<br>\n\u00e0 cou\u00adteau tir\u00e9 les unes contre les autres. Qu\u2019elles<br>\napplau\u00addissent en ch\u0153ur aux mitraillades des Ver\u00adsaillais, aux<br>\nfusillades, aux empon\u00adton\u00adnades et aux d\u00e9portations&nbsp;;<br>\nqu\u2019elles \u00e9dictent d\u2019un com\u00admun accord des lois et des d\u00e9crets<br>\nde per\u00ads\u00e9\u00adcu\u00adtion&nbsp;; qu\u2019im\u00adporte&nbsp;! \u00e0 l\u2019instant<br>\nm\u00eame de cette alliance aus\u00adsi fic\u00adtive que momentan\u00e9e,<br>\nelles ne s\u2019en\u00adtre\u00add\u00e9\u00adchirent que de plus belle, pour se disputer<br>\nle pouvoir.<\/p>\n<p style=\"text-indent: 1.46cm; margin-bottom: 0cm;\" align=\"justify\">D\u2019autre<br>\npart, simul\u00adta\u00adn\u00e9\u00adment et comme par un mou\u00adve\u00adment ins\u00adtinc\u00adtif,&nbsp;les<br>\nclasses ouvri\u00e8res de tous les pays, mal\u00adgr\u00e9&nbsp;les<br>\ndif\u00adf\u00e9\u00adrences des lan\u00adgages et des m\u0153urs, mal\u00adgr\u00e9 celles<br>\nbien plus grandes des ins\u00adti\u00adtu\u00adtions poli\u00adtiques, montrent par\u00adtout&nbsp;les<br>\nm\u00eames aspi\u00adra\u00adtions, pro\u00adclament par\u00adtout les&nbsp;m\u00eames<br>\nprin\u00adcipes, orga\u00adnisent par\u00adtout les m\u00eames mou\u00adve\u00adments, poursuivent<br>\npar\u00adtout le m\u00eame&nbsp;but.<\/p>\n<p style=\"text-indent: 1.46cm; margin-bottom: 0cm;\" align=\"justify\">En<br>\nFrance, Thiers ne se main\u00adtient que gr\u00e2ce au pro\u00adfond antagonisme<br>\ndes par\u00adtis bour\u00adgeois, anta\u00adgo\u00adnisme qui les rend impuis\u00adsants les uns&nbsp;et<br>\nles autres. En Espagne, Am\u00e9\u00add\u00e9e ne se sou\u00adtient que&nbsp;par<br>\nla m\u00eame cause, et la coa\u00adli\u00adtion bour\u00adgeoise for\u00adm\u00e9e contre<br>\nlui, n\u2019a pas m\u00eame dur\u00e9 l\u2019es\u00adpace d\u2019une journ\u00e9e<br>\n\u00e9lec\u00adto\u00adrale. En Alle\u00admagne, les m\u00eames divisions<br>\nmain\u00adtiennent la fac\u00adtice uni\u00adt\u00e9 ger\u00adma\u00adnique. En Angle\u00adterre, la<br>\nreine Vic\u00adto\u00adria ne r\u00e8gne encore que gr\u00e2ce aux divisions<br>\ndes par\u00adtis bour\u00adgeois. M\u00eame en Am\u00e9\u00adrique, si le&nbsp;parti<br>\nr\u00e9pu\u00adbli\u00adcain triomphe aux pro\u00adchaines \u00e9lec\u00adtions, il&nbsp;ne<br>\ndevra la vic\u00adtoire qu\u2019\u00e0 la mul\u00adti\u00adpli\u00adca\u00adtion des can\u00addi\u00addats&nbsp;\u00e0<br>\nla pr\u00e9\u00adsi\u00addence qui menacent bien\u00adt\u00f4t de se comp\u00adter&nbsp;par<br>\ndouzaines.<\/p>\n<p style=\"text-indent: 1.46cm; margin-bottom: 0cm;\" align=\"justify\">Au<br>\ncontraire, si nous exa\u00admi\u00adnons le mou\u00adve\u00adment ouvrier, nous trouvons,<br>\ndans tous les pays, iden\u00adti\u00adt\u00e9 com\u00adpl\u00e8te d\u2019as\u00adpi\u00adra\u00adtions, de<br>\nvues et de moyens. Mou\u00adve\u00adment com\u00admu\u00adna\u00adliste, gr\u00e8ves pour&nbsp;la<br>\ndimi\u00adnu\u00adtion des heures de tra\u00advail, d\u00e9cla\u00adra\u00adtions for\u00admelles que<br>\nles ouvriers ne peuvent et ne doivent avoir rien de com\u00admun avec&nbsp;les<br>\npar\u00adtis bour\u00adgeois, orga\u00adni\u00adsa\u00adtions f\u00e9d\u00e9\u00adra\u00adlistes de&nbsp;la<br>\nclasse ouvri\u00e8re, reven\u00addi\u00adca\u00adtions col\u00adlec\u00adti\u00advistes, tout cela&nbsp;se<br>\npasse simul\u00adta\u00adn\u00e9\u00adment, dans les pays les plus \u00e9loign\u00e9s,<br>\navec un tel accord, une telle spon\u00adta\u00adn\u00e9i\u00adt\u00e9,&nbsp;qu\u2019on<br>\ncroi\u00adrait voir une s\u00e9rie d\u2019ac\u00adteurs ayant ensemble et de longue<br>\nmain r\u00e9p\u00e9\u00adt\u00e9 le m\u00eame&nbsp;r\u00f4le.<\/p>\n<p style=\"text-indent: 1.46cm; margin-bottom: 0cm;\" align=\"justify\">Pour\u00adquoi<br>\ncette diver\u00adgence d\u2019un c\u00f4t\u00e9, pour\u00adquoi cet accord de<br>\nl\u2019autre&nbsp;? C\u2019est que les par\u00adtis bour\u00adgeois ne repr\u00e9sentent<br>\nplus des prin\u00adcipes, mais des int\u00e9\u00adr\u00eats plus ou&nbsp;moins<br>\nsor\u00addides, plus ou moins \u00e9go\u00efstes, et qu\u2019ils doivent<br>\nfor\u00adc\u00e9\u00adment se divi\u00adser et se sub\u00addi\u00advi\u00adser tout autant que&nbsp;ces<br>\nint\u00e9\u00adr\u00eats eux-m\u00eames.<\/p>\n<p style=\"text-indent: 1.46cm; margin-bottom: 0cm;\" align=\"justify\">C\u2019est<br>\nque la classe ouvri\u00e8re reven\u00addique la jus\u00adtice dans toutes les<br>\nrela\u00adtions sociales&nbsp;; que son mou\u00adve\u00adment d\u2019or\u00adga\u00adni\u00adsa\u00adtion repose sur<br>\nun prin\u00adcipe \u00e9ter\u00adnel\u00adle\u00adment vrai, et non sur des int\u00e9r\u00eats<br>\noppo\u00ads\u00e9s et chan\u00adgeants. Aus\u00adsi, tous les mou\u00adve\u00adments de la classe<br>\nouvri\u00e8re doivent \u00eatre, par tous pays, identiquement<br>\nsem\u00adblables, car la v\u00e9ri\u00adt\u00e9 est une, la science est&nbsp;une,<br>\net la classe ouvri\u00e8re ne pour\u00adsui\u00advant que la r\u00e9alisation<br>\nde la v\u00e9ri\u00adt\u00e9 et de la science, dans les relations<br>\n\u00e9co\u00adno\u00admiques, toutes ces mani\u00adfes\u00adta\u00adtions doivent avoir le cachet<br>\nde l\u2019unit\u00e9.<\/p>\n<p style=\"text-indent: 1.46cm; margin-bottom: 0cm;\" align=\"justify\">Cepen\u00addant,<br>\nen Am\u00e9\u00adrique, tan\u00addis qu\u2019une frac\u00adtion de l\u2019In\u00adter\u00adna\u00adtio\u00adnale&nbsp;se<br>\ntrouve en par\u00adfaite com\u00admu\u00adnion de vues et de ten\u00addances avec&nbsp;des<br>\norga\u00adni\u00adsa\u00adtions ouvri\u00e8res qui n\u2019ont cepen\u00addant aucun rapport<br>\ndirect avec l\u2019In\u00adter\u00adna\u00adtio\u00adnale, preuve cer\u00adtaine que cet accord n\u2019est&nbsp;le<br>\nr\u00e9sul\u00adtat d\u2019au\u00adcune action pr\u00e9\u00adcon\u00ad\u00e7ue, nous voyons<br>\nune divi\u00adsion de plus en plus pro\u00adfonde et accen\u00adtu\u00e9e se&nbsp;cr\u00e9er<br>\ndans les rangs m\u00eames de l\u2019Internationale.<\/p>\n<p style=\"text-indent: 1.46cm; margin-bottom: 0cm;\" align=\"justify\">Pour\u00adquoi<br>\ncela&nbsp;?<\/p>\n<p style=\"text-indent: 1.46cm; margin-bottom: 0cm;\" align=\"justify\">La<br>\nrai\u00adson en est bien simple&nbsp;:<\/p>\n<p style=\"text-indent: 1.46cm; margin-bottom: 0cm;\" align=\"justify\">L\u2019In\u00adter\u00adna\u00adtio\u00adnale<br>\nn\u2019est pas, ne peut pas \u00eatre per\u00ads\u00e9\u00adcu\u00adt\u00e9e&nbsp;en<br>\nAm\u00e9\u00adrique&nbsp;; les poli\u00adti\u00adciens, loin de viser \u00e0&nbsp;la<br>\nd\u00e9truire, ne songent qu\u2019\u00e0 s\u2019en ser\u00advir comme levier et<br>\npoint d\u2019ap\u00adpui pour le triomphe de leurs vues per\u00adson\u00adnelles. Que<br>\nl\u2019In\u00adter\u00adna\u00adtio\u00adnale se laisse entra\u00ee\u00adner dans cette voie, et&nbsp;elle<br>\nces\u00adse\u00adra d\u2019\u00eatre l\u2019<i>Asso\u00adcia\u00adtion des tra\u00advailleurs<\/i> pour<br>\ndeve\u00adnir un RING de politiciens.<\/p>\n<p style=\"text-indent: 1.46cm; margin-bottom: 0cm;\" align=\"justify\">Depuis<br>\nlong\u00adtemps, un cri d\u2019a\u00adlarme a \u00e9t\u00e9&nbsp;jet\u00e9&nbsp;;<br>\nmais la Conven\u00adtion d\u2019A\u00adpol\u00adlo Hall, nom\u00admant, au nom&nbsp;de<br>\nl\u2019In\u00adter\u00adna\u00adtio\u00adnale, madame Wood\u00adhull comme can\u00addi\u00addat \u00e0&nbsp;la<br>\npr\u00e9\u00adsi\u00addence, doit d\u00e9sor\u00admais ouvrir les yeux aux&nbsp;moins<br>\nclairvoyants.<\/p>\n<p style=\"text-indent: 1.46cm; margin-bottom: 0cm;\" align=\"justify\">Inter\u00adna\u00adtio\u00adnaux<br>\nd\u2019A\u00adm\u00e9\u00adrique, pre\u00adnez garde \u00e0&nbsp;vous&nbsp;!<\/p>\n","protected":false},"excerpt":{"rendered":"<p>(Extrait du Socia\u00adliste de New York, 18&nbsp;mai.) Quand on observe les mou\u00adve\u00adments poli\u00adtiques de notre \u00e9poque, l\u2019\u0153il le moins exer\u00adc\u00e9 sai\u00adsit incon\u00adti\u00adnent les pro\u00adfondes divi\u00adsions, les anta\u00adgo\u00adnismes in\u00e9vi\u00adtables, et par suite l\u2019impuissance radi\u00adcale des par\u00adtis bour\u00adgeois, en regard de l\u2019ac\u00adcord spon\u00adta\u00adn\u00e9 des classes ouvri\u00e8res dans le monde entier. D\u2019une part, dans le m\u00eame pays,&nbsp;les&nbsp;[\u2026]<\/p>\n","protected":false},"author":1,"featured_media":0,"comment_status":"closed","ping_status":"closed","sticky":false,"template":"","format":"standard","meta":{"wp_typography_post_enhancements_disabled":false,"footnotes":""},"categories":[69],"tags":[],"ppma_author":[540],"class_list":["post-791","post","type-post","status-publish","format-standard","hentry","category-bulletin-de-la-federation-jurassienne-n13-15-juillet-1872"],"authors":[{"term_id":540,"user_id":1,"is_guest":0,"slug":"admin_3gikpwyf","display_name":"Vincent Dubuc","avatar_url":"https:\/\/secure.gravatar.com\/avatar\/d015720652c25fd2ced191ade86430094e1f288a17483713e3b34d26dea52507?s=96&d=mm&r=g","author_category":"","user_url":"https:\/\/la-presse-anarchiste.net","last_name":"Dubuc","first_name":"Vincent","job_title":"","description":""}],"_links":{"self":[{"href":"https:\/\/la-presse-anarchiste.net\/index.php\/wp-json\/wp\/v2\/posts\/791","targetHints":{"allow":["GET"]}}],"collection":[{"href":"https:\/\/la-presse-anarchiste.net\/index.php\/wp-json\/wp\/v2\/posts"}],"about":[{"href":"https:\/\/la-presse-anarchiste.net\/index.php\/wp-json\/wp\/v2\/types\/post"}],"author":[{"embeddable":true,"href":"https:\/\/la-presse-anarchiste.net\/index.php\/wp-json\/wp\/v2\/users\/1"}],"replies":[{"embeddable":true,"href":"https:\/\/la-presse-anarchiste.net\/index.php\/wp-json\/wp\/v2\/comments?post=791"}],"version-history":[{"count":0,"href":"https:\/\/la-presse-anarchiste.net\/index.php\/wp-json\/wp\/v2\/posts\/791\/revisions"}],"wp:attachment":[{"href":"https:\/\/la-presse-anarchiste.net\/index.php\/wp-json\/wp\/v2\/media?parent=791"}],"wp:term":[{"taxonomy":"category","embeddable":true,"href":"https:\/\/la-presse-anarchiste.net\/index.php\/wp-json\/wp\/v2\/categories?post=791"},{"taxonomy":"post_tag","embeddable":true,"href":"https:\/\/la-presse-anarchiste.net\/index.php\/wp-json\/wp\/v2\/tags?post=791"},{"taxonomy":"author","embeddable":true,"href":"https:\/\/la-presse-anarchiste.net\/index.php\/wp-json\/wp\/v2\/ppma_author?post=791"}],"curies":[{"name":"wp","href":"https:\/\/api.w.org\/{rel}","templated":true}]}}