{"id":808,"date":"2007-10-11T06:29:09","date_gmt":"2007-10-11T06:29:09","guid":{"rendered":"https:\/\/la-presse-anarchiste.net\/index.php\/2007\/10\/11\/correspondance-5\/"},"modified":"2007-10-11T06:29:09","modified_gmt":"2007-10-11T06:29:09","slug":"correspondance-5","status":"publish","type":"post","link":"https:\/\/la-presse-anarchiste.net\/index.php\/2007\/10\/11\/correspondance-5\/","title":{"rendered":"Correspondance"},"content":{"rendered":"<div class=\"pdfprnt-buttons pdfprnt-buttons-post pdfprnt-top-right\"><a href=\"https:\/\/la-presse-anarchiste.net\/index.php\/wp-json\/wp\/v2\/posts\/808?print=pdf\" class=\"pdfprnt-button pdfprnt-button-pdf\" target=\"_blank\"><img decoding=\"async\" src=\"https:\/\/la-presse-anarchiste.net\/wp-content\/plugins\/pdf-print\/images\/pdf.png\" alt=\"image_pdf\" title=\"Afficher le PDF\"><\/a><a href=\"https:\/\/la-presse-anarchiste.net\/index.php\/wp-json\/wp\/v2\/posts\/808?print=print\" class=\"pdfprnt-button pdfprnt-button-print\" target=\"_blank\"><img decoding=\"async\" src=\"https:\/\/la-presse-anarchiste.net\/wp-content\/plugins\/pdf-print\/images\/print.png\" alt=\"image_print\" title=\"Contenu imprim\u00e9\"><\/a><\/div><p style=\"margin-left: -0.99cm; margin-right: -0.95cm; text-indent: 0.97cm; margin-bottom: 0cm;\" align=\"justify\">\n<font face=\"AGaramond\"><font style=\"font-size: 13pt;\" size=\"3\">Nous<br>\nn\u2019avons pas pro\u00adtes\u00adt\u00e9 tout \u00e0 fait pour rien dans&nbsp;notre<br>\npr\u00e9\u00adc\u00e9\u00addent num\u00e9\u00adro contre les propos<br>\ninqua\u00adli\u00adfiables tenus sur Silone par cer\u00adtain col\u00adla\u00adbo\u00adra\u00adteur&nbsp;de&nbsp;\u00ab<br>&nbsp;la Tri\u00adbune de Gen\u00e8ve&nbsp;\u00bb \u00e0 son retour du congr\u00e8s<br>\ninter\u00adna\u00adtio\u00adnal du Pen Club \u00e0 Vienne. Ledit col\u00adla\u00adbo\u00adra\u00adteur,&nbsp;en<br>\neffet, nous a fait par\u00adve\u00adnir copie de la lettre d\u2019excuse qu\u2019alert\u00e9<br>\npar nos remarques il a fina\u00adle\u00adment adres\u00ads\u00e9e \u00e0 l\u2019auteur<br>\nde \u00ab&nbsp;Fon\u00adta\u00adma\u00adra&nbsp;\u00bb. Allons tant mieux, encore qu\u2019il<br>\ne\u00fbt \u00e9t\u00e9 plus cor\u00adrect \u2013 et plus cou\u00adra\u00adgeux \u2013&nbsp;de<br>\nrec\u00adti\u00adfier dans le jour\u00adnal&nbsp;m\u00eame\u2026<\/font><\/font><\/p>\n<p style=\"margin-left: -0.99cm; margin-right: -0.95cm; text-indent: 0.97cm; margin-bottom: 0cm;\" align=\"justify\">\n<font face=\"AGaramond\"><font style=\"font-size: 13pt;\" size=\"3\"><\/font><\/font><\/p>\n<h2>&nbsp; *&nbsp; *&nbsp; *<\/h2>\n<p><\/p>\n<p style=\"margin-left: -0.99cm; margin-right: -0.95cm; text-indent: 0.97cm; margin-bottom: 0cm;\" align=\"justify\">\n<font face=\"AGaramond\"><font style=\"font-size: 13pt;\" size=\"3\">D\u2019autre<br>\npart, nos lec\u00adteurs n\u2019auront cer\u00adtai\u00adne\u00adment pas oubli\u00e9 la&nbsp;si<br>\nvivante \u00ab&nbsp;\u00c9tape \u00e0 Zurich&nbsp;\u00bb d\u2019Arthur<br>\nKoest\u00adler, parue dans notre num\u00e9\u00adro 9&nbsp;; aus\u00adsi sommes-nous<br>\nper\u00adsua\u00add\u00e9s qu\u2019ils pren\u00addront avec int\u00e9r\u00eat<br>\nconnais\u00adsance des quelques rec\u00adti\u00adfi\u00adca\u00adtions de d\u00e9tail qu\u2019apporte<br>\nla lettre sui\u00advante, adres\u00ads\u00e9e par Silone \u00e0 Koestler&nbsp;:<\/font><\/font><\/p>\n<p style=\"margin-left: -0.99cm; margin-right: -0.95cm; text-indent: 0.97cm; margin-bottom: 0cm;\" align=\"justify\">\n<\/p><p style=\"margin-left: -0.99cm; margin-right: -0.95cm; text-indent: 0.97cm; margin-bottom: 0cm;\" align=\"justify\">\n<font face=\"AGaramond\"><font style=\"font-size: 13pt;\" size=\"3\"><\/font><\/font><\/p>\n<div align=\"right\">Rome, le<br>\n30 sep\u00adtembre 1955.<\/div>\n<p><\/p>\n<p style=\"margin-left: -0.99cm; margin-right: -0.95cm; text-indent: 0.97cm; margin-bottom: 0cm;\" align=\"justify\"><font face=\"AGaramond\"><font style=\"font-size: 13pt;\" size=\"3\">Mon cher<br>\nKoestler,<\/font><\/font><\/p>\n<p style=\"margin-left: -0.99cm; margin-right: -0.95cm; text-indent: 0.97cm; margin-bottom: 0cm;\" align=\"justify\">\n<font face=\"AGaramond\"><font style=\"font-size: 13pt;\" size=\"3\">Sur le<br>\nfon\u00adde\u00adment de la petite contro\u00adverse entre vous et l\u2019\u00ab&nbsp;Europa<br>\nVer\u00adlag&nbsp;\u00bb, \u00e0 pro\u00adpos de la pre\u00admi\u00e8re \u00e9dition<br>\nde \u00ab&nbsp;Fon\u00adta\u00adma\u00adra&nbsp;\u00bb, je peux vous assu\u00adrer que la v\u00e9rit\u00e9<br>\nest quelque peu dif\u00adf\u00e9\u00adrente. Le m\u00e9rite majeur de&nbsp;la<br>\ntra\u00adduc\u00adtion alle\u00admande de \u00ab&nbsp;Fon\u00adta\u00adma\u00adra&nbsp;\u00bb, n\u2019est, en<br>\nr\u00e9a\u00adli\u00adt\u00e9, d\u2019aucun m\u00e9c\u00e8ne ni d\u2019aucun<br>\n\u00e9di\u00adteur, mais de M<sup>me<\/sup>&nbsp;Net\u00adtie Sutro-Kat\u00adzen\u00adstein, qui se chargea<br>\nde la tra\u00adduc\u00adtion tout de suite apr\u00e8s avoir lu mon manuscrit.<br>\nJakob Was\u00adser\u00admann, ayant pris connais\u00adsance de la tra\u00adduc\u00adtion de&nbsp;Mme<br>\nSutro, fit ensuite accep\u00adter le livre par Ber\u00admann-Fischer (Ber\u00adlin),<br>\nqui s\u2019appr\u00eatait \u00e0 l\u2019imprimer apr\u00e8s que&nbsp;le<br>\ntexte eut \u00e9t\u00e9 agr\u00e9\u00e9 par&nbsp;la&nbsp;\u00ab<br>&nbsp;Frank\u00adfur\u00adter Zei\u00adtung&nbsp;\u00bb comme feuille\u00adton. Mais les \u00e9v\u00e9nements<br>\nd\u2019Allemagne firent \u00e9chouer ces plans. Avant de nous adresser<br>\n\u00e0 M.&nbsp;Oprecht, qui \u00e0 l\u2019\u00e9poque \u00e9tait<br>\nsur\u00adtout libraire, la tra\u00adduc\u00adtion fut d\u2019abord offerte \u00e0<br>\nd\u2019autres \u00e9di\u00adteurs suisses (je me rap\u00adpelle encore la r\u00e9ponse<br>\ninso\u00adlente de M.&nbsp;Rascher, l\u2019ancien \u00e9di\u00adteur de Bar\u00adbusse&nbsp;et<br>\nfutur \u00e9di\u00adteur des \u0152uvres com\u00adpl\u00e8tes de Mussolini.)<br>\nC\u2019est aus\u00adsi un fait connu que, mal\u00adheu\u00adreu\u00adse\u00adment, l\u2019\u00e9dition<br>\n\u00ab&nbsp;aux frais de l\u2019auteur&nbsp;\u00bb \u00e9tait et&nbsp;reste<br>\nlar\u00adge\u00adment pra\u00adti\u00adqu\u00e9e par les \u00e9di\u00adteurs suisses. Mais&nbsp;dans<br>\nle cas de \u00ab&nbsp;Fon\u00adta\u00adma\u00adra&nbsp;\u00bb il faut recon\u00adna\u00eetre que&nbsp;le<br>\nrisque \u00ab&nbsp;moral&nbsp;\u00bb \u00e9tait, \u00e0 l\u2019\u00e9poque,<br>\nplus grand que le mat\u00e9\u00adriel&nbsp;; or, pour\u00adquoi nier que&nbsp;M.<br>\nOprecht accep\u00adta consciem\u00adment le risque d\u2019\u00eatre un \u00e9diteur<br>\nanti\u00adfas\u00adciste au moment o\u00f9 M.&nbsp;Mot\u00adta diri\u00adgeait le D\u00e9partement<br>\nd\u2019\u00c9tat \u00e0 Berne&nbsp;? En effet, \u00e0 cause de cela,&nbsp;il<br>\neut \u00e0 souf\u00adfrir plu\u00adsieurs incon\u00adv\u00e9\u00adnients. Oui, le contrat<br>\nde publi\u00adca\u00adtion de \u00ab&nbsp;Fon\u00adta\u00adma\u00adra&nbsp;\u00bb \u00e9tait ce qu\u2019on<br>\nappelle un \u00ab&nbsp;Kom\u00admis\u00adsions\u00adver\u00adtrag&nbsp;\u00bb. Le livre fut imprim\u00e9<br>\n\u00e0 Schaff\u00adhouse, par l\u2019Imprimerie coop\u00e9rative<br>\n(socia\u00adliste) qui ne deman\u00adda aucune avance et aucune garantie,<br>\nd\u2019autant plus que, avant l\u2019impression, j\u2019avais pu recueillir,<br>\npar\u00admi les amis de Zurich, envi\u00adron 800 sous\u00adcrip\u00adtions, ce qui suffisait<br>\nlar\u00adge\u00adment pour le paye\u00adment des 2 000 pre\u00admiers exem\u00adplaires, tirage<br>\npr\u00e9\u00advu. M.&nbsp;Ber\u00adnard Maier n\u2019eut donc pas \u00e0 intervenir<br>\ndans cette affaire, bien qu\u2019il en e\u00fbt&nbsp;\u00e9t\u00e9<br>\nques\u00adtion \u00e0 un moment o\u00f9 les sous\u00adcrip\u00adtions n\u2019avaient<br>\npas encore \u00e9t\u00e9 recueillies. \u00c0 pro\u00adpos de lui&nbsp;et<br>\nde mes livres, je me rap\u00adpelle aus\u00adsi que l\u2019\u00ab&nbsp;Universum<br>\nB\u00fcche\u00adrei&nbsp;\u00bb de B\u00e2le (Willi M\u00fcn\u00adzen\u00adberg) eut&nbsp;\u00e0<br>\nlui pro\u00adpo\u00adser, deux ans plus tard, de sub\u00adven\u00adtion\u00adner une \u00e9dition<br>\nsp\u00e9\u00adciale de \u00ab&nbsp;Brot und Wein&nbsp;\u00bb pour l\u2019Allemagne&nbsp;;<br>\nmais, encore une fois, cela demeu\u00adra un pro\u00adjet. Tou\u00adjours est-il que&nbsp;je<br>\ngarde un bon sou\u00adve\u00adnir de M.&nbsp;Maier. Lorsque je l\u2019ai connu, \u00e0<br>\nAsco\u00adna, il \u00e9tait d\u00e9j\u00e0 vieux, et s\u2019il concevait<br>\nencore des pro\u00adjets, ceux-ci res\u00adtaient d\u00e9sor\u00admais des r\u00eaveries,<br>\ncar, \u00e0 part les affaires, il vivait sur\u00adtout des r\u00e9miniscences<br>\nde sa jeu\u00adnesse, pen\u00addant laquelle il avait c\u00f4toy\u00e9 des<br>\nmilieux liber\u00adtaires belges. Quant \u00e0 sa femme, je crois qu\u2019on<br>\nlui ferait du tort en lui attri\u00adbuant des int\u00e9r\u00eats<br>\nlit\u00adt\u00e9\u00adraires&nbsp;: elle \u00e9tait quelque chose de plus,&nbsp;une<br>\nchar\u00admante h\u00f4tesse. Enfin, je n\u2019ai aucune rai\u00adson de taire&nbsp;que,<br>\n\u00e0 cette \u00e9poque-l\u00e0, je fr\u00e9\u00adquen\u00adtais&nbsp;sa<br>\nmai\u00adson sur\u00adtout pour y ren\u00adcon\u00adtrer une jeune \u00e9tudiante,<br>\nsta\u00adli\u00adnienne farouche, qui s\u2019appelait Eli\u00adnor Lipper.<\/font><\/font><\/p>\n<p style=\"margin-left: -0.99cm; margin-right: -0.95cm; text-indent: 0.97cm; margin-bottom: 0cm;\" align=\"justify\">\n<font face=\"AGaramond\"><font style=\"font-size: 13pt;\" size=\"3\">Cor\u00addia\u00adle\u00adment,<br>\nvotre<\/font><\/font><\/p>\n<p style=\"margin-left: -0.99cm; margin-right: -0.95cm; text-indent: 0.97cm; margin-bottom: 0cm;\" align=\"justify\">\n<font face=\"AGaramond\"><font style=\"font-size: 13pt;\" size=\"3\">Igna\u00adzio<br>\nSilone<\/font><\/font><\/p>\n","protected":false},"excerpt":{"rendered":"<p>Nous n\u2019avons pas pro\u00adtes\u00adt\u00e9 tout \u00e0 fait pour rien dans&nbsp;notre pr\u00e9\u00adc\u00e9\u00addent num\u00e9\u00adro contre les pro\u00adpos inqua\u00adli\u00adfiables tenus sur Silone par cer\u00adtain col\u00adla\u00adbo\u00adra\u00adteur&nbsp;de&nbsp;\u00ab&nbsp;la Tri\u00adbune de Gen\u00e8ve&nbsp;\u00bb \u00e0 son retour du congr\u00e8s inter\u00adna\u00adtio\u00adnal du Pen Club \u00e0 Vienne. Ledit col\u00adla\u00adbo\u00adra\u00adteur,&nbsp;en effet, nous a fait par\u00adve\u00adnir copie de la lettre d\u2019excuse qu\u2019alert\u00e9 par nos remarques il a finalement&nbsp;[\u2026]<\/p>\n","protected":false},"author":1,"featured_media":0,"comment_status":"closed","ping_status":"closed","sticky":false,"template":"","format":"standard","meta":{"wp_typography_post_enhancements_disabled":false,"footnotes":""},"categories":[94],"tags":[],"ppma_author":[540],"class_list":["post-808","post","type-post","status-publish","format-standard","hentry","category-temoins-n10-11-automne-hiver-1955-1956"],"authors":[{"term_id":540,"user_id":1,"is_guest":0,"slug":"admin_3gikpwyf","display_name":"Vincent Dubuc","avatar_url":"https:\/\/secure.gravatar.com\/avatar\/d015720652c25fd2ced191ade86430094e1f288a17483713e3b34d26dea52507?s=96&d=mm&r=g","author_category":"","user_url":"https:\/\/la-presse-anarchiste.net","last_name":"Dubuc","first_name":"Vincent","job_title":"","description":""}],"_links":{"self":[{"href":"https:\/\/la-presse-anarchiste.net\/index.php\/wp-json\/wp\/v2\/posts\/808","targetHints":{"allow":["GET"]}}],"collection":[{"href":"https:\/\/la-presse-anarchiste.net\/index.php\/wp-json\/wp\/v2\/posts"}],"about":[{"href":"https:\/\/la-presse-anarchiste.net\/index.php\/wp-json\/wp\/v2\/types\/post"}],"author":[{"embeddable":true,"href":"https:\/\/la-presse-anarchiste.net\/index.php\/wp-json\/wp\/v2\/users\/1"}],"replies":[{"embeddable":true,"href":"https:\/\/la-presse-anarchiste.net\/index.php\/wp-json\/wp\/v2\/comments?post=808"}],"version-history":[{"count":0,"href":"https:\/\/la-presse-anarchiste.net\/index.php\/wp-json\/wp\/v2\/posts\/808\/revisions"}],"wp:attachment":[{"href":"https:\/\/la-presse-anarchiste.net\/index.php\/wp-json\/wp\/v2\/media?parent=808"}],"wp:term":[{"taxonomy":"category","embeddable":true,"href":"https:\/\/la-presse-anarchiste.net\/index.php\/wp-json\/wp\/v2\/categories?post=808"},{"taxonomy":"post_tag","embeddable":true,"href":"https:\/\/la-presse-anarchiste.net\/index.php\/wp-json\/wp\/v2\/tags?post=808"},{"taxonomy":"author","embeddable":true,"href":"https:\/\/la-presse-anarchiste.net\/index.php\/wp-json\/wp\/v2\/ppma_author?post=808"}],"curies":[{"name":"wp","href":"https:\/\/api.w.org\/{rel}","templated":true}]}}