{"id":817,"date":"2007-10-11T20:26:01","date_gmt":"2007-10-11T20:26:01","guid":{"rendered":"https:\/\/la-presse-anarchiste.net\/index.php\/2007\/10\/11\/le-marechal-et-le-poilu\/"},"modified":"2007-10-11T20:26:01","modified_gmt":"2007-10-11T20:26:01","slug":"le-marechal-et-le-poilu","status":"publish","type":"post","link":"https:\/\/la-presse-anarchiste.net\/index.php\/2007\/10\/11\/le-marechal-et-le-poilu\/","title":{"rendered":"Le Mar\u00e9chal et le&nbsp;Poilu"},"content":{"rendered":"<div class=\"pdfprnt-buttons pdfprnt-buttons-post pdfprnt-top-right\"><a href=\"https:\/\/la-presse-anarchiste.net\/index.php\/wp-json\/wp\/v2\/posts\/817?print=pdf\" class=\"pdfprnt-button pdfprnt-button-pdf\" target=\"_blank\"><img decoding=\"async\" src=\"https:\/\/la-presse-anarchiste.net\/wp-content\/plugins\/pdf-print\/images\/pdf.png\" alt=\"image_pdf\" title=\"Afficher le PDF\"><\/a><a href=\"https:\/\/la-presse-anarchiste.net\/index.php\/wp-json\/wp\/v2\/posts\/817?print=print\" class=\"pdfprnt-button pdfprnt-button-print\" target=\"_blank\"><img decoding=\"async\" src=\"https:\/\/la-presse-anarchiste.net\/wp-content\/plugins\/pdf-print\/images\/print.png\" alt=\"image_print\" title=\"Contenu imprim\u00e9\"><\/a><\/div><p style=\"text-indent: 0.97cm; margin-bottom: 0cm;\" align=\"justify\">\n<font face=\"AGaramond\"><font size=\"3\">\u00ab&nbsp;Les Nou\u00advelles yougoslaves<br>&nbsp;\u00bb sont publi\u00e9es par l\u2019Agence you\u00adgo\u00adslave d\u2019information<br>\net refl\u00e8tent la pen\u00ads\u00e9e du gou\u00adver\u00adne\u00adment du mar\u00e9chal<br>\nTito ou tout au moins celle de l\u2019ambassade you\u00adgo\u00adslave&nbsp;\u00e0<br>\nParis. Le num\u00e9\u00adro du 5 novembre contient un article qui s\u2019\u00e9tale<br>\nsur toute la pre\u00admi\u00e8re page et o\u00f9 est c\u00e9l\u00e9br\u00e9e<br>\n\u00ab&nbsp;la vic\u00adtoire de 1918&nbsp;\u00bb, ain\u00adsi que la \u00ab&nbsp;fraternit\u00e9<br>\nd\u2019armes&nbsp;\u00bb entre la France et la Ser\u00adbie au cours de&nbsp;la<br>\nPre\u00admi\u00e8re Guerre mondiale.<\/font><\/font><\/p>\n<p style=\"text-indent: 0.97cm; margin-bottom: 0cm;\" align=\"justify\">\n<font face=\"AGaramond\"><font size=\"3\">On aurait mau\u00advaise gr\u00e2ce&nbsp;de<br>\ncri\u00adti\u00adquer un article o\u00f9 sont c\u00e9l\u00e9\u00adbr\u00e9s&nbsp;les<br>\nfaits d\u2019armes des \u00ab&nbsp;glo\u00adrieux poi\u00adlus d\u2019Orient&nbsp;\u00bb et&nbsp;o\u00f9<br>\nest expri\u00adm\u00e9e, en termes \u00e9mou\u00advants, la \u00ab&nbsp;gratitude<br>\npour la France&nbsp;\u00bb, alli\u00e9 \u00ab&nbsp;le plus \u00e9troitement<br>\nasso\u00adci\u00e9 \u00e0 nos luttes&nbsp;\u00bb. Mal\u00adgr\u00e9 tout,&nbsp;on<br>\ns\u2019\u00e9tonne, car cet article r\u00e9vise le&nbsp;plus<br>\ntran\u00adquille\u00adment du monde toutes les concep\u00adtions id\u00e9ologiques<br>\nd\u00e9fen\u00addues jusqu\u2019\u00e0 pr\u00e9\u00adsent par Tito et&nbsp;les<br>\nsiens. Car, enfin, la Pre\u00admi\u00e8re Guerre mon\u00addiale consid\u00e9r\u00e9e,<br>\n\u00e0 Bel\u00adgrade, comme une lutte entre \u00ab&nbsp;brigands<br>\nimp\u00e9\u00adria\u00adlistes&nbsp;\u00bb, et les \u00ab&nbsp;volon\u00adtaires yougoslaves<br>\nvenus d\u2019Autriche et d\u2019Am\u00e9rique&nbsp;\u00bb, dont l\u2019article<br>\nchante la gloire, ne sont-ils plus les \u00ab&nbsp;pauvres vic\u00adtimes&nbsp;de<br>\nl\u2019imp\u00e9rialisme&nbsp;\u00bb ou bien les \u00ab&nbsp;mer\u00adce\u00adnaires des<br>\ntra\u00eetres social-patriotes&nbsp;\u00bb&nbsp;?<\/font><\/font><\/p>\n<p style=\"text-indent: 0.97cm; margin-bottom: 0cm;\" align=\"justify\">\n<font face=\"AGaramond\"><font size=\"3\">L\u00e9nine, qu\u2019on aime&nbsp;citer<br>\ndans les publi\u00adca\u00adtions des com\u00admu\u00adnistes you\u00adgo\u00adslaves, consid\u00e9rait,<br>\nlui, comme les seuls h\u00e9ros v\u00e9ri\u00adtables, non&nbsp;pas&nbsp;\u00ab<br>&nbsp;les volon\u00adtaires you\u00adgo\u00adslaves&nbsp;\u00bb accou\u00adrus pour se battre&nbsp;\u00ab<br>&nbsp;au ser\u00advice de l\u2019imp\u00e9rialisme&nbsp;\u00bb, comme il disait, mais<br>\nau contraire les socia\u00adlistes serbes qui, eux, en com\u00adpa\u00adgnie&nbsp;de<br>\nquelques rares socia\u00adlistes euro\u00adp\u00e9ens, se dres\u00adsaient contre&nbsp;\u00ab<br>&nbsp;l\u2019Union sacr\u00e9e&nbsp;\u00bb. Cha\u00adcun a \u00e9vi\u00addem\u00adment le&nbsp;droit<br>\nde r\u00e9vi\u00adser ses concep\u00adtions de l\u2019histoire. Mais on aimerait<br>\nsavoir pour quelle rai\u00adson les dis\u00adciples de Tito d\u00e9savouent,<br>\nactuel\u00adle\u00adment, leur ma\u00eetre L\u00e9nine et pourquoi,<br>\nbrus\u00adque\u00adment, le \u00ab&nbsp;social-patrio\u00adtisme&nbsp;\u00bb est maintenant<br>\nc\u00e9l\u00e9\u00adbr\u00e9 par les You\u00adgo\u00adslaves alors que,&nbsp;tout<br>\nr\u00e9cem\u00adment encore, on glo\u00adri\u00adfiait, \u00e0 Bel\u00adgrade, le&nbsp;\u00ab<br>&nbsp;d\u00e9fai\u00adtisme r\u00e9vo\u00adlu\u00adtion\u00adnaire&nbsp;\u00bb, et ceux&nbsp;qui<br>\naccou\u00adraient pen\u00addant la Pre\u00admi\u00e8re Guerre mon\u00addiale, non pas&nbsp;\u00e0<br>\nBel\u00adgrade mais \u00e0 Zim\u00admer\u00adwald, pour s\u2019opposer \u00e0&nbsp;la<br>\nguerre\u2026<\/font><\/font><\/p>\n<p style=\"text-indent: 0.97cm; margin-bottom: 0cm;\" align=\"justify\">\n<font face=\"AGaramond\"><font size=\"3\">Gus\u00adtave&nbsp;Stern<\/font><\/font><\/p>\n","protected":false},"excerpt":{"rendered":"<p>\u00ab&nbsp;Les Nou\u00advelles you\u00adgo\u00adslaves&nbsp;\u00bb sont publi\u00e9es par l\u2019Agence you\u00adgo\u00adslave d\u2019information et refl\u00e8tent la pen\u00ads\u00e9e du gou\u00adver\u00adne\u00adment du mar\u00e9\u00adchal Tito ou tout au moins celle de l\u2019ambassade you\u00adgo\u00adslave&nbsp;\u00e0 Paris. Le num\u00e9\u00adro du 5 novembre contient un article qui s\u2019\u00e9tale sur toute la pre\u00admi\u00e8re page et o\u00f9 est c\u00e9l\u00e9\u00adbr\u00e9e \u00ab&nbsp;la vic\u00adtoire de 1918&nbsp;\u00bb, ain\u00adsi que la \u00ab&nbsp;fra\u00adter\u00adni\u00adt\u00e9 d\u2019armes&nbsp;\u00bb [\u2026]<\/p>\n","protected":false},"author":1,"featured_media":0,"comment_status":"closed","ping_status":"closed","sticky":false,"template":"","format":"standard","meta":{"wp_typography_post_enhancements_disabled":false,"footnotes":""},"categories":[94],"tags":[],"ppma_author":[540],"class_list":["post-817","post","type-post","status-publish","format-standard","hentry","category-temoins-n10-11-automne-hiver-1955-1956"],"authors":[{"term_id":540,"user_id":1,"is_guest":0,"slug":"admin_3gikpwyf","display_name":"Vincent Dubuc","avatar_url":"https:\/\/secure.gravatar.com\/avatar\/d015720652c25fd2ced191ade86430094e1f288a17483713e3b34d26dea52507?s=96&d=mm&r=g","author_category":"","user_url":"https:\/\/la-presse-anarchiste.net","last_name":"Dubuc","first_name":"Vincent","job_title":"","description":""}],"_links":{"self":[{"href":"https:\/\/la-presse-anarchiste.net\/index.php\/wp-json\/wp\/v2\/posts\/817","targetHints":{"allow":["GET"]}}],"collection":[{"href":"https:\/\/la-presse-anarchiste.net\/index.php\/wp-json\/wp\/v2\/posts"}],"about":[{"href":"https:\/\/la-presse-anarchiste.net\/index.php\/wp-json\/wp\/v2\/types\/post"}],"author":[{"embeddable":true,"href":"https:\/\/la-presse-anarchiste.net\/index.php\/wp-json\/wp\/v2\/users\/1"}],"replies":[{"embeddable":true,"href":"https:\/\/la-presse-anarchiste.net\/index.php\/wp-json\/wp\/v2\/comments?post=817"}],"version-history":[{"count":0,"href":"https:\/\/la-presse-anarchiste.net\/index.php\/wp-json\/wp\/v2\/posts\/817\/revisions"}],"wp:attachment":[{"href":"https:\/\/la-presse-anarchiste.net\/index.php\/wp-json\/wp\/v2\/media?parent=817"}],"wp:term":[{"taxonomy":"category","embeddable":true,"href":"https:\/\/la-presse-anarchiste.net\/index.php\/wp-json\/wp\/v2\/categories?post=817"},{"taxonomy":"post_tag","embeddable":true,"href":"https:\/\/la-presse-anarchiste.net\/index.php\/wp-json\/wp\/v2\/tags?post=817"},{"taxonomy":"author","embeddable":true,"href":"https:\/\/la-presse-anarchiste.net\/index.php\/wp-json\/wp\/v2\/ppma_author?post=817"}],"curies":[{"name":"wp","href":"https:\/\/api.w.org\/{rel}","templated":true}]}}