{"id":82,"date":"1895-05-10T00:03:18","date_gmt":"1895-05-10T00:03:18","guid":{"rendered":"https:\/\/la-presse-anarchiste.net\/index.php\/2007\/02\/02\/leffet-des-persecutions\/"},"modified":"2025-07-15T19:13:27","modified_gmt":"2025-07-15T19:13:27","slug":"leffet-des-persecutions","status":"publish","type":"post","link":"https:\/\/la-presse-anarchiste.net\/index.php\/1895\/05\/10\/leffet-des-persecutions\/","title":{"rendered":"L\u2019effet des pers\u00e9cutions"},"content":{"rendered":"<div class=\"pdfprnt-buttons pdfprnt-buttons-post pdfprnt-top-right\"><a href=\"https:\/\/la-presse-anarchiste.net\/index.php\/wp-json\/wp\/v2\/posts\/82?print=pdf\" class=\"pdfprnt-button pdfprnt-button-pdf\" target=\"_blank\"><img decoding=\"async\" src=\"https:\/\/la-presse-anarchiste.net\/wp-content\/plugins\/pdf-print\/images\/pdf.png\" alt=\"image_pdf\" title=\"Afficher le PDF\"><\/a><a href=\"https:\/\/la-presse-anarchiste.net\/index.php\/wp-json\/wp\/v2\/posts\/82?print=print\" class=\"pdfprnt-button pdfprnt-button-print\" target=\"_blank\"><img decoding=\"async\" src=\"https:\/\/la-presse-anarchiste.net\/wp-content\/plugins\/pdf-print\/images\/print.png\" alt=\"image_print\" title=\"Contenu imprim\u00e9\"><\/a><\/div><div align=\"justify\">\n<p style=\"text-align: justify;\">&nbsp;&nbsp;&nbsp; Pen\u00addant quinze mois on a tout mis en mou\u00adve\u00adment pour \u00e9touf\u00adfer l\u2019a\u00adnar\u00adchie. On a r\u00e9duit la presse au silence, sup\u00adpri\u00adm\u00e9 les hommes, fusill\u00e9 \u00e0 bout por\u00adtant en Guyane, trans\u00adpor\u00adt\u00e9 dans les \u00eeles en Espagne, incar\u00adc\u00e9\u00adr\u00e9 par mil\u00adliers en Ita\u00adlie, sans m\u00eame se don\u00adner le luxe de lois dra\u00adco\u00adniennes ou de com\u00e9\u00addies judi\u00adciaires. On a cher\u00adch\u00e9 par\u00adtout jus\u00adqu\u2019\u00e0 affa\u00admer la femme et l\u2019en\u00adfant en envoyant la police faire pres\u00adsion sur les patrons qui osaient encore don\u00adner du tra\u00advail \u00e0 des anarchistes.<\/p>\n<p style=\"text-align: justify;\">&nbsp;&nbsp;&nbsp; On ne s\u2019est arr\u00ea\u00adt\u00e9 devant aucun moyen afin d\u2019\u00e9\u00adcra\u00adser les hommes et \u00e9touf\u00adfer l\u2019id\u00e9e.<\/p>\n<p style=\"text-align: justify;\">&nbsp;&nbsp;&nbsp; Et, mal\u00adgr\u00e9 tout, jamais l\u2019i\u00add\u00e9e n\u2019a fait autant de pro\u00adgr\u00e8s qu\u2019elle en a fait pen\u00addant ces quinze mois.<\/p>\n<p style=\"text-align: justify;\">&nbsp;&nbsp;&nbsp; Jamais elle n\u2019a gagn\u00e9 si rapi\u00adde\u00adment des adh\u00e9rents.<\/p>\n<p style=\"text-align: justify;\">&nbsp;&nbsp;&nbsp; Jamais elle n\u2019a si bien p\u00e9n\u00e9\u00adtr\u00e9 dans des milieux, autre\u00adfois r\u00e9frac\u00adtaires \u00e0 tout socialisme.<\/p>\n<p style=\"text-align: justify;\">&nbsp;&nbsp;&nbsp; Et jamais on n\u2019a si bien d\u00e9mon\u00adtr\u00e9 que cette concep\u00adtion de la soci\u00e9\u00adt\u00e9 sans exploi\u00adta\u00adtion, ni auto\u00adri\u00adt\u00e9, \u00e9tait un r\u00e9sul\u00adtat n\u00e9ces\u00adsaire de tout le mon\u00adceau d\u2019i\u00add\u00e9es qui s\u2019o\u00adp\u00e8re depuis le si\u00e8cle pas\u00ads\u00e9&nbsp;; qu\u2019elle \u00e0 ses racines pro\u00adfondes dans tout ce qui a \u00e9t\u00e9 dit depuis trente ans dans le domaine de la jeune science du d\u00e9ve\u00adlop\u00adpe\u00adment des soci\u00e9\u00adt\u00e9s, dans la science des sen\u00adti\u00adments moraux, dans la phi\u00adlo\u00adso\u00adphie de l\u2019his\u00adtoire et dans la phi\u00adlo\u00adso\u00adphie en g\u00e9n\u00e9ral.<\/p>\n<p style=\"text-align: justify;\">&nbsp;&nbsp;&nbsp; Et l\u2019on entend dire d\u00e9j\u00e0&nbsp;: \u2015 \u00ab&nbsp;L\u2019a\u00adnar\u00adchie&nbsp;? Mais, c\u2019est le r\u00e9su\u00adm\u00e9 de la pen\u00ads\u00e9e du si\u00e8cle \u00e0 venir&nbsp;! M\u00e9fiez-vous-en, si vous cher\u00adchez \u00e0 retour\u00adner vers le pas\u00ads\u00e9. Saluez-la si vous vou\u00adlez un ave\u00adnir de pro\u00adgr\u00e8s et de libert\u00e9&nbsp;!&nbsp;\u00bb<\/p>\n<div style=\"text-align: center;\" align=\"center\">\u2014 O \u2014<\/div>\n<p style=\"text-align: justify;\">&nbsp;&nbsp;&nbsp; Alors que l\u2019\u00e9\u00adti\u00adquette seule d\u2019a\u00adnar\u00adchiste valait, de par la loi, la rel\u00e9\u00adga\u00adtion en Guyane et la mort lente sous les fi\u00e8vres palu\u00add\u00e9ennes et la cra\u00adpau\u00addine des gardes-chiourme, \u2015 qu\u2019est-ce qui occu\u00adpait sur\u00adtout la presse&nbsp;?<\/p>\n<p style=\"text-align: justify;\">&nbsp;&nbsp;&nbsp; On se sou\u00advient de l\u2019en\u00adqu\u00eate sur l\u2019a\u00adnar\u00adchie faite par un grand jour\u00adnal de Paris, \u2015 \u00ab&nbsp;Pour por\u00adter le front haut et serein, comme ils le portent, ils doivent \u00eatre ins\u00adpi\u00adr\u00e9s d\u2019un grand id\u00e9al&nbsp;\u00bb \u2015 disait-on. \u00ab&nbsp;Il faut le conna\u00eetre&nbsp;!&nbsp;\u00bb Et on a lu les cen\u00adtaines d\u2019ar\u00adticles de la presse quto\u00addienne et men\u00adsuelle, com\u00admen\u00adc\u00e9s peut-\u00eatre avec le d\u00e9sir d\u2019\u00e9\u00adcra\u00adser \u00ab&nbsp;l\u2019hydre aux cent t\u00eates&nbsp;\u00bb, mais ter\u00admi\u00adn\u00e9s sou\u00advent par la jus\u00adti\u00adfi\u00adca\u00adtion des id\u00e9es et des hommes.<\/p>\n<p style=\"text-align: justify;\">&nbsp;&nbsp;&nbsp; La jeu\u00adnesse des \u00e9coles si lon\u00adgue\u00adment r\u00e9frac\u00adtaire \u00e0 un socia\u00adlisme qui, com\u00admen\u00adc\u00e9 glo\u00adrieu\u00adse\u00adment, finis\u00adsait par une loi de huit heures ou une expro\u00adpria\u00adtion des che\u00admins de fer par l\u2019\u00c9\u00adtat, \u2015 a salu\u00e9 la nou\u00advelle venue. Les jeunes y ont aper\u00ad\u00e7u une concep\u00adtion large, puis\u00adsante de la vie des soci\u00e9\u00adt\u00e9s, embras\u00adsant tous les rap\u00adports humains et por\u00adtant dans tous ces rap\u00adports la fier\u00adt\u00e9, la force, l\u2019i\u00adni\u00adtia\u00adtive de l\u2019homme libre \u2015 essence m\u00eame de tout pro\u00adgr\u00e8s. Et, dans leurs meilleurs repr\u00e9\u00adsen\u00adtants, les jeunes se sont pas\u00adsion\u00adn\u00e9s pour une concep\u00adtion qui leur fait com\u00adprendre com\u00adment l\u2019af\u00adfran\u00adchis\u00adse\u00adment du tra\u00advailleur devient l\u2019af\u00adfran\u00adchis\u00adse\u00adment de l\u2019<em>homme<\/em>&nbsp;; com\u00adment com\u00admu\u00adnisme et anar\u00adchie brisent toutes les entraves dans les\u00adquelles une soci\u00e9\u00adt\u00e9 chr\u00e9\u00adtienne, droit-romain et jaco\u00adbine \u00e9touf\u00adfait la liber\u00adt\u00e9 de l\u2019\u00eatre humain.<\/p>\n<div style=\"text-align: center;\" align=\"center\">\u2014 O \u2014<\/div>\n<p style=\"text-align: justify;\">&nbsp;&nbsp;&nbsp; La presse anglaise, \u2015 sur\u00adtout le jour\u00adnal heb\u00addo\u00adma\u00addaire qui parle aux pay\u00adsans et aux tra\u00advailleurs \u2015 a pris sa part dans la dis\u00adcus\u00adsion des prin\u00adcipes, de l\u2019i\u00add\u00e9al, des voies et des moyens anar\u00adchistes. Pen\u00addant des mois et des mois, cinq ou six des jour\u00adnaux les plus lus par les masses dans les pro\u00advinces don\u00adnaient une ou deux colonnes de cor\u00adres\u00adpon\u00addance sur l\u2019a\u00adnar\u00adchie. \u2015 \u00ab&nbsp;Assez, s\u2019\u00e9\u00adcriaient les \u00e9di\u00adteurs&nbsp;; d\u00e9sor\u00admais nous ces\u00adsons cette cor\u00adres\u00adpon\u00addance&nbsp;!&nbsp;\u00bb Mais d\u00e8s le num\u00e9\u00adro sui\u00advant, elle \u00e9tait rou\u00adverte \u00e0 nou\u00adveau sur une nou\u00advelle issue quel\u00adconque&nbsp;: indi\u00advi\u00addua\u00adlisme et com\u00admu\u00adnisme, l\u2019\u00c9\u00adtat et l\u2019in\u00addi\u00advi\u00addu\u2026 On en ferait d\u00e9j\u00e0 des volumes, et elle dure encore&nbsp;!<\/p>\n<div style=\"text-align: center;\" align=\"center\">\u2014 O \u2014<\/div>\n<p style=\"text-align: justify;\">&nbsp;&nbsp;&nbsp; En m\u00eame temps, en Alle\u00admagne et en Rus\u00adsie, des tra\u00advaux \u00e9la\u00adbo\u00adr\u00e9s paraissent dans les revues sur les rap\u00adports entre la soci\u00e9\u00adt\u00e9 et l\u2019in\u00addi\u00advi\u00addu, les droits de l\u2019\u00c9\u00adtat, le fait de l\u2019in\u00addi\u00advi\u00addu se pla\u00ad\u00e7ant en dehors de la morale cou\u00adrante et l\u2019in\u00adfluence de ce fait, les pro\u00adgr\u00e8s de la morale publique, et ain\u00adsi de suite. On d\u00e9ter\u00adrait God\u00adwin et Max Stir\u00adner&nbsp;; on \u00e9tu\u00addiait et com\u00admen\u00adtait Nietsche et on mon\u00adtrait com\u00adment l\u2019a\u00adnar\u00adchiste qui meurt sur l\u2019\u00e9\u00adcha\u00adfaud se rat\u00adtache au cou\u00adrant phi\u00adlo\u00adso\u00adphique qui s\u2019est tra\u00adduit dans l\u2019oeuvre du phi\u00adlo\u00adsophe allemand.<\/p>\n<p style=\"text-align: justify;\">&nbsp;&nbsp;&nbsp; Et enfin Tol\u00adsto\u00ef, par\u00adlant \u00e0 tout le monde civi\u00adli\u00ads\u00e9, mon\u00adtrait dans ses r\u00e9ponses aux cri\u00adtiques sus\u00adci\u00adt\u00e9es par son der\u00adnier livre, comme quoi, non seule\u00adment le chr\u00e9\u00adtien, mais tout homme intel\u00adli\u00adgent, quelle que soit sa phi\u00adlo\u00adso\u00adphie, for\u00adc\u00e9\u00adment <em>doit<\/em> rompre enti\u00e8\u00adre\u00adment avec l\u2019\u00c9\u00adtat qui orga\u00adnise l\u2019ex\u00adploi\u00adta\u00adtion du tra\u00advailleur, \u2015 <em>doit<\/em> refu\u00adser de prendre la moindre part dans les crimes, l\u2019ex\u00adploi\u00adta\u00adtion \u00e9co\u00adno\u00admique et les atro\u00adci\u00adt\u00e9s mili\u00adtaires com\u00admis par chaque \u00c9tat, quelle que soit son \u00e9tiquette.<\/p>\n<p style=\"text-align: justify;\">&nbsp;&nbsp;&nbsp; Pour r\u00e9su\u00admer en quelques mots \u2015 dans tous les domaines mul\u00adtiples de la pen\u00ads\u00e9e il s\u2019est pro\u00adduit une pous\u00ads\u00e9e vers l\u2019a\u00adnar\u00adchie&nbsp;; un pro\u00adfond tra\u00advail d\u2019i\u00add\u00e9es s\u2019ac\u00adcom\u00adplit, qui m\u00e8ne \u00e0 l\u2019a\u00adnar\u00adchie et donne une force nou\u00advelle au communisme.<\/p>\n<div style=\"text-align: center;\" align=\"center\">\u2014 O \u2014<\/div>\n<p style=\"text-align: justify;\">&nbsp;&nbsp;&nbsp; Nous enre\u00adgis\u00adtrons ce tra\u00advail avec bon\u00adheur. Mais nos id\u00e9es se portent sur\u00adtout ailleurs.<\/p>\n<p style=\"text-align: justify;\">&nbsp;&nbsp;&nbsp; Nous cher\u00adchons les indices qui nous montrent que le m\u00eame tra\u00advail s\u2019o\u00adp\u00e8re dans les classes qui peinent pour tout pro\u00adduire, sans jouir d\u2019au\u00adcune des mer\u00adveilles d\u2019art, de science et de luxe qu\u2019elle entasse sur la&nbsp;terre.<\/p>\n<p style=\"text-align: justify;\">&nbsp;&nbsp;&nbsp; Nous trou\u00advons par\u00adtout de ces indices&nbsp;: dans les mee\u00adtings, les congr\u00e8s ouvriers, dans le lan\u00adgage m\u00eame de ces r\u00e9unions. Mais nous ne ces\u00adsons de nous deman\u00adder&nbsp;: \u00ab&nbsp;L\u2019\u00e9\u00adcho de ces dis\u00adcus\u00adsions p\u00e9n\u00e8tre-t-il dans la demeure, le tau\u00addis du tra\u00advailleur, la chau\u00admi\u00e8re du pay\u00adsan&nbsp;? Le pay\u00adsan et le tra\u00advailleur entre\u00advoient-ils la route qui les m\u00e8ne\u00adra \u00e0 leur double affran\u00adchis\u00adse\u00adment du Capi\u00adtal et de l\u2019\u00c9\u00adtat&nbsp;? Ou bien , leur\u00adr\u00e9s par les savants, les pr\u00eatres, les jour\u00adna\u00adlistes, les admi\u00adra\u00adteurs du pou\u00advoir et toute la mar\u00admaille entre\u00adte\u00adnue par l\u2019\u00c9\u00adtat, \u2015 main\u00adtiennent-ils encore la foi in\u00e9bran\u00adlable dans les bien\u00adfaits du jaco\u00adbi\u00adnisme gouvernemental&nbsp;?&nbsp;\u00bb<\/p>\n<p style=\"text-align: justify;\">&nbsp;&nbsp;&nbsp; Leur cri\u00adtique de ce qui les fait souf\u00adfrir, d\u00e9passe-t-elle la cri\u00adtique des indi\u00advi\u00addus&nbsp;? S\u2019\u00e9\u00adl\u00e8ve-t-elle \u00e0 la cri\u00adtique des prin\u00adcipes sur les\u00adquels le Capi\u00adtal, le sala\u00adriat et leur cr\u00e9a\u00adture \u2015 l\u2019\u00c9\u00adtat \u2015 r\u00e9sident&nbsp;?<\/p>\n<p style=\"text-align: justify;\">&nbsp;&nbsp;&nbsp; L\u2019i\u00add\u00e9e d\u2019u\u00adnion inter\u00adna\u00adtio\u00adnale de tous les oppri\u00adm\u00e9s s\u2019im\u00adplante-t-elle par\u00admi eux, et leurs c\u0153urs saignent-t-ils \u00e9ga\u00adle\u00adment \u00e0 la nou\u00advelle de mas\u00adsacres com\u00admis \u00e0 Four\u00admies ou \u00e0 Ber\u00adlin, \u00e0 Chi\u00adca\u00adgo ou \u00e0 Vienne. Englobent-t-ils dans une m\u00eame haine la bande inter\u00adna\u00adtio\u00adnale des exploi\u00adteurs, qu\u2019ils s\u2019ap\u00adpellent patriotes japo\u00adnais ou fran\u00ad\u00e7ais, alle\u00admands ou anglais&nbsp;?<\/p>\n<p style=\"text-align: justify;\">&nbsp;&nbsp;&nbsp; N\u00e9e au sein du peuple, sous l\u2019ins\u00adpi\u00adra\u00adtion du peuple dans l\u2019As\u00adso\u00adcia\u00adtion Inter\u00adna\u00adtio\u00adnale des Tra\u00advailleurs et forte main\u00adte\u00adnant de tout l\u2019ap\u00adpui qu\u2019elle trouve dans l\u2019\u00e9\u00adtude, l\u2019i\u00add\u00e9e doit retour\u00adner au peuple, gran\u00addir dans son sein, l\u2019ins\u00adpi\u00adrer de son souffle irr\u00e9sistible.<\/p>\n<p style=\"text-align: justify;\">&nbsp;&nbsp;&nbsp; L\u00e0 seule\u00adment elle attein\u00addra tout son d\u00e9ve\u00adlop\u00adpe\u00adment. L\u00e0 seule\u00adment, elle pren\u00addra corps et trou\u00adve\u00adra ses formes pour se sub\u00adsti\u00adtuer au monde ancien qui s\u2019en va et recons\u00adtruire la soci\u00e9\u00adt\u00e9 sur des bases d\u2019\u00e9\u00adga\u00adli\u00adt\u00e9, de liber\u00adt\u00e9 enti\u00e8re de l\u2019in\u00addi\u00advi\u00addu, de fra\u00adter\u00adni\u00adt\u00e9 entre tous les hommes.<\/p>\n<p style=\"text-align: right;\">Pierre Kro\u00adpot\u00adkine.<\/p>\n<\/div>\n","protected":false},"excerpt":{"rendered":"<p>&nbsp;&nbsp;&nbsp; Pen\u00addant quinze mois on a tout mis en mou\u00adve\u00adment pour \u00e9touf\u00adfer l\u2019a\u00adnar\u00adchie. On a r\u00e9duit la presse au silence, sup\u00adpri\u00adm\u00e9 les hommes, fusill\u00e9 \u00e0 bout por\u00adtant en Guyane, trans\u00adpor\u00adt\u00e9 dans les \u00eeles en Espagne, incar\u00adc\u00e9\u00adr\u00e9 par mil\u00adliers en Ita\u00adlie, sans m\u00eame se don\u00adner le luxe de lois dra\u00adco\u00adniennes ou de com\u00e9\u00addies judi\u00adciaires. On&nbsp;a&nbsp;[\u2026]<\/p>\n","protected":false},"author":1,"featured_media":8890,"comment_status":"closed","ping_status":"closed","sticky":false,"template":"wp-custom-template-page-d-article","format":"standard","meta":{"wp_typography_post_enhancements_disabled":false,"footnotes":""},"categories":[12],"tags":[1105],"ppma_author":[1150],"class_list":["post-82","post","type-post","status-publish","format-standard","has-post-thumbnail","hentry","category-les-temps-nouveaux-na1-du-4-au-10-mai-1895","tag-propagande"],"authors":[{"term_id":1150,"user_id":0,"is_guest":1,"slug":"pierre-kropotkine","display_name":"Pierre Kropotkine","avatar_url":"https:\/\/secure.gravatar.com\/avatar\/?s=96&d=mm&r=g","author_category":"","user_url":"","last_name":"","first_name":"","job_title":"","description":""}],"_links":{"self":[{"href":"https:\/\/la-presse-anarchiste.net\/index.php\/wp-json\/wp\/v2\/posts\/82","targetHints":{"allow":["GET"]}}],"collection":[{"href":"https:\/\/la-presse-anarchiste.net\/index.php\/wp-json\/wp\/v2\/posts"}],"about":[{"href":"https:\/\/la-presse-anarchiste.net\/index.php\/wp-json\/wp\/v2\/types\/post"}],"author":[{"embeddable":true,"href":"https:\/\/la-presse-anarchiste.net\/index.php\/wp-json\/wp\/v2\/users\/1"}],"replies":[{"embeddable":true,"href":"https:\/\/la-presse-anarchiste.net\/index.php\/wp-json\/wp\/v2\/comments?post=82"}],"version-history":[{"count":2,"href":"https:\/\/la-presse-anarchiste.net\/index.php\/wp-json\/wp\/v2\/posts\/82\/revisions"}],"predecessor-version":[{"id":8902,"href":"https:\/\/la-presse-anarchiste.net\/index.php\/wp-json\/wp\/v2\/posts\/82\/revisions\/8902"}],"wp:featuredmedia":[{"embeddable":true,"href":"https:\/\/la-presse-anarchiste.net\/index.php\/wp-json\/wp\/v2\/media\/8890"}],"wp:attachment":[{"href":"https:\/\/la-presse-anarchiste.net\/index.php\/wp-json\/wp\/v2\/media?parent=82"}],"wp:term":[{"taxonomy":"category","embeddable":true,"href":"https:\/\/la-presse-anarchiste.net\/index.php\/wp-json\/wp\/v2\/categories?post=82"},{"taxonomy":"post_tag","embeddable":true,"href":"https:\/\/la-presse-anarchiste.net\/index.php\/wp-json\/wp\/v2\/tags?post=82"},{"taxonomy":"author","embeddable":true,"href":"https:\/\/la-presse-anarchiste.net\/index.php\/wp-json\/wp\/v2\/ppma_author?post=82"}],"curies":[{"name":"wp","href":"https:\/\/api.w.org\/{rel}","templated":true}]}}