{"id":833,"date":"2007-10-12T22:18:28","date_gmt":"2007-10-12T22:18:28","guid":{"rendered":"https:\/\/la-presse-anarchiste.net\/index.php\/2007\/10\/12\/leternelle-pietaille-sacrifiee\/"},"modified":"2007-10-12T22:18:28","modified_gmt":"2007-10-12T22:18:28","slug":"leternelle-pietaille-sacrifiee","status":"publish","type":"post","link":"https:\/\/la-presse-anarchiste.net\/index.php\/2007\/10\/12\/leternelle-pietaille-sacrifiee\/","title":{"rendered":"L\u2019\u00e9ternelle pi\u00e9taille sacrifi\u00e9e"},"content":{"rendered":"<div class=\"pdfprnt-buttons pdfprnt-buttons-post pdfprnt-top-right\"><a href=\"https:\/\/la-presse-anarchiste.net\/index.php\/wp-json\/wp\/v2\/posts\/833?print=pdf\" class=\"pdfprnt-button pdfprnt-button-pdf\" target=\"_blank\"><img decoding=\"async\" src=\"https:\/\/la-presse-anarchiste.net\/wp-content\/plugins\/pdf-print\/images\/pdf.png\" alt=\"image_pdf\" title=\"Afficher le PDF\"><\/a><a href=\"https:\/\/la-presse-anarchiste.net\/index.php\/wp-json\/wp\/v2\/posts\/833?print=print\" class=\"pdfprnt-button pdfprnt-button-print\" target=\"_blank\"><img decoding=\"async\" src=\"https:\/\/la-presse-anarchiste.net\/wp-content\/plugins\/pdf-print\/images\/print.png\" alt=\"image_print\" title=\"Contenu imprim\u00e9\"><\/a><\/div><p style=\"margin-right: 2.25cm; text-indent: 1cm; margin-bottom: 0cm;\" align=\"justify\">\n<font face=\"AGaramond\"><font size=\"3\">Quand les \u00ab&nbsp;volontaires&nbsp;\u00bb<br>\nespa\u00adgnols assi\u00e9\u00adgeaient L\u00e9ningrad<br>\n<br>Si nous par\u00adlions un peu de la divi\u00adsion&nbsp;Azul&nbsp;?<br>\n<br>Oui, je sais, le moment est bien mal choisi.<\/font><\/font><\/p>\n<p style=\"margin-right: 2.25cm; text-indent: 1cm; margin-bottom: 0cm;\" align=\"justify\">\n<font face=\"AGaramond\"><font size=\"3\">Le g\u00e9n\u00e9\u00adral Franco,<br>\nqui en 1940 avait r\u00e9cla\u00adm\u00e9 vai\u00adne\u00adment&nbsp;\u00e0<br>\nl\u2019Allemagne, pour prix de son inter\u00adven\u00adtion, la moi\u00adti\u00e9&nbsp;de<br>\nl\u2019Afrique du Nord et de l\u2019Afrique occi\u00adden\u00adtale \u00ab&nbsp;fran\u00ad\u00e7aise&nbsp;\u00bb, est aujourd\u2019hui un grand ami des USA, qui lui fournissent<br>\nde quoi remon\u00adter son arm\u00e9e&nbsp;; il est aus\u00adsi un grand ami&nbsp;de<br>\nl\u2019URSS et de ses satel\u00adlites qui l\u2019ont triom\u00adpha\u00adle\u00adment accueilli<br>\npar\u00admi les Nations unies&nbsp;; un grand ami des pays arabes, dont&nbsp;il<br>\nrecon\u00adna\u00eet l\u2019ind\u00e9pendance apr\u00e8s les&nbsp;avoir,<br>\ndurant <em>sa<\/em> guerre civile, exploi\u00adt\u00e9s comme une mine de carburant<br>\nhumain&nbsp;; et un grand ami de la papau\u00adt\u00e9, \u00e0 qui il doit&nbsp;\u00e0<br>\nvrai dire une fi\u00e8re chan\u00addelle&nbsp;; et un grand ami de la France<br>\nr\u00e9pu\u00adbli\u00adcaine, \u00e0 qui il a ren\u00addu non-inter\u00adven\u00adtion&nbsp;pour<br>\nnon-intervention&nbsp;!<\/font><\/font><\/p>\n<p style=\"margin-right: 2.25cm; text-indent: 1cm; margin-bottom: 0cm;\" align=\"justify\">\n<font face=\"AGaramond\"><font size=\"3\">Il n\u2019y a qu\u2019un seul endroit<br>\no\u00f9 il n\u2019ait pas d\u2019amis&nbsp;: \u00e0 peine des com\u00adplices, ce<br>\nqui n\u2019est pas la m\u00eame chose, comme nous l\u2019apprend, entre<br>\nautres, le XX<sup>e<\/sup> Congr\u00e8s du Par\u00adti com\u00admu\u00adniste (bol\u00adche\u00advik)&nbsp;; c\u2019est<br>\nl\u2019Espagne, o\u00f9 les gr\u00e8ves suc\u00adc\u00e8dent aux<br>\nmani\u00adfes\u00adta\u00adtions d\u2019\u00e9tudiants \u2013 et o\u00f9 le clerg\u00e9,<br>\nla caste mili\u00adtaire, la f\u00e9o\u00adda\u00adli\u00adt\u00e9 ter\u00adrienne et<br>\ncapi\u00adta\u00adliste, la nou\u00advelle bureau\u00adcra\u00adtie et l\u2019appareil politique<br>\nlui-m\u00eame ne le sou\u00adtiennent plus sans r\u00e9ti\u00adcences, tandis<br>\nque le gros de la popu\u00adla\u00adtion, n\u2019\u00e9tait la crainte d\u2019une<br>\nseconde tue\u00adrie \u00e0 la fa\u00e7on de 1936\u200a\u2013\u200a1939, l\u2019aurait d\u00e9j\u00e0<br>\ndepuis fort long\u00adtemps liqui\u00add\u00e9. Sans le spectre du communisme<br>\n(qu\u2019il agite sans ver\u00adgogne tout en se fai\u00adsant ouvrir des cr\u00e9dits<br>\npar les h\u00e9ri\u00adtiers de Sta\u00adline), Fran\u00adco ne se serait jamais tir\u00e9<br>\nd\u2019affaire, ni \u00e0 l\u2019int\u00e9rieur ni&nbsp;\u00e0<br>\nl\u2019ext\u00e9rieur. Or, quel appoint repr\u00e9\u00adsente-t-il, comme<br>\nauxi\u00adliaire \u00e0 une croi\u00adsade offen\u00adsive ou d\u00e9fen\u00adsive&nbsp;?&nbsp;Nul.<br>\nSes par\u00adrains <em>anti\u00adcom\u00admu\u00adnistes<\/em> auraient le plus grand tort de croire<br>\nqu\u2019il puisse \u00eatre, sur ce ter\u00adrain du \u00ab&nbsp;don\u00adnant, don\u00adnant&nbsp;\u00bb, autre chose qu\u2019un bou\u00adlet \u00e0 tra\u00ee\u00adner. T\u00e9moin<br>\nen est l\u2019histoire de la fameuse Divi\u00adsion Azul, la divi\u00adsion&nbsp;bleue,<br>\nenvoy\u00e9e par Fran\u00adco sur le front russe en 1942 et dont \u00ab&nbsp;CNT&nbsp;\u00bb, l\u2019organe des syn\u00addi\u00adca\u00adlistes liber\u00adtaires espa\u00adgnols&nbsp;en<br>\nexil, a publi\u00e9 la v\u00e9ri\u00addique his\u00adtoire. Une his\u00adtoire&nbsp;qui<br>\nest, plus ou moins, celle de tous les \u00ab&nbsp;fan\u00adtas\u00adsins&nbsp;\u00bb&nbsp;des<br>\nguerres pas\u00ads\u00e9es, pr\u00e9\u00adsentes et futures et o\u00f9&nbsp;plus<br>\nd\u2019un recon\u00adna\u00ee\u00adtra sa propre exp\u00e9\u00adrience \u2013 celle qui&nbsp;se<br>\nr\u00e9sume dans cette ques\u00adtion tou\u00adjours sans r\u00e9ponse&nbsp;: \u00ab&nbsp;Qu\u2019est-ce qu\u2019on fout&nbsp;l\u00e0&nbsp;?&nbsp;\u00bb<\/font><\/font><\/p>\n<p style=\"margin-right: 2.25cm; text-indent: 1cm; margin-bottom: 0cm;\" align=\"justify\">\n<font face=\"AGaramond\"><font size=\"3\"><\/font><\/font><\/p>\n<h2>Le prix du&nbsp;sang<\/h2>\n<p><\/p>\n<p style=\"margin-right: 2.25cm; text-indent: 1cm; margin-bottom: 0cm;\" align=\"justify\">\n<font face=\"AGaramond\"><font size=\"3\">Quand un homme d\u2019\u00c9tat<br>\nrend ser\u00advice \u00e0 un autre, c\u2019est g\u00e9n\u00e9ralement<br>\navec du sang&nbsp;: or le sang, comme on sait, ne se paye que par le&nbsp;sang.<br>\nLa gra\u00adti\u00adtude des hommes d\u2019\u00c9tat leur inter\u00addit de se servir<br>\nd\u2019une autre mon\u00adnaie pour recon\u00adna\u00eetre les ser\u00advices rendus.<br>\nD\u2019o\u00f9 n\u00e9ces\u00adsi\u00adt\u00e9 de trou\u00adver des don\u00adneurs&nbsp;de<br>\nsang, volon\u00adtaires ou non. En fait, on en trouve tou\u00adjours. Hit\u00adler&nbsp;et<br>\nMus\u00adso\u00adli\u00adni en avaient trou\u00adv\u00e9 en abon\u00addance pour aider&nbsp;leur<br>\ncol\u00adl\u00e8gue Fran\u00adco \u00e0 s\u2019installer au pou\u00advoir sur&nbsp;une<br>\nEspagne paci\u00adfi\u00e9e en forme de cime\u00adti\u00e8re. Fran\u00adco&nbsp;ne<br>\npou\u00advait pas \u00eatre en reste. D\u2019o\u00f9 l\u2019intervention<br>\nespa\u00adgnole aux c\u00f4t\u00e9s de l\u2019axe Berlin-Rome.<\/font><\/font><\/p>\n<p style=\"margin-right: 2.25cm; text-indent: 1cm; margin-bottom: 0cm;\" align=\"justify\">\n<font face=\"AGaramond\"><font size=\"3\">Il s\u2019agissait, au moment o\u00f9<br>\nles chances ris\u00adquaient de tour\u00adner contre le nazisme, de payer&nbsp;la<br>\ndette poli\u00adtique contrac\u00adt\u00e9e en 1936\u200a\u2013\u200a1939 par l\u2019Espagne<br>\nnatio\u00adna\u00adliste envers la L\u00e9gion Condor et la Ges\u00adta\u00adpo, envers les<br>\nJun\u00adkers et les Mes\u00adser\u00adsch\u00admitts de la Lutf\u00adwaffe, envers le cuirass\u00e9<br>\nDeut\u00adschland sur\u00adveillant Minorque et l\u2019escadre alle\u00admande bombardant<br>\nAlm\u00e9\u00adria en signe de non-intervention\u2026<\/font><\/font><\/p>\n<p style=\"margin-right: 2.25cm; text-indent: 1cm; margin-bottom: 0cm;\" align=\"justify\">\n<font face=\"AGaramond\"><font size=\"3\">En tri\u00adbut de recon\u00adnais\u00adsance&nbsp;pour<br>\nGuer\u00adni\u00adca, en tri\u00adbut de recon\u00adnais\u00adsance pour la mort de 1&nbsp;200&nbsp;000<br>\nEspa\u00adgnols (dont 800&nbsp;000 non com\u00adbat\u00adtants) tu\u00e9s par&nbsp;le<br>\nmili\u00adta\u00adrisme tota\u00adli\u00adtaire, une force \u00ab&nbsp;volon\u00adtaire&nbsp;\u00bb devait<br>\nse lever de terre, expri\u00admant l\u2019impatience des don\u00adneurs de&nbsp;sang<br>\nespa\u00adgnols de se sai\u00adgner \u00e0 blanc pour la Wehrmacht.<\/font><\/font><\/p>\n<p style=\"margin-right: 2.25cm; text-indent: 1cm; margin-bottom: 0cm;\" align=\"justify\">\n<font face=\"AGaramond\"><font size=\"3\">Comme la chose fut organis\u00e9e,<br>\nnous ne pr\u00e9\u00adten\u00addons pas le savoir, bien que les m\u00e9thodes<br>\ndes ser\u00adgents-recru\u00adteurs aient peu vari\u00e9 depuis l\u2019origine des<br>\narm\u00e9es. Nous pr\u00e9\u00adf\u00e9\u00adrons lais\u00adser la parole \u00e0<br>\nun t\u00e9moin ocu\u00adlaire, celui-l\u00e0 m\u00eame qui a r\u00e9dig\u00e9<br>\npour \u00ab&nbsp;CNT&nbsp;\u00bb l\u2019historique de la division<br>\nAzul.<\/font><\/font><\/p>\n<p style=\"margin-right: 2.25cm; text-indent: 1cm; margin-bottom: 0cm;\" align=\"justify\">\n<font face=\"AGaramond\"><font size=\"3\">Dans chaque loca\u00adli\u00adt\u00e9,&nbsp;nous<br>\ndit-on, fut orga\u00adni\u00ads\u00e9e une esp\u00e8ce de fies\u00adta&nbsp;mayor<br>\n(foire, ker\u00admesse) avec orga\u00adni\u00adsa\u00adtion de danses et de banquets&nbsp;;<br>\ndiver\u00adtis\u00adse\u00adments sui\u00advis, natu\u00adrel\u00adle\u00adment, par un essai d\u2019enr\u00f4lement<br>\ng\u00e9n\u00e9\u00adral. Mais l\u2019enr\u00f4lement se r\u00e9duisit<br>\npra\u00adti\u00adque\u00adment \u00e0 peu de choses&nbsp;; pha\u00adlan\u00adgistes com\u00adpro\u00admis dans&nbsp;des<br>\nmeurtres ou des mal\u00adver\u00adsa\u00adtions, aven\u00adtu\u00adriers ou d\u00e9racin\u00e9s<br>\nde toute esp\u00e8ce, et sur\u00adtout <em>r\u00e9pu\u00adbli\u00adcains menac\u00e9s<br>\nde mort<\/em> ou de repr\u00e9\u00adsailles fami\u00adliales, tel fut le recrutement<br>\nde la Divi\u00adsion Azul. Il fal\u00adlut recou\u00adrir \u00e0 un v\u00e9ritable<br>\nporte \u00e0 porte. On vit cir\u00adcu\u00adler des camions char\u00adg\u00e9s&nbsp;de<br>\nla chair \u00e0 canon ramas\u00ads\u00e9e de vil\u00adlage en vil\u00adlage&nbsp;;&nbsp;ils<br>\nexhi\u00adbaient dans les bour\u00adgades tra\u00adver\u00ads\u00e9es, au milieu de&nbsp;la<br>\nfroi\u00addeur abso\u00adlue des popu\u00adla\u00adtions, des \u00e9cri\u00adteaux&nbsp;qui<br>\npro\u00adcla\u00admaient&nbsp;: \u00ab&nbsp;De Bur\u00adgos \u00e0 Mos\u00adcou&nbsp;!&nbsp;\u00bb, \u00ab&nbsp;De l\u2019Espagne aux monts Oural&nbsp;!&nbsp;\u00bb, etc. Pauvres Ib\u00e9riques,<br>\npauvres m\u00e9ri\u00addio\u00adnaux bru\u00adnis de soleil, pro\u00admis&nbsp;\u00e0<br>\nl\u2019abandon dans les neiges infi\u00adnies&nbsp;! Des cris, des dra\u00adpeaux, un<br>\nenthou\u00adsiasme fac\u00adtice. Puis ce fut l\u2019embarquement dans les wagons \u00e0<br>\nbes\u00adtiaux des trains sinistres, \u00e9ter\u00adnel sym\u00adbole de la guerre.<\/font><\/font><\/p>\n<p style=\"margin-right: 2.25cm; text-indent: 1cm; margin-bottom: 0cm;\" align=\"justify\">\n<font face=\"AGaramond\"><font size=\"3\"><\/font><\/font><\/p>\n<h2>Le chemin du sacrifice<\/h2>\n<p><\/p>\n<p style=\"margin-right: 2.25cm; text-indent: 1cm; margin-bottom: 0cm;\" align=\"justify\">\n<font face=\"AGaramond\"><font size=\"3\">La Divi\u00adsion Azul prit le chemin<br>\ndu sacri\u00adfice, le che\u00admin de France \u2013 pays alors \u00ab&nbsp;col\u00adla\u00adbo\u00adrant&nbsp;\u00bb \u2013 dans un cli\u00admat d\u2019indiff\u00e9rence gla\u00adciale. Chose<br>\ncurieuse, les Bo\u00ef\u00adnas rouges (b\u00e9rets car\u00adlistes) des<br>\nsol\u00addats de la civi\u00adli\u00adsa\u00adtion tota\u00adli\u00adtaire allaient s\u2019\u00e9claircissant<br>\nau fur et \u00e0 mesure que le train les empor\u00adtait. Tous les&nbsp;jours<br>\ndes vides b\u00e9ants se pro\u00addui\u00adsaient dans les rangs des \u00ab&nbsp;volon\u00adtaires&nbsp;\u00bb sacri\u00adfi\u00e9s, de gr\u00e9 ou de force, \u00e0<br>\nla d\u00e9fense d\u2019une cause qui leur \u00e9tait \u00e9trang\u00e8re.<br>\nC\u2019est que par\u00admi les recrues ger\u00adma\u00adno\u00adphiles, les plus enthousiastes,<br>\nceux qui avaient le plus don\u00adn\u00e9 de la voix contre Sta\u00adline&nbsp;et<br>\ncontre Chur\u00adchill, s\u2019\u00e9taient pru\u00addem\u00adment \u00e9clip\u00ads\u00e9s&nbsp;: les uns \u00e9taient res\u00adt\u00e9s dans les lieux de prospection<br>\npar\u00adcou\u00adrus en auto, les autres, les plus nom\u00adbreux, \u00e9taient<br>\nretour\u00adn\u00e9s \u00e0 Madrid.<\/font><\/font><\/p>\n<p style=\"margin-right: 2.25cm; text-indent: 1cm; margin-bottom: 0cm;\" align=\"justify\">\n<font face=\"AGaramond\"><font size=\"3\">\u00ab&nbsp;\u00c0 peine d\u00e9barqu\u00e9e<br>\n\u00e0 Ber\u00adlin, dit un t\u00e9moin, notre troupe mer\u00adce\u00adnaire&nbsp;fut<br>\ntrai\u00adt\u00e9e avec dure\u00adt\u00e9, comme de la viande \u00e0 br\u00fbler<br>\nqu\u2019on atten\u00addait depuis long\u00adtemps et qui avait tar\u00add\u00e9&nbsp;\u00e0<br>\narri\u00adver\u2026 La Divi\u00adsion Azul, offi\u00adciel\u00adle\u00adment d\u00e9nomm\u00e9e<br>\nDivi\u00adsion espa\u00adgnole des volon\u00adtaires, \u00e9tait des\u00adti\u00adn\u00e9e&nbsp;au<br>\nsec\u00adteur nord du front orien\u00adtal, et c\u2019est entre la Fin\u00adlande et&nbsp;la<br>\nville de L\u00e9nin\u00adgrad qu\u2019elle prit posi\u00adtion, par&nbsp;une<br>\ntem\u00adp\u00e9\u00adra\u00adture de 60 degr\u00e9s au-des\u00adsous de&nbsp;z\u00e9ro,<br>\ncomme si l\u2019on avait fait expr\u00e8s pour ne pas lais\u00adser un&nbsp;homme<br>\nen&nbsp;vie\u2026&nbsp;\u00bb<\/font><\/font><\/p>\n<p style=\"margin-right: 2.25cm; text-indent: 1cm; margin-bottom: 0cm;\" align=\"justify\">\n<font face=\"AGaramond\"><font size=\"3\">\u00c0 ces mal\u00adheu\u00adreux,&nbsp;le<br>\ncom\u00adman\u00addant res\u00adpon\u00adsable de leur sacri\u00adfice, le g\u00e9n\u00e9ral<br>\nMu\u00f1oz Grandes, confor\u00adta\u00adble\u00adment ins\u00adtal\u00adl\u00e9 avec quatre<br>\ncents enchu\u00adfis\u00adtas (com\u00adbi\u00adnards) dans son quar\u00adtier g\u00e9n\u00e9ral<br>\nde Ber\u00adlin, trou\u00adva bon de faire un dis\u00adcours par radio, \u00e0<br>\nl\u2019occasion de No\u00ebl 1942. Les pieds au feu, il adres\u00adsa&nbsp;les<br>\nencou\u00adra\u00adge\u00adments sui\u00advants \u00e0 ceux de ses subor\u00addon\u00adn\u00e9s&nbsp;qui<br>\naffron\u00adtaient alors un froid mor\u00adtel et le feu des d\u00e9fenses<br>\nint\u00e9\u00adrieures de L\u00e9ningrad&nbsp;:<\/font><\/font><\/p>\n<p style=\"margin-right: 2.25cm; text-indent: 1cm; margin-bottom: 0cm;\" align=\"justify\">\n<font face=\"AGaramond\"><font size=\"3\">\u00ab&nbsp;Tr\u00e8s tenace est<br>\nl\u2019ennemi, et tr\u00e8s dur l\u2019hiver russe&nbsp;: mais notre race&nbsp;est<br>\nencore plus dure, dans cette lutte aux c\u00f4t\u00e9s&nbsp;des<br>\nh\u00e9ro\u00efques troupes allemandes.&nbsp;\u00bb<\/font><\/font><\/p>\n<p style=\"margin-right: 2.25cm; text-indent: 1cm; margin-bottom: 0cm;\" align=\"justify\">\n<font face=\"AGaramond\"><font size=\"3\">Et il les enga\u00adgeait classiquement<br>\n\u00e0 tenir jusqu\u2019au bout.<\/font><\/font><\/p>\n<p style=\"margin-right: 2.25cm; text-indent: 1cm; margin-bottom: 0cm;\" align=\"justify\">\n<font face=\"AGaramond\"><font size=\"3\">Entre-temps, ceux qui tombaient<br>\n\u00e9taient sai\u00adsis et \u00e9touf\u00adf\u00e9s par la neige, et&nbsp;leur<br>\nplace \u00e9tait prise par des \u00ab&nbsp;renforts&nbsp;\u00bb&nbsp;:<br>\nmal\u00adheu\u00adreux venant des pri\u00adsons d\u2019Espagne, conver\u00adtis \u00e0&nbsp;force<br>\nde faim, de coups, de pro\u00adlon\u00adga\u00adtion de peine \u2013 et pha\u00adlan\u00adgistes \u00ab&nbsp;volon\u00adtaires du devoir&nbsp;\u00bb, tou\u00adjours moins nombreux.<\/font><\/font><\/p>\n<p style=\"margin-right: 2.25cm; text-indent: 1cm; margin-bottom: 0cm;\" align=\"justify\">\n<font face=\"AGaramond\"><font size=\"3\"><\/font><\/font><\/p>\n<h2>Bleus de froid et de&nbsp;coups<\/h2>\n<p><\/p>\n<p style=\"margin-right: 2.25cm; text-indent: 1cm; margin-bottom: 0cm;\" align=\"justify\">\n<font face=\"AGaramond\"><font size=\"3\">Les glo\u00adrieux faits d\u2019armes<br>\npor\u00adt\u00e9s au compte de la Divi\u00adsion Azul furent&nbsp;: la liquidation<br>\nd\u2019une t\u00eate de pont \u00e9ta\u00adblie par les Russes sur&nbsp;une<br>\nrivi\u00e8re qui ser\u00advait de ligne de d\u00e9mar\u00adca\u00adtion, et&nbsp;une<br>\naction d\u00e9fen\u00adsive impo\u00ads\u00e9e par la pres\u00adsion bolchevique<br>\naux envi\u00adrons du lac Ilmen, dans la nuit du 27 d\u00e9cembre 1942.<\/font><\/font><\/p>\n<p style=\"margin-right: 2.25cm; text-indent: 1cm; margin-bottom: 0cm;\" align=\"justify\">\n<font face=\"AGaramond\"><font size=\"3\">\u00c0 cette occa\u00adsion,&nbsp;Mu\u00f1oz<br>\nGrandes avait ordon\u00adn\u00e9 \u00e0 ses sol\u00addats&nbsp;: \u00ab&nbsp;Que<br>\nper\u00adsonne ne recule&nbsp;! Conser\u00advez vos posi\u00adtions comme si vous&nbsp;\u00e9tiez<br>\nclou\u00e9s \u00e0 terre&nbsp;!&nbsp;\u00bb Les \u00ab&nbsp;bleus&nbsp;\u00bb<br>\nn\u2019eurent garde de bou\u00adger. Le gel, et les ba\u00efonnettes<br>\nalle\u00admandes situ\u00e9es \u00e0 l\u2019arri\u00e8re, leur&nbsp;en<br>\nenle\u00advait jusqu\u2019\u00e0 la tentation\u2026<\/font><\/font><\/p>\n<p style=\"margin-right: 2.25cm; text-indent: 1cm; margin-bottom: 0cm;\" align=\"justify\">\n<font face=\"AGaramond\"><font size=\"3\">Le froid fai\u00adsait encore plus&nbsp;de<br>\nmal aux divi\u00adsion\u00adnaires bleus que les rafales et les feux de salves<br>\ndes Russes. Un autre fac\u00adteur sta\u00adtis\u00adtique de pertes \u00e9tait<br>\nl\u2019abondance des \u00ab&nbsp;l\u00e2cheurs&nbsp;\u00bb. Il&nbsp;\u00e9tait<br>\ntel\u00adle\u00adment plus beau de plas\u00adtron\u00adner dans les caf\u00e9s de Madrid<br>\nque de cre\u00adver dans la glace&nbsp;! Tout cela fit que, sur les 27&nbsp;000<br>\nhommes qui pas\u00ads\u00e8rent par les uni\u00adt\u00e9s com\u00adbat\u00adtantes de&nbsp;la<br>\nDivi\u00adsion espa\u00adgnole des volon\u00adtaires, il y eut 8&nbsp;000 d\u00e9serteurs<br>\nplus ou moins pro\u00adt\u00e9\u00adg\u00e9s et 11&nbsp;000 morts, estropi\u00e9s,<br>\nhos\u00adpi\u00adta\u00adli\u00ads\u00e9s ou \u00ab&nbsp;dis\u00adpa\u00adrus&nbsp;\u00bb sur le front et&nbsp;le<br>\nlong du che\u00admin qui s\u00e9pare L\u00e9nin\u00adgrad de la fronti\u00e8re<br>\nd\u2019Espagne.<\/font><\/font><\/p>\n<p style=\"margin-right: 2.25cm; text-indent: 1cm; margin-bottom: 0cm;\" align=\"justify\">\n<font face=\"AGaramond\"><font size=\"3\">L\u2019oraison fun\u00e8bre des<br>\nvic\u00adtimes fut pro\u00adnon\u00adc\u00e9e en ces termes par le colo\u00adnel baron&nbsp;von<br>\nder&nbsp;Gross&nbsp;:<\/font><\/font><\/p>\n<p style=\"margin-right: 2.25cm; text-indent: 1cm; margin-bottom: 0cm;\" align=\"justify\">\n<font face=\"AGaramond\"><font size=\"3\">\u00ab&nbsp;Des cen\u00adtaines de tombes<br>\nfra\u00ee\u00adche\u00adment creu\u00ads\u00e9es, \u00e7\u00e0 et&nbsp;l\u00e0,<br>\ndans l\u2019immense terre russe, sou\u00adlignent la v\u00e9ra\u00adci\u00adt\u00e9&nbsp;du<br>\nvers c\u00e9l\u00e8bre&nbsp;: \u201cNo hay un pu\u00f1a\u00addo de tier\u00adra&nbsp;sin<br>\nuna tum\u00adba espa\u00f1o\u00adla\u201d (il n\u2019y a pas un coin de terre&nbsp;sans<br>\nune tombe espa\u00adgnole). Et les noms de toutes les r\u00e9gions<br>\nd\u2019Espagne sur les bras de ces croix rus\u00adtiques t\u00e9moignent<br>\ntaci\u00adte\u00adment des hautes ver\u00adtus mili\u00adtaires d\u2019une race d\u2019authentiques<br>\nsoldats.&nbsp;\u00bb<\/font><\/font><\/p>\n<p style=\"margin-right: 2.25cm; text-indent: 1cm; margin-bottom: 0cm;\" align=\"justify\">\n<font face=\"AGaramond\"><font size=\"3\">Les restes d\u00e9sarm\u00e9s<br>\nde la Divi\u00adsion Azul revinrent en Europe occi\u00adden\u00adtale en qualit\u00e9<br>\nde pri\u00adson\u00adniers rapa\u00adtri\u00e9s. Des cen\u00adtaines de sur\u00advi\u00advants, la<br>\nplu\u00adpart bles\u00ads\u00e9s, furent acca\u00adbl\u00e9s d\u2019outrages<br>\nlorsqu\u2019ils arri\u00adv\u00e8rent en convoi \u00e0 la station<br>\nfran\u00ad\u00e7aise de Cham\u00adb\u00e9\u00adry, apr\u00e8s avoir travers\u00e9<br>\nla Suisse, et ils eussent \u00e9t\u00e9 lyn\u00adch\u00e9s par&nbsp;la<br>\nfoule sans les efforts de la Croix-Rouge et l\u2019intervention des<br>\nAm\u00e9ricains.<\/font><\/font><\/p>\n<p style=\"margin-right: 2.25cm; text-indent: 1cm; margin-bottom: 0cm;\" align=\"justify\">\n<font face=\"AGaramond\"><font size=\"3\"><\/font><\/font><\/p>\n<h2>\u00ab&nbsp;Vae victis&nbsp;!&nbsp;\u00bb<\/h2>\n<p><\/p>\n<p style=\"margin-right: 2.25cm; text-indent: 1cm; margin-bottom: 0cm;\" align=\"justify\">\n<font face=\"AGaramond\"><font size=\"3\">Il est p\u00e9nible de<br>\nconsta\u00adter que les Fran\u00ad\u00e7ais ont r\u00e9ser\u00adv\u00e9&nbsp;aux<br>\nres\u00adca\u00adp\u00e9s espa\u00adgnols \u00ab&nbsp;fas\u00adcistes&nbsp;\u00bb des plaines<br>\nrusses les m\u00eames hu\u00e9es et les m\u00eames coups&nbsp;qui<br>\navaient salu\u00e9 l\u2019arriv\u00e9e \u00e0 la fronti\u00e8re<br>\npyr\u00e9\u00adn\u00e9enne des sol\u00addats et des r\u00e9fu\u00adgi\u00e9s \u00ab&nbsp;anti\u00adfas\u00adcistes&nbsp;\u00bb en 1938. L\u2019insulte aux vain\u00adcus est rest\u00e9e,<br>\ndepuis Bren\u00adnus, dans les m\u0153urs de ce peuple qui se croit le&nbsp;plus<br>\ng\u00e9n\u00e9\u00adreux et le plus spi\u00adri\u00adtuel de la terre&nbsp;; et&nbsp;cela,<br>\nmal\u00adgr\u00e9 les ter\u00adribles le\u00e7ons d\u2019humilit\u00e9 de&nbsp;1871<br>\net de&nbsp;1940&nbsp;!<\/font><\/font><\/p>\n<p style=\"margin-right: 2.25cm; text-indent: 1cm; margin-bottom: 0cm;\" align=\"justify\">\n<font face=\"AGaramond\"><font size=\"3\">Com\u00adbien il serait temps pour&nbsp;nous<br>\nde tirer de nos propres mis\u00e8res his\u00adto\u00adriques cette notion trop<br>\noubli\u00e9e, que si l\u2019oppresseur est mau\u00addit, l\u2019h\u00f4te, le<br>\npros\u00adcrit, le vain\u00adcu, le fugi\u00adtif, le sup\u00adpliant, et plus g\u00e9n\u00e9ralement<br>\nle mal\u00adheu\u00adreux, est sacr\u00e9 dans sa per\u00adsonne et dans son honneur.<br>\nBelle revanche, certes, pour une d\u00e9route comme nous en&nbsp;avons<br>\ntous connu nous-m\u00eames, de frap\u00adper et d\u2019insulter un adversaire<br>\nd\u00e9sar\u00adm\u00e9&nbsp;! Sous un uni\u00adforme d\u00e9tes\u00adt\u00e9,&nbsp;il<br>\nfaut savoir dis\u00adcer\u00adner un ami peut-\u00eatre et s\u00fbre\u00adment&nbsp;une<br>\nvic\u00adtime&nbsp;; nous savons main\u00adte\u00adnant que la divi\u00adsion Azul se com\u00adpo\u00adsait&nbsp;en<br>\nbonne par\u00adtie de r\u00e9pu\u00adbli\u00adcains recru\u00adt\u00e9s sous la menace<br>\ndes pires repr\u00e9\u00adsailles, et l\u2019on peut sup\u00adpo\u00adser que le&nbsp;reste<br>\navait acquis pour Mu\u00f1oz Grandes et Fran\u00adco la consid\u00e9ration<br>\nque m\u00e9rite le chef oublieux de ses hommes. Ce sont ces gens-l\u00e0<br>\nque les com\u00admu\u00adnistes et les super\u00adpa\u00adtriotes de Cham\u00adb\u00e9\u00adry&nbsp;ont<br>\nessay\u00e9 de mas\u00adsa\u00adcrer, pour leur don\u00adner une le\u00e7on&nbsp;de<br>\ncou\u00adrage et de d\u00e9mocratie&nbsp;!<\/font><\/font><\/p>\n<p style=\"margin-right: 2.25cm; text-indent: 1cm; margin-bottom: 0cm;\" align=\"justify\">\n<font face=\"AGaramond\"><font size=\"3\">\u00ab&nbsp;CNT&nbsp;\u00bb n\u2019a&nbsp;pas<br>\n\u00e9vo\u00adqu\u00e9 dans ses colonnes, par un oubli g\u00e9n\u00e9reux<br>\n\u00e0 quoi il faut rendre hom\u00admage, la l\u00e2chet\u00e9<br>\nfran\u00ad\u00e7aise bien connue, qui s\u2019est odieu\u00adse\u00adment exerc\u00e9e<br>\n\u00e0 l\u2019endroit des res\u00adca\u00adp\u00e9s d\u2019Irun, de Cata\u00adlogne, et<br>\nd\u2019ailleurs, avant d\u2019accabler les Alle\u00admands et les Espagnols<br>\ncap\u00adtu\u00adr\u00e9s sous l\u2019uniforme nazi.<\/font><\/font><\/p>\n<p style=\"margin-right: 2.25cm; text-indent: 1cm; margin-bottom: 0cm;\" align=\"justify\">\n<font face=\"AGaramond\"><font size=\"3\">Cette l\u00e2che\u00adt\u00e9,<br>\nd\u2019ailleurs, n\u2019a pas \u00e9par\u00adgn\u00e9 les Fran\u00e7ais<br>\neux-m\u00eames. Dans nos dis\u00adcordes civiles, tout homme appar\u00adte\u00adnant&nbsp;\u00e0<br>\nun autre par\u00adti que celui au pou\u00advoir \u00e9tait r\u00e9put\u00e9<br>\nhors l\u2019humanit\u00e9&nbsp;! Si Fran\u00adco a mis \u00e0 la mode&nbsp;de<br>\ntondre, de mar\u00adquer, de pro\u00adme\u00adner nues, de vio\u00adler ou muti\u00adler les femmes<br>\ndes rouges, il faut avouer que les rouges et les tri\u00adco\u00adlores de&nbsp;chez<br>\nnous ont mon\u00adtr\u00e9 qu\u2019ils \u00e9taient de bons \u00e9l\u00e8ves.<br>\nLe fas\u00adcisme de gauche valait celui de droite&nbsp;: il l\u2019a prouv\u00e9<br>\nen sur\u00adpeu\u00adplant les bagnes et les cime\u00adti\u00e8res. Et cela&nbsp;aussi<br>\ndevait \u00eatre&nbsp;dit.<\/font><\/font><\/p>\n<p style=\"margin-right: 2.25cm; text-indent: 1cm; margin-bottom: 0cm;\" align=\"justify\">\n<font face=\"AGaramond\"><font size=\"3\">Andr\u00e9 Pru\u00adnier<\/font><\/font><\/p>\n","protected":false},"excerpt":{"rendered":"<p>Quand les \u00ab&nbsp;volon\u00adtaires&nbsp;\u00bb espa\u00adgnols assi\u00e9\u00adgeaient L\u00e9nin\u00adgrad Si nous par\u00adlions un peu de la divi\u00adsion&nbsp;Azul&nbsp;? Oui, je sais, le moment est bien mal choi\u00adsi. Le g\u00e9n\u00e9\u00adral Fran\u00adco, qui en 1940 avait r\u00e9cla\u00adm\u00e9 vai\u00adne\u00adment&nbsp;\u00e0 l\u2019Allemagne, pour prix de son inter\u00adven\u00adtion, la moi\u00adti\u00e9&nbsp;de l\u2019Afrique du Nord et de l\u2019Afrique occi\u00adden\u00adtale \u00ab&nbsp;fran\u00ad\u00e7aise&nbsp;\u00bb, est aujourd\u2019hui un grand ami des&nbsp;USA,&nbsp;[\u2026]<\/p>\n","protected":false},"author":1,"featured_media":0,"comment_status":"closed","ping_status":"closed","sticky":false,"template":"","format":"standard","meta":{"wp_typography_post_enhancements_disabled":false,"footnotes":""},"categories":[93],"tags":[],"ppma_author":[540],"class_list":["post-833","post","type-post","status-publish","format-standard","hentry","category-temoins-n12-13-printemps-ete-1956"],"authors":[{"term_id":540,"user_id":1,"is_guest":0,"slug":"admin_3gikpwyf","display_name":"Vincent Dubuc","avatar_url":"https:\/\/secure.gravatar.com\/avatar\/d015720652c25fd2ced191ade86430094e1f288a17483713e3b34d26dea52507?s=96&d=mm&r=g","author_category":"","user_url":"https:\/\/la-presse-anarchiste.net","last_name":"Dubuc","first_name":"Vincent","job_title":"","description":""}],"_links":{"self":[{"href":"https:\/\/la-presse-anarchiste.net\/index.php\/wp-json\/wp\/v2\/posts\/833","targetHints":{"allow":["GET"]}}],"collection":[{"href":"https:\/\/la-presse-anarchiste.net\/index.php\/wp-json\/wp\/v2\/posts"}],"about":[{"href":"https:\/\/la-presse-anarchiste.net\/index.php\/wp-json\/wp\/v2\/types\/post"}],"author":[{"embeddable":true,"href":"https:\/\/la-presse-anarchiste.net\/index.php\/wp-json\/wp\/v2\/users\/1"}],"replies":[{"embeddable":true,"href":"https:\/\/la-presse-anarchiste.net\/index.php\/wp-json\/wp\/v2\/comments?post=833"}],"version-history":[{"count":0,"href":"https:\/\/la-presse-anarchiste.net\/index.php\/wp-json\/wp\/v2\/posts\/833\/revisions"}],"wp:attachment":[{"href":"https:\/\/la-presse-anarchiste.net\/index.php\/wp-json\/wp\/v2\/media?parent=833"}],"wp:term":[{"taxonomy":"category","embeddable":true,"href":"https:\/\/la-presse-anarchiste.net\/index.php\/wp-json\/wp\/v2\/categories?post=833"},{"taxonomy":"post_tag","embeddable":true,"href":"https:\/\/la-presse-anarchiste.net\/index.php\/wp-json\/wp\/v2\/tags?post=833"},{"taxonomy":"author","embeddable":true,"href":"https:\/\/la-presse-anarchiste.net\/index.php\/wp-json\/wp\/v2\/ppma_author?post=833"}],"curies":[{"name":"wp","href":"https:\/\/api.w.org\/{rel}","templated":true}]}}