{"id":834,"date":"2007-10-13T09:58:38","date_gmt":"2007-10-13T09:58:38","guid":{"rendered":"https:\/\/la-presse-anarchiste.net\/index.php\/2007\/10\/13\/limperalisme-francais\/"},"modified":"2007-10-13T09:58:38","modified_gmt":"2007-10-13T09:58:38","slug":"limperalisme-francais","status":"publish","type":"post","link":"https:\/\/la-presse-anarchiste.net\/index.php\/2007\/10\/13\/limperalisme-francais\/","title":{"rendered":"<i>L\u2019imp\u00e9ralisme fran\u00e7ais<\/i>"},"content":{"rendered":"<div class=\"pdfprnt-buttons pdfprnt-buttons-post pdfprnt-top-right\"><a href=\"https:\/\/la-presse-anarchiste.net\/index.php\/wp-json\/wp\/v2\/posts\/834?print=pdf\" class=\"pdfprnt-button pdfprnt-button-pdf\" target=\"_blank\"><img decoding=\"async\" src=\"https:\/\/la-presse-anarchiste.net\/wp-content\/plugins\/pdf-print\/images\/pdf.png\" alt=\"image_pdf\" title=\"Afficher le PDF\"><\/a><a href=\"https:\/\/la-presse-anarchiste.net\/index.php\/wp-json\/wp\/v2\/posts\/834?print=print\" class=\"pdfprnt-button pdfprnt-button-print\" target=\"_blank\"><img decoding=\"async\" src=\"https:\/\/la-presse-anarchiste.net\/wp-content\/plugins\/pdf-print\/images\/print.png\" alt=\"image_print\" title=\"Contenu imprim\u00e9\"><\/a><\/div><p>Le Cede\u00adtim est un col\u00adlec\u00adtif dont le nom com\u00adplet est \u00ab&nbsp;Centre d\u2019\u00e9\u00adtudes anti-imp\u00e9\u00adria\u00adlistes&nbsp;\u00bb et qui publie depuis au moins 1971 sur l\u2019im\u00adp\u00e9\u00adria\u00adlisme fran\u00ad\u00e7ais. Convain\u00adcus que les luttes \u00e0 pro\u00adpos du Viet\u00adnam, du Chi\u00adli, la Pales\u00adtine, etc. sont des luttes li\u00e9es \u00e0 l\u2019ac\u00adtua\u00adli\u00adt\u00e9, qui n\u2019im\u00adpliquent pas vrai\u00adment la classe ouvri\u00e8re&nbsp;; convain\u00adcus \u00e9ga\u00adle\u00adment que la d\u00e9non\u00adcia\u00adtion de l\u2019im\u00adp\u00e9\u00adria\u00adlisme nord-am\u00e9\u00adri\u00adcain fait oublier les \u00ab&nbsp;res\u00adpon\u00adsa\u00adbi\u00adli\u00adt\u00e9s sp\u00e9\u00adci\u00adfiques de l\u2019im\u00adp\u00e9\u00adria\u00adlisme fran\u00ad\u00e7ais&nbsp;\u00bb (p.&nbsp;11), ces mili\u00adtants veulent donc d\u00e9voi\u00adler l\u2019im\u00adpor\u00adtance de cet imp\u00e9rialisme.<\/p>\n<p>Le Cede\u00adtim n\u2019a pas une inter\u00adpr\u00e9\u00adta\u00adtion toute faite&nbsp;: l\u2019im\u00adp\u00e9\u00adria\u00adlisme fran\u00ad\u00e7ais comme d\u00e9pen\u00addant des int\u00e9\u00adr\u00eats de groupes ban\u00adcaires, eux-m\u00eames d\u00e9pen\u00addants de mul\u00adti\u00adna\u00adtio\u00adnales. En fait, il recon\u00adna\u00eet qu\u2019il est encore dif\u00adfi\u00adcile de cata\u00adlo\u00adguer pr\u00e9\u00adci\u00ads\u00e9\u00adment l\u2019im\u00adp\u00e9\u00adria\u00adlisme fran\u00ad\u00e7ais. C\u2019est donc une approche des\u00adcrip\u00adtive qui nous est donn\u00e9e.<\/p>\n<p>L\u2019his\u00adto\u00adrique du colo\u00adnia\u00adlisme fran\u00ad\u00e7ais montre un retard dans l\u2019ex\u00adpan\u00adsion, par rap\u00adport aux autres empires, et le r\u00f4le pr\u00e9\u00addo\u00admi\u00adnant de l\u2019\u00c9\u00adtat et des mili\u00adtaires dans l\u2019ex\u00adploi\u00adta\u00adtion des ter\u00adri\u00adtoires. Apr\u00e8s la guerre 1939\u200a\u2013\u200a45, la droite, alors repr\u00e9\u00adsen\u00adt\u00e9e par Fran\u00ad\u00e7ois Mit\u00adte\u00adrand, d\u00e9cide de ne plus r\u00e9pri\u00admer la bour\u00adgeoi\u00adsie indi\u00adg\u00e8ne colo\u00adnia\u00adliste, mais de lui don\u00adner cer\u00adtains droits, pour la s\u00e9pa\u00adrer de l\u2019in\u00adfluence com\u00admu\u00adniste, qui jus\u00adqu\u2019a\u00adlors mod\u00e9\u00adr\u00e9e, deve\u00adnait plus viru\u00adlente avec la guerre froide.<\/p>\n<p>Mais cet effort r\u00e9a\u00adli\u00ads\u00e9 d\u2019une part par la d\u00e9co\u00adlo\u00adni\u00adsa\u00adtion pure\u00adment juri\u00addique de De&nbsp;Gaulle, reste tr\u00e8s limi\u00adt\u00e9 par la s\u00e9v\u00e8re r\u00e9pres\u00adsion poli\u00adci\u00e8re dans les colo\u00adnies res\u00adtantes&nbsp;: Antilles, R\u00e9union, Nou\u00advelle Cal\u00e9\u00addo\u00adnie. De plus, il est \u00e9vident que Gis\u00adcard joue la carte de l\u2019in\u00adter\u00adven\u00adtion mili\u00adtaire en Afrique \u00e0 la place des USA (et avec son contr\u00f4le, ce qui est, me semble-t-il, le r\u00f4le du Br\u00e9\u00adsil en Am\u00e9\u00adrique Latine).<\/p>\n<p>Ce r\u00f4le de la France, comme chien de garde du colo\u00adnia\u00adlisme, ob\u00e9is\u00adsant \u00e0 la volon\u00adt\u00e9 des USA, cor\u00adres\u00adpond \u00e0 la d\u00e9pen\u00addance tech\u00adno\u00adlo\u00adgique fran\u00ad\u00e7aise vis \u00e0 vis de ce pays. Cepen\u00addant le col\u00adlec\u00adtif montre l\u2019im\u00adpor\u00adtance de cer\u00adtaines mul\u00adti\u00adna\u00adtio\u00adnales fran\u00ad\u00e7aises (Saint Gobain, Pont-a-Mous\u00adson, etc.) et leur d\u00e9sir de contr\u00f4\u00adler des mar\u00adch\u00e9s et des gise\u00adments en Afrique, ce qui ten\u00addrait \u00e0 contre\u00addire l\u2019in\u00adter\u00adpr\u00e9\u00adta\u00adtion de d\u00e9pen\u00addance tech\u00adno\u00adlo\u00adgique (p.&nbsp;32\u200a\u2013\u200a35). Les auteurs semblent r\u00e9soudre la dif\u00adfi\u00adcul\u00adt\u00e9 par le concept de \u00ab&nbsp;red\u00e9\u00adploie\u00adment&nbsp;\u00bb&nbsp;; les mul\u00adti\u00adna\u00adtio\u00adnales fran\u00ad\u00e7aises tire\u00adraient des pro\u00adfits sub\u00adstan\u00adtiels des USA, dont une d\u00e9pen\u00addance mutuelle.&nbsp;<\/p>\n<p>L\u2019\u00e9\u00adtude finit par une mise en \u00e9vi\u00addence des dif\u00adf\u00e9\u00adrents sec\u00adteurs de pros\u00adpec\u00adtion des firmes et de l\u2019\u00c9\u00adtat, sec\u00adteurs en concur\u00adrence, ce qui semble ren\u00advoyer \u00e0 la th\u00e8se pre\u00admi\u00e8re des luttes indi\u00adrectes de banques. Mais l\u2019in\u00adt\u00e9\u00adr\u00eat prin\u00adci\u00adpal est dans les annexes tr\u00e8s d\u00e9taill\u00e9es sur l\u2019ad\u00admi\u00adnis\u00adtra\u00adtion des colo\u00adnies fran\u00ad\u00e7aises, consi\u00add\u00e9\u00adr\u00e9es comme fai\u00adsant par\u00adtie de la France&nbsp;; sur les luttes aux Antilles, les ventes d\u2019armes, etc.<\/p>\n<p>Quelques extraits impor\u00adtants&nbsp;: d\u2019un point de vue \u00e9co\u00adno\u00admique l\u2019im\u00adpo\u00adsi\u00adtion aux ex-colo\u00adnies de la fabri\u00adca\u00adtion ou la culture de tel ou tel pro\u00adduit, la sur\u00adfac\u00adtu\u00adra\u00adtion de la tech\u00adno\u00adlo\u00adgie offerte, l\u2019emploi d\u2019une main d\u2019\u0153uvre immi\u00adgr\u00e9e dont la for\u00adma\u00adtion est assu\u00adr\u00e9e par la colo\u00adnie, cor\u00adres\u00adpondent \u00e0 une somme \u00e9qui\u00adva\u00adlente \u00ab&nbsp;\u00e0 8% de la r\u00e9mu\u00adn\u00e9\u00adra\u00adtion de la force de tra\u00advail pro\u00adduc\u00adtif et \u00e0 20% de l\u2019ac\u00adcu\u00admu\u00adla\u00adtion annuelle de capi\u00adtal pro\u00adduc\u00adtif&nbsp;\u00bb (p.&nbsp;64)&nbsp;; d\u2019un point de vue assis\u00adtance tech\u00adno\u00adlo\u00adgique ou cultu\u00adrelle le sys\u00adt\u00e8me de la coop\u00e9\u00adra\u00adtion (cadres enr\u00f4\u00adl\u00e9s pen\u00addant leur ser\u00advice mili\u00adtaire dans des ex colo\u00adnies) qui impose un type de d\u00e9ve\u00adlop\u00adpe\u00adment aux colo\u00adni\u00ads\u00e9s et en m\u00eame temps per\u00admet de sous payer les tech\u00adni\u00adciens (puis\u00adqu\u2019ils sont mili\u00adtaires), encore que le salaire soit le double ou le triple de celui du tech\u00adni\u00adcien indi\u00adg\u00e8ne fai\u00adsant le m\u00eame tra\u00advail&nbsp;; enfin, le d\u00e9ve\u00adlop\u00adpe\u00adment de gou\u00adver\u00adne\u00adments mili\u00adtaires fan\u00adtoches en Afrique (ex) fran\u00ad\u00e7aise et le for\u00admi\u00addable d\u00e9ve\u00adlop\u00adpe\u00adment de ventes d\u2019armes fran\u00ad\u00e7aises assurent un r\u00f4le crois\u00adsant aux mili\u00adtaires fran\u00ad\u00e7ais. Du reste ces armes fran\u00ad\u00e7aises sont \u00e9ga\u00adle\u00adment fabri\u00adqu\u00e9es sous licence en Isra\u00ebl, Afrique du sud, Espagne, Argen\u00adtine, ce qui per\u00admet de vendre indi\u00adrec\u00adte\u00adment dans toutes les par\u00adties du monde, comme le font les pays com\u00admu\u00adnistes&nbsp;: vente de chars russes T54 et T 55 de la Bul\u00adga\u00adrie au Chi\u00adli en jan\u00advier&nbsp;1975.<\/p>\n<p>M.Z.<\/p>\n","protected":false},"excerpt":{"rendered":"<p>Le Cede\u00adtim est un col\u00adlec\u00adtif dont le nom com\u00adplet est \u00ab&nbsp;Centre d\u2019\u00e9\u00adtudes anti-imp\u00e9\u00ad\u00adria\u00ad\u00adlistes&nbsp;\u00bb et qui publie depuis au moins 1971 sur l\u2019im\u00adp\u00e9\u00adria\u00adlisme fran\u00ad\u00e7ais. Convain\u00adcus que les luttes \u00e0 pro\u00adpos du Viet\u00adnam, du Chi\u00adli, la Pales\u00adtine, etc. sont des luttes li\u00e9es \u00e0 l\u2019ac\u00adtua\u00adli\u00adt\u00e9, qui n\u2019im\u00adpliquent pas vrai\u00adment la classe ouvri\u00e8re&nbsp;; convain\u00adcus \u00e9ga\u00adle\u00adment que la d\u00e9non\u00adcia\u00adtion&nbsp;de&nbsp;[\u2026]<\/p>\n","protected":false},"author":1,"featured_media":0,"comment_status":"closed","ping_status":"closed","sticky":false,"template":"","format":"standard","meta":{"wp_typography_post_enhancements_disabled":false,"footnotes":""},"categories":[44],"tags":[],"ppma_author":[540],"class_list":["post-834","post","type-post","status-publish","format-standard","hentry","category-la-lanterne-noire-na11-juillet-1978"],"authors":[{"term_id":540,"user_id":1,"is_guest":0,"slug":"admin_3gikpwyf","display_name":"Vincent Dubuc","avatar_url":"https:\/\/secure.gravatar.com\/avatar\/d015720652c25fd2ced191ade86430094e1f288a17483713e3b34d26dea52507?s=96&d=mm&r=g","author_category":"","user_url":"https:\/\/la-presse-anarchiste.net","last_name":"Dubuc","first_name":"Vincent","job_title":"","description":""}],"_links":{"self":[{"href":"https:\/\/la-presse-anarchiste.net\/index.php\/wp-json\/wp\/v2\/posts\/834","targetHints":{"allow":["GET"]}}],"collection":[{"href":"https:\/\/la-presse-anarchiste.net\/index.php\/wp-json\/wp\/v2\/posts"}],"about":[{"href":"https:\/\/la-presse-anarchiste.net\/index.php\/wp-json\/wp\/v2\/types\/post"}],"author":[{"embeddable":true,"href":"https:\/\/la-presse-anarchiste.net\/index.php\/wp-json\/wp\/v2\/users\/1"}],"replies":[{"embeddable":true,"href":"https:\/\/la-presse-anarchiste.net\/index.php\/wp-json\/wp\/v2\/comments?post=834"}],"version-history":[{"count":0,"href":"https:\/\/la-presse-anarchiste.net\/index.php\/wp-json\/wp\/v2\/posts\/834\/revisions"}],"wp:attachment":[{"href":"https:\/\/la-presse-anarchiste.net\/index.php\/wp-json\/wp\/v2\/media?parent=834"}],"wp:term":[{"taxonomy":"category","embeddable":true,"href":"https:\/\/la-presse-anarchiste.net\/index.php\/wp-json\/wp\/v2\/categories?post=834"},{"taxonomy":"post_tag","embeddable":true,"href":"https:\/\/la-presse-anarchiste.net\/index.php\/wp-json\/wp\/v2\/tags?post=834"},{"taxonomy":"author","embeddable":true,"href":"https:\/\/la-presse-anarchiste.net\/index.php\/wp-json\/wp\/v2\/ppma_author?post=834"}],"curies":[{"name":"wp","href":"https:\/\/api.w.org\/{rel}","templated":true}]}}