{"id":84,"date":"1895-05-10T00:05:22","date_gmt":"1895-05-10T00:05:22","guid":{"rendered":"https:\/\/la-presse-anarchiste.net\/index.php\/2007\/02\/02\/mouvement-social\/"},"modified":"2025-07-15T19:37:45","modified_gmt":"2025-07-15T19:37:45","slug":"mouvement-social","status":"publish","type":"post","link":"https:\/\/la-presse-anarchiste.net\/index.php\/1895\/05\/10\/mouvement-social\/","title":{"rendered":"Mouvement social"},"content":{"rendered":"<div class=\"pdfprnt-buttons pdfprnt-buttons-post pdfprnt-top-right\"><a href=\"https:\/\/la-presse-anarchiste.net\/index.php\/wp-json\/wp\/v2\/posts\/84?print=pdf\" class=\"pdfprnt-button pdfprnt-button-pdf\" target=\"_blank\"><img decoding=\"async\" src=\"https:\/\/la-presse-anarchiste.net\/wp-content\/plugins\/pdf-print\/images\/pdf.png\" alt=\"image_pdf\" title=\"Afficher le PDF\"><\/a><a href=\"https:\/\/la-presse-anarchiste.net\/index.php\/wp-json\/wp\/v2\/posts\/84?print=print\" class=\"pdfprnt-button pdfprnt-button-print\" target=\"_blank\"><img decoding=\"async\" src=\"https:\/\/la-presse-anarchiste.net\/wp-content\/plugins\/pdf-print\/images\/print.png\" alt=\"image_print\" title=\"Contenu imprim\u00e9\"><\/a><\/div><div align=\"justify\">\n<p style=\"text-align: justify;\">Paris. \u2015 Le gou\u00adver\u00adne\u00adment, dont \u00ab&nbsp;la pro\u00adfonde sym\u00adpa\u00adthie pour la classe ouvri\u00e8re&nbsp;\u00bb ne fait de doute pour per\u00adsonne, com\u00admence \u00e0 trou\u00adver que l\u2019es\u00adprit de soli\u00adda\u00adri\u00adt\u00e9 se r\u00e9pand beau\u00adcoup trop par\u00admi les tra\u00advailleurs et il s\u2019in\u00adqui\u00e8te for\u00adte\u00adment \u00e0 la pers\u00adpec\u00adtive d\u2019une gr\u00e8ve g\u00e9n\u00e9\u00adrale dont l\u2019i\u00add\u00e9e se pro\u00adpage de plus en plus. Aus\u00adsi a\u2011t-il pro\u00adje\u00adt\u00e9 d\u2019in\u00adter\u00addire au pro\u00adl\u00e9\u00adtaires jus\u00adqu\u2019au droit de dis\u00adcu\u00adter les condi\u00adtions de l\u2019offre et de la demande. Mais, n\u2019o\u00adsant pas d\u2019un coup le pro\u00adhi\u00adber pour tous, il s\u2019y est prit j\u00e9sui\u00adti\u00adque\u00adment en d\u00e9po\u00adsant, sous pr\u00e9\u00adtexte de patrio\u00adtisme (excellent paravent!), un pro\u00adjet de loi inter\u00addi\u00adsant le droit de gr\u00e8ve pour les ouvriers de l\u2019\u00c9\u00adtat et des com\u00adpa\u00adgnies de che\u00admins de fer. Vien\u00addra plus tard le tour des autres.<\/p>\n<p style=\"text-align: justify;\">Doux pays de libert\u00e9&nbsp;!<\/p>\n<div style=\"text-align: center;\" align=\"center\">\u2014 O \u2014<\/div>\n<p style=\"text-align: justify;\">&nbsp;&nbsp;&nbsp; La gr\u00e8ve des omni\u00adbus. \u2015 Les cochers, conduc\u00adteurs, pale\u00adfre\u00adniers, etc., de la Com\u00adpa\u00adgnie des Omni\u00adbus, se sont mis en gr\u00e8ve la semaine der\u00adni\u00e8re, en r\u00e9cla\u00admant l\u2019ex\u00e9\u00adcu\u00adtion des conven\u00adtions pas\u00ads\u00e9es \u00e0 la suite de la gr\u00e8ve de 1891. La gr\u00e8ve n\u2019a dur\u00e9e que trois jours. D\u00e8s le pre\u00admier jour, la police a mis ses agents et sa garde muni\u00adci\u00adpale au ser\u00advice de la puis\u00adsante Com\u00adpa\u00adgnie pour r\u00e9duire \u00e0 l\u2019\u00abob\u00e9issance&nbsp;\u00bb les esclaves rebelles. Pen\u00addant trois jours des nu\u00e9es de poli\u00adciers encom\u00adbrant les pla\u00adte\u00adformes et juch\u00e9s sur les imp\u00e9\u00adriales des omni\u00adbus ont impo\u00ads\u00e9s aux voya\u00adgeurs leur r\u00e9pu\u00adgnant contact. Le der\u00adnier jour, trou\u00advant sans doute que la dimi\u00adnu\u00adtion des b\u00e9n\u00e9\u00adfices de la com\u00adpa\u00adgnie deve\u00adnait par trop consi\u00add\u00e9\u00adrable et crai\u00adgnant pour ses pots-de-vin, le gou\u00adver\u00adne\u00adment, mal\u00adgr\u00e9 l\u2019at\u00adti\u00adtude ultra-paci\u00adfique des gr\u00e9\u00advistes, a adjoint aux poli\u00adciers des piquets d\u2019in\u00adfan\u00adte\u00adrie pour gar\u00adder les d\u00e9p\u00f4ts, prou\u00advant une fois de plus sa \u00ab&nbsp;pro\u00adfonde sym\u00adpa\u00adthie pour la classe ouvri\u00e8re&nbsp;\u00bb. Ne s\u2019a\u00adgis\u00adsait-il pas, en effet, de d\u00e9fendre la liber\u00adt\u00e9 du travail.<\/p>\n<p style=\"text-align: justify;\">&nbsp;&nbsp;&nbsp; Quant aux reven\u00addi\u00adca\u00adtions des gr\u00e9\u00advistes, tout s\u2019est bor\u00adn\u00e9 \u00e0 des dis\u00adcus\u00adsions sur une aug\u00admen\u00adta\u00adtion de salaires de quelques cen\u00adtimes. Mal\u00adgr\u00e9 ce mini\u00admum d\u2019exi\u00adgences, on a jug\u00e9 \u00e0 pro\u00adpos d\u2019ar\u00adr\u00ea\u00adter le pr\u00e9\u00adsident et le secr\u00e9\u00adtaire du syn\u00addi\u00adcat des employ\u00e9s. Jamais peut-\u00eatre, dans aucune gr\u00e8ve, le gou\u00adver\u00adne\u00adment ne prit si ouver\u00adte\u00adment par\u00adti pour ceux qui tiennent les cor\u00addons de la bourse.<\/p>\n<p style=\"text-align: justify;\">&nbsp;&nbsp;&nbsp; \u00c0 signa\u00adler aus\u00adsi une affiche par laquelle le direc\u00adteur Cuvi\u00adnot vante les lib\u00e9\u00adra\u00adli\u00adt\u00e9s de la com\u00adpa\u00adgnie et \u00e9nu\u00adm\u00e8re les sommes qu\u2019elle a d\u00e9bour\u00ads\u00e9es, soit pour la caisse d\u2019as\u00adsu\u00adrance, soit pour celle des retraites. Il oublie d\u2019in\u00addi\u00adquer, en regard de ces sommes gro\u00adtes\u00adque\u00adment minimes, le chiffre de recettes de 100 mil\u00adlions que r\u00e9a\u00adlise annuel\u00adle\u00adment la com\u00adpa\u00adgnie et qu\u2019elle pr\u00e9\u00adl\u00e8ve sur le tra\u00advail de ceux qu\u2019elle accable de sa g\u00e9n\u00e9\u00adro\u00adsi\u00adt\u00e9. Mais l\u00e0 n\u2019\u00e9\u00adtait pas la ques\u00adtion. Les ouvriers n\u2019ont pas encore com\u00adpris que tant qu\u2019une classe oisive r\u00e9a\u00adli\u00adse\u00adra un b\u00e9n\u00e9\u00adfice, quelque minime soit-il, sur leur tra\u00advail, c\u2019est qu\u2019ils seront spo\u00adli\u00e9s de ce b\u00e9n\u00e9\u00adfice. Le jour o\u00f9 ils le com\u00adpren\u00addront, les gr\u00e9\u00advistes auront sans doute un autre objec\u00adtif que de cou\u00adper un liard en quatre.<\/p>\n<p style=\"text-align: justify;\">&nbsp;&nbsp;&nbsp; Nous avons re\u00e7u d\u2019un groupe de cama\u00adrades russes et alle\u00admands la somme de 37 fr. 50 que nous avons fait par\u00adve\u00adnir au Syn\u00addi\u00adcat des employ\u00e9s de la Com\u00adpa\u00adgnie des omnibus.<\/p>\n<div style=\"text-align: center;\" align=\"center\">\u2014 O \u2014<\/div>\n<p style=\"text-align: justify;\">&nbsp;&nbsp;&nbsp; On annonce que S\u00e9bas\u00adtien Faure va faire, \u00e0 Paris, une s\u00e9rie de conf\u00e9\u00adrences publiques et contra\u00addic\u00adtoires afin d\u2019ex\u00adpo\u00adser ample\u00adment ses concep\u00adtions socio\u00adlo\u00adgiques. Il a, para\u00eet-il, invi\u00adt\u00e9 \u00e0 ses conf\u00e9\u00adrences les som\u00admi\u00adt\u00e9s poli\u00adtiques, lit\u00adt\u00e9\u00adraires et scien\u00adti\u00adfiques r\u00e9pu\u00adt\u00e9es comme s\u2019oc\u00adcu\u00adpant de la ques\u00adtion sociale.<\/p>\n<p style=\"text-align: justify;\">&nbsp;&nbsp;&nbsp; Ces conf\u00e9\u00adrences auront lieu chaque same\u00addi, \u00e0 8 h. \u00bd du soir, salle d\u2019Ar\u00adras, rue d\u2019Ar\u00adras, 3. La pre\u00admi\u00e8re est fix\u00e9e au same\u00addi 11 courant.<\/p>\n<div style=\"text-align: center;\" align=\"center\">\u2014 O \u2014<\/div>\n<p style=\"text-align: justify;\">Paris. \u2015 Le cama\u00adrade Pou\u00adget nous fait annon\u00adcer pour le 11 l\u2019ap\u00adpa\u00adri\u00adtion de la <em>Sociale<\/em>, organe heb\u00addo\u00adma\u00addaire illus\u00adtr\u00e9, \u00e0 0 fr. 10. Bonne chance \u00e0 notre cama\u00adrade. Le cama\u00adrade Mala\u00adto qui avait \u00e9t\u00e9 arr\u00ea\u00adt\u00e9 pour une infrac\u00adtion \u00e0 un d\u00e9cret d\u2019ex\u00adpul\u00adsion, vient d\u2019\u00eatre remis en liber\u00adt\u00e9, le gou\u00adver\u00adne\u00adment s\u2019\u00e9\u00adtant r\u00e9so\u00adlu \u00e0 le consi\u00add\u00e9\u00adrer, sur sa r\u00e9cla\u00adma\u00adtion, comme Fran\u00e7ais.<\/p>\n<div style=\"text-align: center;\" align=\"center\">\u2014 O \u2014<\/div>\n<p style=\"text-align: justify;\">Lens. \u2015 La d\u00e9l\u00e9\u00adga\u00adtion de la com\u00admis\u00adsion par\u00adle\u00admen\u00adtaire qui pro\u00adc\u00e8de \u00e0 une enqu\u00eate sur les condi\u00adtions du tra\u00advail des mines, visi\u00adtait, ces jours der\u00adniers, la par\u00adtie du bas\u00adsin houiller du Pas-de-Calais qu\u2019ex\u00adploite la Com\u00adpa\u00adgnie de Lens. Les com\u00admis\u00adsaires allaient de coron en coron, inter\u00adro\u00adgeant les chefs de famille, recueillant des ren\u00adsei\u00adgne\u00adment\u2026 Les corons sont, on le sait, les petites mai\u00adsons que la Com\u00adpa\u00adgnie, moyen\u00adnant hon\u00adn\u00eate pr\u00e9\u00adl\u00e8\u00adve\u00adment sur le salaire, met \u00e0 la dis\u00adpo\u00adsi\u00adtion de ses ouvriers. Apr\u00e8s vingt autres une porte est pous\u00ads\u00e9e. Logis veuf de ses ma\u00eetres. Pour tout habi\u00adtants, six mioches en haillons qu\u2019ef\u00adfraie la pr\u00e9\u00adsence de tant de mes\u00adsieurs graves. Une fillette de treize ans, cepen\u00addant, r\u00e9pond aux ques\u00adtions des visi\u00adteurs. La m\u00e8re est&nbsp;morte.<\/p>\n<p style=\"text-align: justify;\">\u2014 Et ton&nbsp;p\u00e8re&nbsp;?<\/p>\n<p style=\"text-align: justify;\">\u2014 Je ne sais pas, il est&nbsp;parti.<\/p>\n<p style=\"text-align: justify;\">On inter\u00adroge les voi\u00adsins qui pr\u00e9\u00adcisent et com\u00adpl\u00e8tent le r\u00e9cit de l\u2019en\u00adfant. Apr\u00e8s la mort de sa femme, le p\u00e8re, en proie \u00e0 un noir cha\u00adgrin, m\u00fb par on ne sait quelle l\u00e2che pen\u00ads\u00e9e, a quit\u00adt\u00e9 le pays. On ignore ce qu\u2019il est deve\u00adnu. Les petits sont res\u00adt\u00e9s seuls. L\u2019a\u00ee\u00adn\u00e9 de la nich\u00e9e, un gar\u00ad\u00e7on de qua\u00adtorze ans, tra\u00advaillait \u00e0 la mine. La Com\u00adpa\u00adgnie, lui fai\u00adsant appli\u00adca\u00adtion rigou\u00adreuse d\u2019une dis\u00adpo\u00adsi\u00adtion de son r\u00e8gle\u00adment, qui r\u00e9serve les petits postes aux enfants de mineurs occu\u00adp\u00e9s sur se propres chan\u00adtiers, la Com\u00adpa\u00adgnie l\u2019a ren\u00advoy\u00e9. Toute la petite famille, le gar\u00ad\u00e7on en t\u00eate, s\u2019est mise alors \u00e0 ramas\u00adser par les champs des pis\u00adsen\u00adlits pour les vendre. Tous ensemble, tra\u00advaillant bien, se fai\u00adsaient \u00e0 ce m\u00e9tier un reve\u00adnu total de huit sous par jour et c\u2019est avec cela qu\u2019on a v\u00e9cu tout l\u2019hi\u00adver. Mais la Com\u00adpa\u00adgnie n\u2019en\u00adtend pas loger, sur\u00adtout loger gra\u00adtis, une mar\u00admaille dont le tra\u00advail ne lui rap\u00adporte rie. Elle veut r\u00e9cu\u00adp\u00e9\u00adrer sa mai\u00adson. Elle a donc requis le com\u00admis\u00adsaire de police d\u2019ex\u00adpul\u00adser les enfants.<\/p>\n<p style=\"text-align: justify;\">(<em>L\u2019\u00c9\u00adclair<\/em>)<\/p>\n<div style=\"text-align: center;\" align=\"center\">\u2014 O \u2014<\/div>\n<p style=\"text-align: justify;\">Douai. \u2015 On lit dans le <em>R\u00e9veil du Nord<\/em>&nbsp;: Il y a quelques semaines, le sol\u00addat Sto\u00adfel, enfer\u00adm\u00e9 dans la pri\u00adson de la caserne Durutte \u00e0 Douai, s\u2019\u00e9\u00adva\u00addait par un trou qui avait \u00e9t\u00e9 pra\u00adti\u00adqu\u00e9 dans le mur de ladite pri\u00adson. Sans nul doute, quel\u00adqu\u2019un avait aid\u00e9 Sto\u00adfel dans son \u00e9va\u00adsion. Les soup\u00ad\u00e7ons de l\u2019au\u00adto\u00adri\u00adt\u00e9 mili\u00adtaire se por\u00adt\u00e8rent sur M.&nbsp;Paul Lefebve, 2<sup>e<\/sup> canon\u00adnier ser\u00advant au 15<sup>e<\/sup> d\u2019ar\u00adtille\u00adrie. Pour\u00adquoi lui plu\u00adt\u00f4t qu\u2019un autre&nbsp;? On ne le savait trop, peut-\u00eatre des rela\u00adtions d\u2019a\u00admi\u00adti\u00e9 unis\u00adsaient-elles les deux sol\u00addats. Quoi qu\u2019il en soit, il fal\u00adlait un cou\u00adpable. Paul Lefebvre fut imm\u00e9\u00addia\u00adte\u00adment arr\u00ea\u00adt\u00e9 et mis en cel\u00adlule. Il pro\u00adtes\u00adta vai\u00adne\u00adment de son inno\u00adcence. L\u2019in\u00adfailli\u00adbi\u00adli\u00adt\u00e9 de l\u2019ad\u00admi\u00adnis\u00adtra\u00adtion civile ou mili\u00adtaire est chose av\u00e9\u00adr\u00e9e. \u00ab&nbsp;On le lui fit bien savoir.&nbsp;\u00bb Un mois entier, Paul Lefebvre subit cette peine cruelle de l\u2019in\u00adcar\u00adc\u00e9\u00adra\u00adtion en cel\u00adlule. Pen\u00addant ce temps, l\u2019en\u00adqu\u00eate se pour\u00adsui\u00advait\u2026 Pour faire prendre patience au mal\u00adheu\u00adreux on le condui\u00adsit \u00e0 Lille&nbsp;; natu\u00adrel\u00adle\u00adment, il ne fit que pas\u00adser d\u2019une cel\u00adlule dans une autre. Quinze jours encore, il fut mal\u00adme\u00adn\u00e9 comme le plus vul\u00adgaire mal\u00adfai\u00adteur et l\u2019on sait que l\u2019au\u00adto\u00adri\u00adt\u00e9 mili\u00adtaire s\u2019en\u00adtend \u00e0 mar\u00adty\u00adri\u00adser les pauvres diables qu\u2019elle tient en sus\u00adpi\u00adcion. L\u2019en\u00adqu\u00eate conti\u00adnuait tou\u00adjours. Enfin elle fur close. Aucune preuve n\u2019a\u00advait pu \u00e9ta\u00adblir la culpa\u00adbi\u00adli\u00adt\u00e9 de Paul Lefebvre. Qua\u00adrante-cinq jours de cel\u00adlule pour avoir \u00e9t\u00e9 soup\u00ad\u00e7on\u00adn\u00e9 sans motif d\u2019a\u00advoir ren\u00addu ser\u00advice \u00e0 un cama\u00adrade, \u00e0 la bonne heure&nbsp;! Vive la dis\u00adci\u00adpline militaire&nbsp;!<\/p>\n<p style=\"text-align: right;\">Andr\u00e9 Girard (Max&nbsp;Buhr)<\/p>\n<\/div>\n","protected":false},"excerpt":{"rendered":"<p>Paris. \u2015 Le gou\u00adver\u00adne\u00adment, dont \u00ab&nbsp;la pro\u00adfonde sym\u00adpa\u00adthie pour la classe ouvri\u00e8re&nbsp;\u00bb ne fait de doute pour per\u00adsonne, com\u00admence \u00e0 trou\u00adver que l\u2019es\u00adprit de soli\u00adda\u00adri\u00adt\u00e9 se r\u00e9pand beau\u00adcoup trop par\u00admi les tra\u00advailleurs et il s\u2019in\u00adqui\u00e8te for\u00adte\u00adment \u00e0 la pers\u00adpec\u00adtive d\u2019une gr\u00e8ve g\u00e9n\u00e9\u00adrale dont l\u2019i\u00add\u00e9e se pro\u00adpage de plus en plus. Aus\u00adsi a\u2011t\u2011il pro\u00adje\u00adt\u00e9 d\u2019in\u00adter\u00addire&nbsp;au&nbsp;[\u2026]<\/p>\n","protected":false},"author":340,"featured_media":8890,"comment_status":"closed","ping_status":"closed","sticky":false,"template":"wp-custom-template-page-d-article","format":"standard","meta":{"wp_typography_post_enhancements_disabled":false,"footnotes":""},"categories":[12],"tags":[947],"ppma_author":[1152],"class_list":["post-84","post","type-post","status-publish","format-standard","has-post-thumbnail","hentry","category-les-temps-nouveaux-na1-du-4-au-10-mai-1895","tag-chronique-dactualites"],"authors":[{"term_id":1152,"user_id":340,"is_guest":0,"slug":"andre-girard","display_name":"Andr\u00e9 Girard","avatar_url":"https:\/\/secure.gravatar.com\/avatar\/b8e752c70222adf62501bc97cf40c75c605569009773a3a344aa48371f30f0a2?s=96&d=mm&r=g","author_category":"","user_url":"","last_name":"","first_name":"","job_title":"","description":""}],"_links":{"self":[{"href":"https:\/\/la-presse-anarchiste.net\/index.php\/wp-json\/wp\/v2\/posts\/84","targetHints":{"allow":["GET"]}}],"collection":[{"href":"https:\/\/la-presse-anarchiste.net\/index.php\/wp-json\/wp\/v2\/posts"}],"about":[{"href":"https:\/\/la-presse-anarchiste.net\/index.php\/wp-json\/wp\/v2\/types\/post"}],"author":[{"embeddable":true,"href":"https:\/\/la-presse-anarchiste.net\/index.php\/wp-json\/wp\/v2\/users\/340"}],"replies":[{"embeddable":true,"href":"https:\/\/la-presse-anarchiste.net\/index.php\/wp-json\/wp\/v2\/comments?post=84"}],"version-history":[{"count":2,"href":"https:\/\/la-presse-anarchiste.net\/index.php\/wp-json\/wp\/v2\/posts\/84\/revisions"}],"predecessor-version":[{"id":8908,"href":"https:\/\/la-presse-anarchiste.net\/index.php\/wp-json\/wp\/v2\/posts\/84\/revisions\/8908"}],"wp:featuredmedia":[{"embeddable":true,"href":"https:\/\/la-presse-anarchiste.net\/index.php\/wp-json\/wp\/v2\/media\/8890"}],"wp:attachment":[{"href":"https:\/\/la-presse-anarchiste.net\/index.php\/wp-json\/wp\/v2\/media?parent=84"}],"wp:term":[{"taxonomy":"category","embeddable":true,"href":"https:\/\/la-presse-anarchiste.net\/index.php\/wp-json\/wp\/v2\/categories?post=84"},{"taxonomy":"post_tag","embeddable":true,"href":"https:\/\/la-presse-anarchiste.net\/index.php\/wp-json\/wp\/v2\/tags?post=84"},{"taxonomy":"author","embeddable":true,"href":"https:\/\/la-presse-anarchiste.net\/index.php\/wp-json\/wp\/v2\/ppma_author?post=84"}],"curies":[{"name":"wp","href":"https:\/\/api.w.org\/{rel}","templated":true}]}}