{"id":848,"date":"2007-10-14T17:34:31","date_gmt":"2007-10-14T17:34:31","guid":{"rendered":"https:\/\/la-presse-anarchiste.net\/index.php\/2007\/10\/14\/la-paix\/"},"modified":"2007-10-14T17:34:31","modified_gmt":"2007-10-14T17:34:31","slug":"la-paix","status":"publish","type":"post","link":"https:\/\/la-presse-anarchiste.net\/index.php\/2007\/10\/14\/la-paix\/","title":{"rendered":"La paix"},"content":{"rendered":"<div class=\"pdfprnt-buttons pdfprnt-buttons-post pdfprnt-top-right\"><a href=\"https:\/\/la-presse-anarchiste.net\/index.php\/wp-json\/wp\/v2\/posts\/848?print=pdf\" class=\"pdfprnt-button pdfprnt-button-pdf\" target=\"_blank\"><img decoding=\"async\" src=\"https:\/\/la-presse-anarchiste.net\/wp-content\/plugins\/pdf-print\/images\/pdf.png\" alt=\"image_pdf\" title=\"Afficher le PDF\"><\/a><a href=\"https:\/\/la-presse-anarchiste.net\/index.php\/wp-json\/wp\/v2\/posts\/848?print=print\" class=\"pdfprnt-button pdfprnt-button-print\" target=\"_blank\"><img decoding=\"async\" src=\"https:\/\/la-presse-anarchiste.net\/wp-content\/plugins\/pdf-print\/images\/print.png\" alt=\"image_print\" title=\"Contenu imprim\u00e9\"><\/a><\/div><p style=\"text-indent: 1.42cm; margin-bottom: 0cm;\" align=\"justify\">Les<br>\nsoi\u00addi\u00adzants par\u00adti\u00adzants de la paix disent ordi\u00adnai\u00adre\u00adment que pour&nbsp;avoir<br>\nla paix il faut se pr\u00e9\u00adpa\u00adrer pour la gu\u00e8re. Alors&nbsp;ils<br>\nveulent mul\u00adti\u00adplier et per\u00adfec\u00adsio\u00adner lez arme\u00adments&nbsp;; on force&nbsp;les<br>\njeune jens a pas\u00adser un cer\u00adtain temp a la caserne pour y aprandre la<br>\nm\u00e9tier de tueur d\u2019homes&nbsp;; les ofi\u00adciers abi\u00adtuent&nbsp;leurs<br>\nsol\u00addats a une ob\u00e9is\u00adsance abso\u00adlue afin de mieux pou\u00advoir&nbsp;lez<br>\nanvoyer a la&nbsp;mort.<\/p>\n<p style=\"text-indent: 1.42cm; margin-bottom: 0cm;\" align=\"justify\">Croyez-vous<br>\nque dez arm\u00e9s nom\u00adbreuses et dis\u00adsi\u00adpli\u00adn\u00e9es assurent le<br>\nmin\u00adtien de la&nbsp;paix&nbsp;?<\/p>\n<p style=\"text-indent: 1.42cm; margin-bottom: 0cm;\" align=\"justify\">Moi<br>\nje crois que lez arm\u00e9s font la gu\u00e8re, et que sans&nbsp;arm\u00e9s<br>\nla gu\u00e8re serait impos\u00adsible. Si on vou\u00adlait vrai\u00adment la paix,&nbsp;on<br>\nd\u00e9zor\u00adga\u00adniz\u00adrait lez arm\u00e9s en refu\u00adsant de s\u2019y enr\u00f4ler<br>\net en encou\u00adra\u00adjant lez autres \u00e0 imi\u00adter cet exemple. Mais&nbsp;pour<br>\nn\u2019a\u00advoir pas de pri\u00adson a faire il fau\u00addrait par\u00adtir a l\u2019\u00e9tranger<br>\net se faire natu\u00adra\u00adli\u00adser avant de ran\u00adtrer dans le pays&nbsp;; car&nbsp;je<br>\ncrois qu\u2019a\u00advec un \u00e9tat civil \u00e9tran\u00adger on ne serait pas<br>\nobli\u00adj\u00e9 d\u2019ob\u00adser\u00adver la loi militaire.<\/p>\n<p style=\"text-indent: 1.42cm; margin-bottom: 0cm;\" align=\"justify\">Il<br>\nest vrai que lez \u00e9tran\u00adger ne sont pas \u00e9lec\u00adteur,&nbsp;mais,<br>\na\u2011t-on besoin d\u2019\u00eatre \u00e9lec\u00adteur pour fon\u00adder&nbsp;une<br>\nasso\u00adcia\u00adcion inter\u00adna\u00adcio\u00adnale de travailleurs&nbsp;?<\/p>\n<p style=\"text-indent: 1.42cm; margin-bottom: 0cm;\" align=\"justify\">Si<br>\nles riches, les puis\u00adsants et les bud\u00adg\u00e9\u00adti\u00adv\u00f4res se font&nbsp;la<br>\ngu\u00e8re et se tuent les uns les autres, lais\u00adsons les faire, il<br>\nen res\u00adte\u00adra bien assez pour vivre a nos d\u00e9pens.<\/p>\n<p style=\"text-indent: 1.42cm; margin-bottom: 0cm;\" align=\"justify\">Mais<br>\nnous, tra\u00advailleurs de toute natio\u00adna\u00adli\u00adt\u00e9, unissons-nous,<br>\naidons-nous et aimons-nous les uns les autres.<\/p>\n<p style=\"text-indent: 1.42cm; margin-bottom: 0cm;\" align=\"justify\">Alfonse<br>\nChafo<\/p>\n","protected":false},"excerpt":{"rendered":"<p>Les soi\u00addi\u00adzants par\u00adti\u00adzants de la paix disent ordi\u00adnai\u00adre\u00adment que pour&nbsp;avoir la paix il faut se pr\u00e9\u00adpa\u00adrer pour la gu\u00e8re. Alors&nbsp;ils veulent mul\u00adti\u00adplier et per\u00adfec\u00adsio\u00adner lez arme\u00adments&nbsp;; on force&nbsp;les jeune jens a pas\u00adser un cer\u00adtain temp a la caserne pour y aprandre la m\u00e9tier de tueur d\u2019homes&nbsp;; les ofi\u00adciers abi\u00adtuent&nbsp;leurs sol\u00addats a une ob\u00e9is\u00adsance abso\u00adlue&nbsp;afin&nbsp;[\u2026]<\/p>\n","protected":false},"author":1,"featured_media":0,"comment_status":"closed","ping_status":"closed","sticky":false,"template":"","format":"standard","meta":{"wp_typography_post_enhancements_disabled":false,"footnotes":""},"categories":[97],"tags":[],"ppma_author":[540],"class_list":["post-848","post","type-post","status-publish","format-standard","hentry","category-lere-nouvelle-n-3-juillet-1901"],"authors":[{"term_id":540,"user_id":1,"is_guest":0,"slug":"admin_3gikpwyf","display_name":"Vincent Dubuc","avatar_url":"https:\/\/secure.gravatar.com\/avatar\/d015720652c25fd2ced191ade86430094e1f288a17483713e3b34d26dea52507?s=96&d=mm&r=g","author_category":"","user_url":"https:\/\/la-presse-anarchiste.net","last_name":"Dubuc","first_name":"Vincent","job_title":"","description":""}],"_links":{"self":[{"href":"https:\/\/la-presse-anarchiste.net\/index.php\/wp-json\/wp\/v2\/posts\/848","targetHints":{"allow":["GET"]}}],"collection":[{"href":"https:\/\/la-presse-anarchiste.net\/index.php\/wp-json\/wp\/v2\/posts"}],"about":[{"href":"https:\/\/la-presse-anarchiste.net\/index.php\/wp-json\/wp\/v2\/types\/post"}],"author":[{"embeddable":true,"href":"https:\/\/la-presse-anarchiste.net\/index.php\/wp-json\/wp\/v2\/users\/1"}],"replies":[{"embeddable":true,"href":"https:\/\/la-presse-anarchiste.net\/index.php\/wp-json\/wp\/v2\/comments?post=848"}],"version-history":[{"count":0,"href":"https:\/\/la-presse-anarchiste.net\/index.php\/wp-json\/wp\/v2\/posts\/848\/revisions"}],"wp:attachment":[{"href":"https:\/\/la-presse-anarchiste.net\/index.php\/wp-json\/wp\/v2\/media?parent=848"}],"wp:term":[{"taxonomy":"category","embeddable":true,"href":"https:\/\/la-presse-anarchiste.net\/index.php\/wp-json\/wp\/v2\/categories?post=848"},{"taxonomy":"post_tag","embeddable":true,"href":"https:\/\/la-presse-anarchiste.net\/index.php\/wp-json\/wp\/v2\/tags?post=848"},{"taxonomy":"author","embeddable":true,"href":"https:\/\/la-presse-anarchiste.net\/index.php\/wp-json\/wp\/v2\/ppma_author?post=848"}],"curies":[{"name":"wp","href":"https:\/\/api.w.org\/{rel}","templated":true}]}}