{"id":859,"date":"2007-10-14T20:54:11","date_gmt":"2007-10-14T20:54:11","guid":{"rendered":"https:\/\/la-presse-anarchiste.net\/index.php\/2007\/10\/14\/realites-verites-6\/"},"modified":"2007-10-14T20:54:11","modified_gmt":"2007-10-14T20:54:11","slug":"realites-verites-6","status":"publish","type":"post","link":"https:\/\/la-presse-anarchiste.net\/index.php\/2007\/10\/14\/realites-verites-6\/","title":{"rendered":"R\u00e9alit\u00e9s, v\u00e9rit\u00e9s"},"content":{"rendered":"<div class=\"pdfprnt-buttons pdfprnt-buttons-post pdfprnt-top-right\"><a href=\"https:\/\/la-presse-anarchiste.net\/index.php\/wp-json\/wp\/v2\/posts\/859?print=pdf\" class=\"pdfprnt-button pdfprnt-button-pdf\" target=\"_blank\"><img decoding=\"async\" src=\"https:\/\/la-presse-anarchiste.net\/wp-content\/plugins\/pdf-print\/images\/pdf.png\" alt=\"image_pdf\" title=\"Afficher le PDF\"><\/a><a href=\"https:\/\/la-presse-anarchiste.net\/index.php\/wp-json\/wp\/v2\/posts\/859?print=print\" class=\"pdfprnt-button pdfprnt-button-print\" target=\"_blank\"><img decoding=\"async\" src=\"https:\/\/la-presse-anarchiste.net\/wp-content\/plugins\/pdf-print\/images\/print.png\" alt=\"image_print\" title=\"Contenu imprim\u00e9\"><\/a><\/div><p style=\"margin-bottom: 0cm;\" align=\"justify\">&nbsp;&nbsp;&nbsp; L\u2019i\u00add\u00e9al, mot&nbsp;qui<br>\nr\u00e9sonne mal \u00e0 cer\u00adtaines oreilles, soit qu\u2019elles n\u2019en<br>\nsai\u00adsissent point le sens, soit qu\u2019elles le consi\u00add\u00e8rent comme<br>\nirr\u00e9a\u00adli\u00adsable. Mot admi\u00adrable, tant de fois galvaud\u00e9<br>\nqu\u2019on ose \u00e0 peine le pro\u00adnon\u00adcer. Et pour\u00adtant, ain\u00adsi que&nbsp;le<br>\ndisait Tol\u00adsto\u00ef&nbsp;: \u00ab&nbsp;L\u2019i\u00add\u00e9al est ce qu\u2019il&nbsp;y<br>\na de plus r\u00e9el et de plus cer\u00adtain pour l\u2019homme&nbsp;\u00bb.&nbsp;<\/p>\n<p style=\"margin-bottom: 0cm;\" align=\"center\">\n<\/p><h2>\u2014 O \u2014<\/h2>\n<p style=\"margin-bottom: 0cm;\" align=\"justify\">\tOn assiste chaque jour&nbsp;\u00e0<br>\ndes spec\u00adtacles r\u00e9pu\u00adgnants dont on se demande s\u2019il ne vaudrait<br>\npas mieux rire que de s\u2019in\u00addi\u00adgner. Tout est comique de ce que font&nbsp;les<br>\nhommes d\u2019au\u00adjourd\u2019\u00adhui, parce qu\u2019ils ne se sont jamais contre\u00addits&nbsp;avec<br>\nautant de cynisme. On vit dans une soci\u00e9\u00adt\u00e9 offrant<br>\nl\u2019as\u00adpect d\u2019un manoir \u00e0 l\u2019en\u00advers, habi\u00adt\u00e9 par des&nbsp;fous.<br>\nOn constate qu\u2019elle ren\u00adferme de moins en moins de liber\u00adt\u00e9&nbsp;et<br>\nde plus en plus de b\u00eatise.&nbsp;<\/p>\n<p style=\"margin-bottom: 0cm;\" align=\"center\">\n<\/p><h2>\u2014 O \u2014<\/h2>\n<p style=\"margin-bottom: 0cm;\" align=\"justify\">\tD\u00e9nationaliser<br>\nl\u2019in\u00addi\u00advi\u00addu est une t\u00e2che plus urgente que de natio\u00adna\u00adli\u00adser&nbsp;les<br>\nindus\u00adtries guer\u00adri\u00e8res, Ce serait la fin du r\u00e9gime de<br>\ncapo\u00adra\u00adli\u00adsa\u00adtion, mili\u00adta\u00adri\u00adsa\u00adtion, gr\u00e9\u00adga\u00adri\u00adsa\u00adtion et autres<br>\nmal\u00e9\u00addic\u00adtions qui p\u00e8sent sur sa des\u00adti\u00adn\u00e9e et&nbsp;qui<br>\n\u00e9qui\u00advaut \u00e0 une robo\u00adti\u00adsa\u00adtion int\u00e9grale.<\/p>\n<p style=\"margin-bottom: 0cm;\" align=\"center\">\n<\/p><h2>\u2014 O \u2014<\/h2>\n<p style=\"margin-bottom: 0cm;\" align=\"justify\">\tJamais les app\u00e9tits<br>\ndes peuples, avides de conqu\u00eates et de domi\u00adna\u00adtion, ne se&nbsp;sont<br>\nmon\u00adtr\u00e9s aus\u00adsi f\u00e9roces qu\u2019au\u00adjourd\u2019\u00adhui&nbsp;o\u00f9<br>\nl\u2019hu\u00adma\u00adni\u00adt\u00e9 repart \u00e0 z\u00e9ro. Z\u00e9ro,&nbsp;c\u2019est<br>\nbien en effet le chiffre qui r\u00e9sume la situa\u00adtion.&nbsp;Z\u00e9ro<br>\npour la pen\u00ads\u00e9e, z\u00e9ro pour la liber\u00adt\u00e9,&nbsp;z\u00e9ro<br>\npour la jus\u00adtice, z\u00e9ro pour la v\u00e9ri\u00adt\u00e9.&nbsp;Z\u00e9ro<br>\npour tout, mais des mil\u00adliards pour la guerre&nbsp;!&nbsp;<\/p>\n<p style=\"margin-bottom: 0cm;\" align=\"center\">\n<\/p><h2>\u2014 O \u2014<\/h2>\n<p style=\"margin-bottom: 0cm;\" align=\"justify\">\tL\u2019im\u00admonde slo\u00adgan,&nbsp;qui<br>\nn\u2019a jamais pro\u00adduit rien de bon&nbsp;: \u00ab&nbsp;Si tu veux&nbsp;la<br>\npaix, pr\u00e9\u00adpare la guerre&nbsp;\u00bb, est plus que jamais \u00e0<br>\nl\u2019ordre du jour. Chaque peuple, sous pr\u00e9\u00adtexte de se prot\u00e9ger,<br>\net encore plus de pro\u00adt\u00e9\u00adger ses voi\u00adsins, pr\u00e9\u00adco\u00adnise&nbsp;les<br>\narme\u00adments \u00e0 outrance et le ser\u00advice mili\u00adtaire obli\u00adga\u00adtoire. Une<br>\nguerre \u00e0 peine finie, une autre recom\u00admence. Jamais on n\u2019aura<br>\ntant par\u00adl\u00e9 de guerre que depuis que nous avons la paix.&nbsp;La<br>\nfolie r\u00e8gne par\u00adtout. D\u00e9ci\u00add\u00e9\u00adment, la&nbsp;b\u00eate<br>\nhumaine est ind\u00e9crottable.<\/p>\n<p style=\"margin-bottom: 0cm;\" align=\"center\">\n<\/p><h2>\u2014 O \u2014<\/h2>\n<p style=\"margin-bottom: 0cm;\" align=\"justify\">\tDe toutes les<br>\nnatio\u00adna\u00adli\u00adsa\u00adtions, il en est une dont on ne parle pas, et qui existe<br>\ncepen\u00addant depuis long\u00adtemps&nbsp;: c\u2019est celle de l\u2019in\u00addi\u00advi\u00addu.&nbsp;Elle<br>\npasse inaper\u00e7ue.&nbsp;<\/p>\n<p style=\"margin-bottom: 0cm;\" align=\"center\">\n<\/p><h2>\u2014 O \u2014<\/h2>\n<p style=\"margin-bottom: 0cm;\" align=\"justify\">\tLa guerre, qui a&nbsp;tu\u00e9<br>\ndes mil\u00adlions d\u2019hommes, n\u2019a pas tu\u00e9 la pape\u00adras\u00adse\u00adrie. C\u2019est&nbsp;elle<br>\nqui sort vic\u00adto\u00adrieuse de la bagarre. Elle a tous les hon\u00adneurs. Partout<br>\ndes papiers \u00e0 rem\u00adplir et des cir\u00adcu\u00adlaires en nombre infi\u00adni.&nbsp;Des<br>\nfonc\u00adtion\u00adnaires en veux-tu en voi\u00adl\u00e0, les uns pour transformer,<br>\nles autres pour don\u00adner un visa, d\u2019autres pour v\u00e9ri\u00adfier si&nbsp;tout<br>\nest bien exact. Et, \u00e0 la fin, on s\u2019a\u00adper\u00ad\u00e7oit&nbsp;qu\u2019il<br>\nmanque quelque chose. Tout est \u00e0 recommencer.<\/p>\n<p style=\"margin-bottom: 0cm;\" align=\"center\">\n<\/p><h2>\u2014 O \u2014<\/h2>\n<p style=\"margin-bottom: 0cm;\" align=\"justify\">\tTous les fonctionnaires,<br>\ninter\u00adm\u00e9\u00addiaires ou autres, pour conser\u00adver leurs places,<br>\nemb\u00eatent le public. La m\u00e9thode Cou\u00e9 s\u2019av\u00e8re<br>\ninef\u00adfi\u00adcace. \u00ab&nbsp;Tu es libre&nbsp;\u00bb, \u00ab&nbsp;nous<br>\nsommes libres&nbsp;\u00bb, etc. Quelle \u00e9poque&nbsp;!&nbsp;et<br>\nquelle lib\u00e9ration&nbsp;!&nbsp;<\/p>\n<p style=\"margin-bottom: 0cm;\" align=\"center\">\n<\/p><h2>\u2014 O \u2014<\/h2>\n<p style=\"margin-bottom: 0cm;\" align=\"justify\">\tAvoir l\u2019air de&nbsp;faire<br>\nquelque chose\u200a\u2014\u200an\u2019im\u00adporte quoi\u200a\u2014\u200apour\u00advu qu\u2019on en ait&nbsp;l\u2019air&nbsp;\u2014<br>\ntelle a tou\u00adjours \u00e9t\u00e9 la tac\u00adtique des par\u00adtis politiques<br>\npour acc\u00e9\u00adder au pou\u00advoir et s\u2019y main\u00adte\u00adnir par le&nbsp;m\u00eame<br>\nmoyen. C\u2019est plu\u00adt\u00f4t d\u00e9faire qu\u2019il faut dire, d\u00e9faire<br>\nce que les autres ont fait pour faire plus mal encore\u2026 jusqu\u2019aux<br>\npro\u00adchaines \u00e9lec\u00adtions, o\u00f9 l\u2019on enten\u00addra les&nbsp;m\u00eames<br>\ndis\u00adcours et les m\u00eames promesses.<\/p>\n<p style=\"margin-bottom: 0cm;\" align=\"center\">\n<\/p><h2>\u2014 O \u2014<\/h2>\n<p style=\"margin-bottom: 0cm;\" align=\"justify\">\tToute l\u2019agitation<br>\npoli\u00adtique, sous quelque forme qu\u2019elle se pr\u00e9\u00adsente et quelque<br>\n\u00e9ti\u00adquette dont elle se camoufle, se ram\u00e8ne en dernier<br>\nlieu \u00e0 une ques\u00adtion de porte-feuilles. Devant elle&nbsp;tout<br>\ns\u2019ef\u00adface, il ne s\u2019a\u00adgit plus de faire le bon\u00adheur du peuple, mais<br>\nseule\u00adment celui de quelques indi\u00advi\u00addus plus malins que les autres. Il<br>\nn\u2019est plus ques\u00adtion que de pro\u00adfi\u00adter due cir\u00adcons\u00adtances pour acc\u00e9der<br>\nau pou\u00advoir et s\u2019y main\u00adte\u00adnir jus\u00adqu\u2019\u00e0 nou\u00advel&nbsp;ordre.<\/p>\n<p style=\"margin-bottom: 0cm;\" align=\"center\">\n<\/p><h2>\u2014 O \u2014<\/h2>\n<p style=\"margin-bottom: 0cm;\" align=\"justify\">\tDire que tous&nbsp;les<br>\npro\u00adbl\u00e8mes \u00e0 l\u2019ordre du jour se ram\u00e8nent \u00e0<br>\nune ques\u00adtion de \u00ab&nbsp;man\u00adgeaille&nbsp;\u00bb&nbsp;! La&nbsp;paix,<br>\nl\u2019in\u00add\u00e9\u00adpen\u00addance des indi\u00advi\u00addus, la s\u00e9cu\u00adri\u00adt\u00e9&nbsp;des<br>\nnations, le pro\u00adgr\u00e8s moral et phy\u00adsique se ram\u00e8nent au<br>\ntube diges\u00adtif. Il suf\u00adfit de don\u00adner a man\u00adger au vain\u00adcu pour que&nbsp;le<br>\nvain\u00adqueur son bien vu et au popu\u00adlo pour qu\u2019il cesse de revendiquer.<br>\nToutes les dif\u00adfi\u00adcul\u00adt\u00e9s s\u2019a\u00adpla\u00adnissent. Tout c\u00e8de&nbsp;et<br>\nrentre dans l\u2019ordre pour un mor\u00adceau de beefteak&nbsp;!<\/p>\n<p style=\"margin-bottom: 0cm;\" align=\"center\">\n<\/p><h2>\u2014 O \u2014<\/h2>\n<p style=\"margin-bottom: 0cm;\" align=\"justify\">\t\u00ab&nbsp;Nous sommes<br>\nlibres&nbsp;\u00bb, dites-vous, ou du moins vous croyez l\u2019\u00eatre.<br>\nRes\u00adca\u00adp\u00e9 d\u2019une dic\u00adta\u00adture, on retombe dans une autre. La<br>\ndic\u00adta\u00adture existe tou\u00adjours sous dif\u00adf\u00e9\u00adrents camou\u00adflages. On&nbsp;ne<br>\npeut gu\u00e8re y \u00e9chap\u00adper, mais quand elle rel\u00e2che<br>\nses liens, c\u2019est alors qu\u2019on se croit libre et qu\u2019on le pro\u00adclame&nbsp;\u00e0<br>\ncor et \u00e0 cri. \u00c0 d\u00e9faut de liber\u00adt\u00e9 on a&nbsp;son<br>\nmasque. C\u2019est tou\u00adjours&nbsp;\u00e7a&nbsp;!<\/p>\n<p style=\"margin-bottom: 0cm;\" align=\"center\">\n<\/p><h2>\u2014 O \u2014<\/h2>\n<p style=\"margin-bottom: 0cm;\" align=\"justify\">\tLe propre des<br>\nd\u00e9mo\u00adcra\u00adties c\u2019est de nous don\u00adner l\u2019illu\u00adsion de la libert\u00e9,<br>\nalors que les r\u00e9gimes tota\u00adli\u00adtaires nous l\u2019enl\u00e8vent.<br>\nAvec ces der\u00adniers, point d\u2019\u00e9\u00adqui\u00advoque, on sait \u00e0&nbsp;quoi<br>\ns\u2019en tenir. Avec les pre\u00admi\u00e8res on conserve l\u2019es\u00adpoir qu\u2019un&nbsp;jour<br>\nvien\u00addra o\u00f9 une d\u00e9mo\u00adcra\u00adtie r\u00e9elle succ\u00e9dera<br>\naux cari\u00adca\u00adtures de d\u00e9mo\u00adcra\u00adties que nous connaissons.&nbsp;<\/p>\n<p style=\"margin-bottom: 0cm;\" align=\"center\">\n<\/p><h2>\u2014 O \u2014<\/h2>\n<p style=\"margin-bottom: 0cm;\" align=\"justify\">\tQue vient-on nous<br>\nrepro\u00adcher de res\u00adsas\u00adser tou\u00adjours les m\u00eames v\u00e9rit\u00e9s,<br>\nalors que les r\u00e9a\u00adli\u00adt\u00e9s ne changent pas&nbsp;! Est-ce<br>\nnotre faute si les hommes ne valent pas mieux, si la b\u00eatise<br>\ndemeure, si l\u2019i\u00adni\u00adqui\u00adt\u00e9 conti\u00adnue \u00e0 faire des siennes&nbsp;?<br>\nEn pr\u00e9\u00adsence des m\u00eames lai\u00addeurs nous sommes bien forc\u00e9s<br>\nd\u2019u\u00adti\u00adli\u00adser les m\u00eames mots et de faire les&nbsp;m\u00eames<br>\nconstatations.<\/p>\n<p style=\"margin-bottom: 0cm;\" align=\"justify\">G de Lacaze-Duthiers<\/p>\n","protected":false},"excerpt":{"rendered":"<p>&nbsp;&nbsp;&nbsp; L\u2019i\u00add\u00e9al, mot&nbsp;qui r\u00e9sonne mal \u00e0 cer\u00adtaines oreilles, soit qu\u2019elles n\u2019en sai\u00adsissent point le sens, soit qu\u2019elles le consi\u00add\u00e8rent comme irr\u00e9a\u00adli\u00adsable. Mot admi\u00adrable, tant de fois gal\u00advau\u00add\u00e9 qu\u2019on ose \u00e0 peine le pro\u00adnon\u00adcer. Et pour\u00adtant, ain\u00adsi que&nbsp;le disait Tol\u00adsto\u00ef&nbsp;: \u00ab&nbsp;L\u2019i\u00add\u00e9al est ce qu\u2019il&nbsp;y a de plus r\u00e9el et de plus cer\u00adtain pour l\u2019homme&nbsp;\u00bb.&nbsp;\u200a\u2014\u200aO&nbsp;[\u2026]<\/p>\n","protected":false},"author":1,"featured_media":0,"comment_status":"closed","ping_status":"closed","sticky":false,"template":"","format":"standard","meta":{"wp_typography_post_enhancements_disabled":false,"footnotes":""},"categories":[99],"tags":[],"ppma_author":[540],"class_list":["post-859","post","type-post","status-publish","format-standard","hentry","category-lunique-n7-janvier-fevrier-1946"],"authors":[{"term_id":540,"user_id":1,"is_guest":0,"slug":"admin_3gikpwyf","display_name":"Vincent Dubuc","avatar_url":"https:\/\/secure.gravatar.com\/avatar\/d015720652c25fd2ced191ade86430094e1f288a17483713e3b34d26dea52507?s=96&d=mm&r=g","author_category":"","user_url":"https:\/\/la-presse-anarchiste.net","last_name":"Dubuc","first_name":"Vincent","job_title":"","description":""}],"_links":{"self":[{"href":"https:\/\/la-presse-anarchiste.net\/index.php\/wp-json\/wp\/v2\/posts\/859","targetHints":{"allow":["GET"]}}],"collection":[{"href":"https:\/\/la-presse-anarchiste.net\/index.php\/wp-json\/wp\/v2\/posts"}],"about":[{"href":"https:\/\/la-presse-anarchiste.net\/index.php\/wp-json\/wp\/v2\/types\/post"}],"author":[{"embeddable":true,"href":"https:\/\/la-presse-anarchiste.net\/index.php\/wp-json\/wp\/v2\/users\/1"}],"replies":[{"embeddable":true,"href":"https:\/\/la-presse-anarchiste.net\/index.php\/wp-json\/wp\/v2\/comments?post=859"}],"version-history":[{"count":0,"href":"https:\/\/la-presse-anarchiste.net\/index.php\/wp-json\/wp\/v2\/posts\/859\/revisions"}],"wp:attachment":[{"href":"https:\/\/la-presse-anarchiste.net\/index.php\/wp-json\/wp\/v2\/media?parent=859"}],"wp:term":[{"taxonomy":"category","embeddable":true,"href":"https:\/\/la-presse-anarchiste.net\/index.php\/wp-json\/wp\/v2\/categories?post=859"},{"taxonomy":"post_tag","embeddable":true,"href":"https:\/\/la-presse-anarchiste.net\/index.php\/wp-json\/wp\/v2\/tags?post=859"},{"taxonomy":"author","embeddable":true,"href":"https:\/\/la-presse-anarchiste.net\/index.php\/wp-json\/wp\/v2\/ppma_author?post=859"}],"curies":[{"name":"wp","href":"https:\/\/api.w.org\/{rel}","templated":true}]}}