{"id":880,"date":"1967-10-01T00:05:49","date_gmt":"1967-10-01T00:05:49","guid":{"rendered":"https:\/\/la-presse-anarchiste.net\/index.php\/2007\/10\/19\/appel\/"},"modified":"2024-04-29T19:30:44","modified_gmt":"2024-04-29T19:30:44","slug":"appel","status":"publish","type":"post","link":"https:\/\/la-presse-anarchiste.net\/index.php\/1967\/10\/01\/appel\/","title":{"rendered":"Appel"},"content":{"rendered":"<div class=\"pdfprnt-buttons pdfprnt-buttons-post pdfprnt-top-right\"><a href=\"https:\/\/la-presse-anarchiste.net\/index.php\/wp-json\/wp\/v2\/posts\/880?print=pdf\" class=\"pdfprnt-button pdfprnt-button-pdf\" target=\"_blank\"><img decoding=\"async\" src=\"https:\/\/la-presse-anarchiste.net\/wp-content\/plugins\/pdf-print\/images\/pdf.png\" alt=\"image_pdf\" title=\"Afficher le PDF\"><\/a><a href=\"https:\/\/la-presse-anarchiste.net\/index.php\/wp-json\/wp\/v2\/posts\/880?print=print\" class=\"pdfprnt-button pdfprnt-button-print\" target=\"_blank\"><img decoding=\"async\" src=\"https:\/\/la-presse-anarchiste.net\/wp-content\/plugins\/pdf-print\/images\/print.png\" alt=\"image_print\" title=\"Contenu imprim\u00e9\"><\/a><\/div><p style=\"text-align: justify;\">&nbsp;&nbsp;&nbsp; On a pu nous repro\u00adcher de ne pas abor\u00adder suf\u00adfi\u00adsam\u00adment des sujets plus sp\u00e9\u00adci\u00adfi\u00adque\u00adment anar\u00adchistes ou voi\u00adsins comme l\u2019autogestion, les col\u00adlec\u00adti\u00advi\u00adt\u00e9s liber\u00adtaires espa\u00adgnoles, les pro\u00adbl\u00e8mes d\u2019organisation et l\u2019actualisation de l\u2019anarchisme, etc. Nous recon\u00adnais\u00adsons ce d\u00e9s\u00ad\u00e9qui\u00adlibre par rap\u00adport au volume qu\u2019occupe la non-vio\u00adlence dans notre revue. Pour\u00adtant, plu\u00adt\u00f4t que de dou\u00adbler inuti\u00adle\u00adment cer\u00adtaines publi\u00adca\u00adtions, nous pr\u00e9\u00adf\u00e9\u00adrons ren\u00advoyer nos lec\u00adteurs \u00e0 celles-ci. En par\u00adti\u00adcu\u00adlier \u00ab&nbsp;Noir et Rouge&nbsp;\u00bb, cahiers tri\u00admes\u00adtriels d\u2019\u00e9tudes anar\u00adchistes, nous para\u00eet \u00eatre int\u00e9\u00adres\u00adsant par son ouver\u00adture \u00e0 un anar\u00adchisme vivant, l\u2019esprit s\u00e9rieux de ses \u00e9tudes, son sou\u00adci r\u00e9el du dialogue.<\/p>\n<p style=\"text-align: justify;\">&nbsp;&nbsp;&nbsp; Pareille\u00adment, nous encou\u00adra\u00adgeons nos propres lec\u00adteurs \u00e0 appuyer l\u2019initiative pr\u00e9\u00adsen\u00adt\u00e9e par cette m\u00eame&nbsp;revue&nbsp;:<br>\n\u00ab&nbsp;Il s\u2019agit de pou\u00advoir publier une s\u00e9rie de textes qui sont trop volu\u00admi\u00adneux pour tenir dans quelques pages de la revue, mais aus\u00adsi trop impor\u00adtants pour conti\u00adnuer \u00e0 res\u00adter incon\u00adnus (textes incon\u00adnus en fran\u00ad\u00e7ais, ou \u00e9pui\u00ads\u00e9s depuis long\u00adtemps, ou m\u00eame originaux).<br>\nNous avons concr\u00e9\u00adti\u00ads\u00e9 cette pro\u00adpo\u00adsi\u00adtion en met\u00adtant tout de suite \u00e0 la dis\u00adpo\u00adsi\u00adtion col\u00adlec\u00adtive cinq textes pr\u00e9\u00adpa\u00adr\u00e9s depuis d\u00e9j\u00e0 quelques ann\u00e9es avec l\u2019aide d\u2019autres cama\u00adrades. Ce&nbsp;sont&nbsp;:<\/p>\n<ul style=\"text-align: justify;\">\n<li>\u00ab&nbsp;Le\u00e7ons de la Guerre d\u2019Espagne&nbsp;\u00bb, de Ver\u00adnon Richards, tra\u00adduit de l\u2019italien.<\/li>\n<li>\u00ab&nbsp;His\u00adtoire de l\u2019Anarchisme&nbsp;\u00bb, de Max Net\u00adtlau, d\u2019apr\u00e8s les \u00e9di\u00adtions ita\u00adlienne et espagnole.<\/li>\n<li>\u00ab&nbsp;Anar\u00adchisme&nbsp;\u00bb, de Boro\u00advo\u00ef, tra\u00adduit du&nbsp;russe.<\/li>\n<li>\u00ab&nbsp;Col\u00adlec\u00adti\u00advi\u00adt\u00e9s en Espagne r\u00e9vo\u00adlu\u00adtion\u00adnaire&nbsp;\u00bb, texte ori\u00adgi\u00adnal d\u2019un tra\u00advail universitaire.<\/li>\n<li>Textes de Malatesta.<\/li>\n<\/ul>\n<p style=\"text-align: justify;\">&nbsp;&nbsp;&nbsp; Cette liste peut \u00eatre allon\u00adg\u00e9e par toute pro\u00adpo\u00adsi\u00adtion ou suggestion.<\/p>\n<p style=\"text-align: justify;\">&nbsp;&nbsp;&nbsp; On peut dire que l\u2019essentiel, le fon\u00adde\u00adment de la lit\u00adt\u00e9\u00adra\u00adture anar\u00adchiste, est incon\u00adnu du public de langue fran\u00ad\u00e7aise, et m\u00eame des anar\u00adchistes, bien que tous d\u00e9plorent cette insuf\u00adfi\u00adsance autant comme moyen de for\u00adma\u00adtion id\u00e9o\u00adlo\u00adgique que comme contre-poi\u00adson et pr\u00e9\u00adsence liber\u00adtaire. Jusqu\u2019\u00e0 main\u00adte\u00adnant, nos efforts n\u2019ont r\u00e9us\u00adsi ni aupr\u00e8s des \u00e9di\u00adteurs ni aupr\u00e8s des groupes liber\u00adtaires. Ni nos pos\u00adsi\u00adbi\u00adli\u00adt\u00e9s finan\u00adci\u00e8res ni nos cir\u00adcuits de dif\u00adfu\u00adsion ne nous per\u00admettent d\u2019assurer seuls ce tra\u00advail. Nous lan\u00ad\u00e7ons donc aujourd\u2019hui cette id\u00e9e de sous\u00adcrip\u00adtion aupr\u00e8s des mili\u00adtants liber\u00adtaires, des abon\u00adn\u00e9s, des amis. R\u00e9a\u00adli\u00adsons col\u00adlec\u00adti\u00adve\u00adment ce tra\u00advail, si vous \u00eates convain\u00adcu qu\u2019il est n\u00e9ces\u00adsaire. Nous ouvrons une comp\u00adta\u00adbi\u00adli\u00adt\u00e9 \u00e0 part, et d\u2019apr\u00e8s les fonds qui l\u2019alimenteront, nous pren\u00addrons les d\u00e9ci\u00adsions concer\u00adnant leur uti\u00adli\u00adsa\u00adtion\u200a\u2014\u200aapr\u00e8s en avoir infor\u00adm\u00e9 les sous\u00adcrip\u00adteurs. Si la somme est suf\u00adfi\u00adsante, s\u2019il y a suf\u00adfi\u00adsam\u00adment de pro\u00admesses d\u2019achat ou de vente, nous com\u00admen\u00adce\u00adrons par impri\u00admer un ou plu\u00adsieurs de ces textes&nbsp;; si la somme est insuf\u00adfi\u00adsante, si l\u2019impression est impos\u00adsible, nous les tire\u00adrons \u00e0 la ron\u00e9o&nbsp;; si la somme est trop minime, elle sera res\u00adti\u00adtu\u00e9e aux souscripteurs.&nbsp;\u00bb<\/p>\n<p style=\"text-align: right;\">Noir et&nbsp;Rouge<\/p>\n<p style=\"text-align: right;\">Adresse&nbsp;: Lagant, BP 113, Paris 18<sup>e<\/sup> (ne pas men\u00adtion\u00adner \u00ab&nbsp;Noir et Rouge&nbsp;\u00bb), CCP Paris 16.682.17.<\/p>\n","protected":false},"excerpt":{"rendered":"<p>&nbsp;&nbsp;&nbsp; On a pu nous repro\u00adcher de ne pas abor\u00adder suf\u00adfi\u00adsam\u00adment des sujets plus sp\u00e9\u00adci\u00adfi\u00adque\u00adment anar\u00adchistes ou voi\u00adsins comme l\u2019autogestion, les col\u00adlec\u00adti\u00advi\u00adt\u00e9s liber\u00adtaires espa\u00adgnoles, les pro\u00adbl\u00e8mes d\u2019organisation et l\u2019actualisation de l\u2019anarchisme, etc. Nous recon\u00adnais\u00adsons ce d\u00e9s\u00ad\u00e9qui\u00adlibre par rap\u00adport au volume qu\u2019occupe la non-vio\u00ad\u00adlence dans notre revue. Pour\u00adtant, plu\u00adt\u00f4t que de dou\u00adbler inuti\u00adle\u00adment cer\u00adtaines publi\u00adca\u00adtions, nous&nbsp;[\u2026]<\/p>\n","protected":false},"author":214,"featured_media":5458,"comment_status":"closed","ping_status":"closed","sticky":false,"template":"wp-custom-template-page-d-article","format":"standard","meta":{"wp_typography_post_enhancements_disabled":false,"footnotes":""},"categories":[100],"tags":[],"ppma_author":[935],"class_list":["post-880","post","type-post","status-publish","format-standard","has-post-thumbnail","hentry","category-anarchisme-et-non-violence-na10-octobre-1967"],"authors":[{"term_id":935,"user_id":214,"is_guest":0,"slug":"noir-et-rouge","display_name":"Noir &amp; Rouge","avatar_url":"https:\/\/secure.gravatar.com\/avatar\/20cbef60b4c8de411610ca4399c470979d9b989eb6d9c5c14ecde2dcf61ea5bb?s=96&d=mm&r=g","author_category":"","user_url":"","last_name":"Noir &amp; Rouge","first_name":"","job_title":"","description":""}],"_links":{"self":[{"href":"https:\/\/la-presse-anarchiste.net\/index.php\/wp-json\/wp\/v2\/posts\/880","targetHints":{"allow":["GET"]}}],"collection":[{"href":"https:\/\/la-presse-anarchiste.net\/index.php\/wp-json\/wp\/v2\/posts"}],"about":[{"href":"https:\/\/la-presse-anarchiste.net\/index.php\/wp-json\/wp\/v2\/types\/post"}],"author":[{"embeddable":true,"href":"https:\/\/la-presse-anarchiste.net\/index.php\/wp-json\/wp\/v2\/users\/214"}],"replies":[{"embeddable":true,"href":"https:\/\/la-presse-anarchiste.net\/index.php\/wp-json\/wp\/v2\/comments?post=880"}],"version-history":[{"count":3,"href":"https:\/\/la-presse-anarchiste.net\/index.php\/wp-json\/wp\/v2\/posts\/880\/revisions"}],"predecessor-version":[{"id":7213,"href":"https:\/\/la-presse-anarchiste.net\/index.php\/wp-json\/wp\/v2\/posts\/880\/revisions\/7213"}],"wp:featuredmedia":[{"embeddable":true,"href":"https:\/\/la-presse-anarchiste.net\/index.php\/wp-json\/wp\/v2\/media\/5458"}],"wp:attachment":[{"href":"https:\/\/la-presse-anarchiste.net\/index.php\/wp-json\/wp\/v2\/media?parent=880"}],"wp:term":[{"taxonomy":"category","embeddable":true,"href":"https:\/\/la-presse-anarchiste.net\/index.php\/wp-json\/wp\/v2\/categories?post=880"},{"taxonomy":"post_tag","embeddable":true,"href":"https:\/\/la-presse-anarchiste.net\/index.php\/wp-json\/wp\/v2\/tags?post=880"},{"taxonomy":"author","embeddable":true,"href":"https:\/\/la-presse-anarchiste.net\/index.php\/wp-json\/wp\/v2\/ppma_author?post=880"}],"curies":[{"name":"wp","href":"https:\/\/api.w.org\/{rel}","templated":true}]}}