{"id":890,"date":"2007-10-20T13:35:37","date_gmt":"2007-10-20T13:35:37","guid":{"rendered":"https:\/\/la-presse-anarchiste.net\/index.php\/2007\/10\/20\/sous-les-yeux-de-loccident\/"},"modified":"2007-10-20T13:35:37","modified_gmt":"2007-10-20T13:35:37","slug":"sous-les-yeux-de-loccident","status":"publish","type":"post","link":"https:\/\/la-presse-anarchiste.net\/index.php\/2007\/10\/20\/sous-les-yeux-de-loccident\/","title":{"rendered":"Sous les yeux de l\u2019Occident"},"content":{"rendered":"<div class=\"pdfprnt-buttons pdfprnt-buttons-post pdfprnt-top-right\"><a href=\"https:\/\/la-presse-anarchiste.net\/index.php\/wp-json\/wp\/v2\/posts\/890?print=pdf\" class=\"pdfprnt-button pdfprnt-button-pdf\" target=\"_blank\"><img decoding=\"async\" src=\"https:\/\/la-presse-anarchiste.net\/wp-content\/plugins\/pdf-print\/images\/pdf.png\" alt=\"image_pdf\" title=\"Afficher le PDF\"><\/a><a href=\"https:\/\/la-presse-anarchiste.net\/index.php\/wp-json\/wp\/v2\/posts\/890?print=print\" class=\"pdfprnt-button pdfprnt-button-print\" target=\"_blank\"><img decoding=\"async\" src=\"https:\/\/la-presse-anarchiste.net\/wp-content\/plugins\/pdf-print\/images\/print.png\" alt=\"image_print\" title=\"Contenu imprim\u00e9\"><\/a><\/div><p style=\"margin-right: 0.48cm; text-indent: 1cm; margin-bottom: 0cm;\" align=\"justify\">\n<font face=\"Garamond, serif\"><span lang=\"fr-FR\"><font size=\"3\">Pour une<br>\nfois, un mou\u00adve\u00adment d\u2019humeur de Lou\u00adzon (\u00ab&nbsp;RP&nbsp;\u00bb<br>\nde novembre), qui contrai\u00adre\u00adment \u00e0 ce qu\u2019on pour\u00adrait croire<br>\nn\u2019utilise pas tou\u00adjours sa plume \u00e0 tra\u00adcer l\u2019apologie de&nbsp;son<br>\ncher Nas\u00adser, Nas\u00adser le r\u00e9for\u00adma\u00adteur, comme il dit, et, comme&nbsp;il<br>\nne dit pas, le f\u00fch\u00adrer de l\u2019antis\u00e9mitisme n\u00e9o&nbsp;hitl\u00e9rien,<br>\naura pu ren\u00adcon\u00adtrer l\u2019assentiment des gens sen\u00ads\u00e9s. Et c\u2019est<br>\nlorsque devant le pul\u00adlu\u00adle\u00adment de pro\u00adtes\u00adta\u00adtions faciles en faveur&nbsp;(?)<br>\ndes Hon\u00adgrois, \u00ab&nbsp;qui ont pous\u00ads\u00e9 en quelques heures<br>\nsur tous les points de France&nbsp;\u00bb, il s\u2019\u00e9crie&nbsp;:<br>\n\u00ab&nbsp;Assez d\u2019ordres du jour&nbsp;!&nbsp;\u00bb Oui,&nbsp;assez<br>\nde vaines paroles. Comme le dit Silone dans l\u2019article qu\u2019on&nbsp;aura<br>\nlu plus haut, tout cela rel\u00e8ve plus de l\u2019indignation et&nbsp;de<br>\nla fureur que du bon sens, et ce qu\u2019il fau\u00addrait, sans plus&nbsp;se<br>\nlais\u00adser aller aux cris ni aux larmes, c\u2019est essayer de comprendre,<br>\nen com\u00admen\u00ad\u00e7ant par pas\u00adser sous silence tant de manifestations<br>\nverbales.<\/font><\/span><\/font><\/p>\n<p style=\"margin-right: 0.48cm; text-indent: 1cm; margin-bottom: 0cm;\" align=\"justify\">\n<font face=\"Garamond, serif\"><span lang=\"fr-FR\"><font size=\"3\">Et<br>\npour\u00adtant, ce n\u2019en est pas moins tout le contraire \u00e0 quoi&nbsp;je<br>\ncrois devoir ici, en aus\u00adsi peu de mots que pos\u00adsible, me r\u00e9signer.<br>\nNon pas, on l\u2019imaginera ais\u00e9\u00adment, pour une revue&nbsp;quasi<br>\ncom\u00adpl\u00e8te des pro\u00adcla\u00adma\u00adtions par quoi, faute d\u2019agir,<br>\nl\u2019Occident a ten\u00adt\u00e9, bien en vain esp\u00e9\u00adrons&nbsp;le, de<br>\nse refaire une bonne conscience, mais parce que quelques&nbsp;uns de<br>\nces textes trop nom\u00adbreux peuvent du moins nous aider&nbsp;\u00e0<br>\nacqu\u00e9\u00adrir, en vue des temps loin\u00adtains o\u00f9 il nous&nbsp;sera<br>\npeut&nbsp;\u00eatre don\u00adn\u00e9 de ne plus \u00eatre que&nbsp;des<br>\nspec\u00adta\u00adteurs, une cer\u00adtaine luci\u00addi\u00adt\u00e9 sur nous&nbsp;m\u00eames,<br>\nne serait&nbsp;ce que sur bon nombre des erreurs o\u00f9 nous&nbsp;ne<br>\nsommes que trop enclins \u00e0 tom\u00adber, comme sur quelques<br>\ncom\u00admen\u00adce\u00adments de v\u00e9ri\u00adt\u00e9 dont on vou\u00addrait croire que<br>\nnous sau\u00adrons nous souvenir.<\/font><\/span><\/font><\/p>\n<p style=\"margin-right: 0.48cm; text-indent: 1cm; margin-bottom: 0cm;\" align=\"justify\">\n<font face=\"Garamond, serif\"><span lang=\"fr-FR\"><font size=\"3\">Dans<br>\ntous ces mani\u00adfestes \u2013 puisque c\u2019est sur\u00adtout,&nbsp;h\u00e9las&nbsp;!<br>\nde mani\u00adfestes qu\u2019il s\u2019agit \u2013 il y a eu, nous le savons tous,&nbsp;\u00e0<br>\nboire et \u00e0 man\u00adger. Je ne ferai excep\u00adtion que pour&nbsp;celui<br>\nd\u00fb \u00e0 l\u2019initiative de Suzanne Labin<i> <\/i>(<i>Figa\u00adro<br>\nlit\u00adt\u00e9\u00adraire <\/i>du 10 novembre), lequel, tout en condam\u00adnant&nbsp;le<br>\ncrime de l\u2019intervention russe, \u00e0 Buda\u00adpest, se gar\u00adda&nbsp;bien<br>\nd\u2019en reje\u00adter la res\u00adpon\u00adsa\u00adbi\u00adli\u00adt\u00e9 sur les masses aveugl\u00e9es<br>\npar leur appa\u00adreil&nbsp;; et c\u2019est bien pour\u00adquoi ce texte est&nbsp;le<br>\nseul auquel j\u2019ai cru de mon (tr\u00e8s pla\u00adto\u00adnique) devoir de<br>\ndon\u00adner mon adh\u00e9\u00adsion. \u2013 Publi\u00e9e \u00e0 la&nbsp;m\u00eame<br>\ndate dans le m\u00eame heb\u00addo\u00adma\u00addaire, la d\u00e9cla\u00adra\u00adtion&nbsp;du<br>\nCongr\u00e8s pour la liber\u00adt\u00e9 de la culture, qui exer\u00e7a<br>\nassu\u00adr\u00e9\u00adment une grosse influence sur beau\u00adcoup d\u2019intel\u00adlectuels,<br>\nse dis\u00adtingue au contraire par une regret\u00adtable faci\u00adli\u00adt\u00e9&nbsp;\u00e0<br>\nse jeter \u00e0 fond de train dans le bour\u00adbier des erreurs les&nbsp;plus<br>\nf\u00e2cheuses. Ne f\u00fbt&nbsp;ce que par la pro\u00adcla\u00adma\u00adtion&nbsp;du<br>\n<i>refus de dis\u00adcu\u00adter d\u00e9sor\u00admais les rai\u00adsons d\u2019un communiste.<br>\n<\/i>Que voi\u00adl\u00e0 bien l\u2019un de ces r\u00e9flexes totalitaires<br>\n\u00e0 quoi peut conduire l\u2019antitotalitarisme mal&nbsp;con\u00e7u.<br>\nSans doute, le texte fut r\u00e9di\u00adg\u00e9 par le seul Denis&nbsp;de<br>\nRou\u00adge\u00admont, esprit, en bien des domaines, tout \u00e0 fait \u00e9minent,<br>\nmais qui a gar\u00add\u00e9 de fortes traces (Rou\u00adge\u00admont, d\u2019ailleurs, ne<br>\npr\u00e9\u00adtend pas du tout le contraire) de sa for\u00adma\u00adtion th\u00e9ologique<br>\net patri\u00adcienne, et s\u2019il n\u2019avait sign\u00e9 que pour lui&nbsp;m\u00eame,<br>\nje n\u2019en par\u00adle\u00adrais pas&nbsp;; mais il faut d\u00e9plo\u00adrer que&nbsp;le<br>\ncomi\u00adt\u00e9 ex\u00e9\u00adcu\u00adtif de l\u2019organisation dont il est l\u2019un<br>\ndes diri\u00adgeants ne l\u2019ait pas mis en garde. Cette orga\u00adni\u00adsa\u00adtion,&nbsp;qui<br>\ns\u2019exprime, on le sait, par la revue <i>Preuves<\/i>, si souvent<br>\nremar\u00adquable, n\u2019a vrai\u00adment aucun int\u00e9\u00adr\u00eat&nbsp;\u00e0<br>\ndon\u00adner prise aux malveil\u00adlants qui font pro\u00adfes\u00adsion, les&nbsp;bons<br>\nap\u00f4tres, de l\u2019accuser de fri\u00adser l\u2019anticom\u00admunisme<br>\nvul\u00adgaire \u2013 soit dit autant par sou\u00adci du bon sens que par amiti\u00e9<br>\npour ceux qui ont pour t\u00e2che d\u2019animer ce p\u00e9riodique<br>\nessen\u00adtiel\u00adle\u00adment international.<\/font><\/span><\/font><\/p>\n<p style=\"margin-right: 0.48cm; text-indent: 1cm; margin-bottom: 0cm;\" align=\"justify\" lang=\"fr-FR\">\n<font face=\"Garamond, serif\"><font size=\"3\"><\/font><\/font><\/p>\n<h2>&nbsp; *&nbsp; *&nbsp; *&nbsp; *<\/h2>\n<p><\/p>\n<p style=\"margin-right: 0.48cm; text-indent: 1cm; margin-bottom: 0cm;\" align=\"justify\">\n<font face=\"Garamond, serif\"><span lang=\"fr-FR\"><font size=\"3\">Dans le<br>\nm\u00eame num\u00e9\u00adro de <i>la R\u00e9vo\u00adlu\u00adtion prol\u00e9tarienne,<br>\n<\/i>ci&nbsp;des\u00adsus cit\u00e9 (novembre 1956), Paul Bar\u00adton&nbsp;\u00e9crit&nbsp;:<br>\n\u00ab&nbsp;Tout le monde sait qu\u2019entre la guerre totale et&nbsp;la<br>\npas\u00adsi\u00advi\u00adt\u00e9 totale, il y a un nombre consi\u00add\u00e9\u00adrable&nbsp;de<br>\nmoyens d\u2019agir qui n\u2019ont pas \u00e9t\u00e9 utilis\u00e9s.&nbsp;\u00bb<br>\nEt c\u2019est sans doute par\u00admi ces \u00ab&nbsp;nom\u00adbreux moyens d\u2019agir&nbsp;\u00bb<br>\nqu\u2019il faut comp\u00adter le boy\u00adcott des pro\u00adduits sovi\u00e9tiques<br>\npr\u00e9\u00adco\u00adni\u00ads\u00e9 par l\u2019Union des syn\u00addi\u00adca\u00adlistes (\u00ab&nbsp;RP&nbsp;\u00bb,<br>\nm\u00eame num\u00e9\u00adro), sous le titre \u00ab&nbsp;Pour une action<br>\nouvri\u00e8re effi\u00adcace contre le fas\u00adcisme russe&nbsp;\u00bb. S\u2019il<br>\ny a des silences \u00e9lo\u00adquents, il y a des mots qui ne le sont&nbsp;pas<br>\nmoins. On parle d\u2019action <i>effi\u00adcace <\/i>pour se cacher le<br>\nsen\u00adti\u00adment, h\u00e9las trop jus\u00adti\u00adfi\u00e9, de l\u2019inefficacit\u00e9<br>\nde tout ce que l\u2019on pou\u00advait entre\u00adprendre qui ne f\u00fbt pas&nbsp;la<br>\nguerre. Je ne veux pas dire qu\u2019il fal\u00adlait la faire \u2013 le Kremlin,<br>\ntout comme si long\u00adtemps Hit\u00adler, b\u00e9n\u00e9\u00adfi\u00adcie du fait&nbsp;que<br>\nses adver\u00adsaires, avec tous leurs manques et tous leurs \u00ab&nbsp;p\u00e9ch\u00e9&nbsp;\u00bb,<br>\nsont quand m\u00eame des civi\u00adli\u00ads\u00e9s. Mais il faut voir&nbsp;les<br>\nchoses telle qu\u2019elles sont, et si l\u2019on ne peut ni ne veut&nbsp;faire<br>\nla guerre, ne pas cher\u00adcher des ali\u00adbis dans une illu\u00adsion d\u2019efficacit\u00e9<br>\nqui ne trompe per\u00adsonne, les Russes tous les pre\u00admiers. Louis Mercier,<br>\ndans \u00ab&nbsp;la RP&nbsp;\u00bb de d\u00e9cembre, est<br>\nlon\u00adgue\u00adment reve\u00adnu sur cette id\u00e9e du boy\u00adcott, don\u00adnant&nbsp;les<br>\nchiffres du com\u00admerce ext\u00e9\u00adrieur de l\u2019URSS. Comme si, dans&nbsp;une<br>\n\u00e9co\u00adno\u00admie aus\u00adsi autar\u00adcique que celle de l\u2019empire sovi\u00e9tique,<br>\nces tran\u00adsac\u00adtions comp\u00adtaient vrai\u00adment \u2013 et comme si, d\u2019autre part,<br>\n\u00e0 l\u2019Ouest, les organes syn\u00addi\u00adcaux et \u00ab&nbsp;socialistes&nbsp;\u00bb<br>\nchar\u00adg\u00e9s d\u2019envisager la mesure en ques\u00adtion n\u2019\u00e9taient<br>\npar nature condam\u00adn\u00e9s \u00e0 renon\u00adcer \u00e0 y&nbsp;avoir<br>\nrecours pour ne pas g\u00eaner la pros\u00adp\u00e9\u00adri\u00adt\u00e9 de&nbsp;leurs<br>\npays res\u00adpec\u00adtifs. Exac\u00adte\u00adment comme chaque fois qu\u2019il s\u2019est agi&nbsp;des<br>\nfabri\u00adca\u00adtions de guerre. Mais m\u00eame si nos mou\u00adve\u00adments ouvriers<br>\navaient \u00e9t\u00e9 capables de se haus\u00adser \u00e0 la d\u00e9cision<br>\ndu boy\u00adcott, le seul r\u00e9sul\u00adtat sen\u00adsible n\u2019e\u00fbt&nbsp;\u00e9t\u00e9<br>\nqu\u2019un tour de vis de plus au d\u00e9tri\u00adment, non point&nbsp;du<br>\ntsa\u00adrisme rouge, mais de ses serfs. Notre ami Gus\u00adtave Stern, avec&nbsp;qui<br>\nje m\u2019entretenais r\u00e9cem\u00adment de tout cela, a fini par convenir<br>\nqu\u2019il s\u2019agissait l\u00e0, avant tout, de se don\u00adner&nbsp;bonne<br>\nconscience (en ce sens, nos mou\u00adve\u00adments ouvriers ressemblent<br>\ninfi\u00adni\u00adment plus que ne l\u2019imaginent Mer\u00adcier et nos plus honn\u00eates<br>\nsyn\u00addi\u00adca\u00adlistes \u00e0 cer\u00adtains intel\u00adlec\u00adtuels), mais qu\u2019au bout&nbsp;du<br>\ncompte cela n\u2019e\u00fbt en rien aid\u00e9 les Hon\u00adgrois. Or,<br>\nc\u2019\u00e9tait le seul objec\u00adtif qu\u2019il val\u00fbt la peine&nbsp;de<br>\npoursuivre.<\/font><\/span><\/font><\/p>\n<p style=\"margin-right: 0.48cm; text-indent: 1cm; margin-bottom: 0cm;\" align=\"justify\">\n<font face=\"Garamond, serif\"><span lang=\"fr-FR\"><font size=\"3\">Je ne<br>\nsuis d\u2019ailleurs pas tout \u00e0 fait s\u00fbr que mon cher&nbsp;ami<br>\nLouis Mer\u00adcier soit ici com\u00adpl\u00e8\u00adte\u00adment \u00e0 l\u2019abri de&nbsp;vieux<br>\nr\u00e9flexes ouvri\u00e9\u00adristes. Je sais, nous avons correspondu<br>\n\u00e0 ce sujet, et il s\u2019en d\u00e9fend mor\u00addi\u00adcus. Mais quand&nbsp;je<br>\nlis sous sa plume (\u00ab&nbsp;RP&nbsp;\u00bb de d\u00e9cembre)&nbsp;:<br>\n\u00ab&nbsp;\u2026 de la tra\u00adg\u00e9\u00addie hon\u00adgroise il ne res\u00adte\u00adrait&nbsp;rien<br>\nd\u2019autre que des cris d\u2019horreur, des indi\u00adgna\u00adtions, des doigts<br>\nten\u00addus vers les res\u00adpon\u00adsables, des yeux br\u00fb\u00adl\u00e9s par&nbsp;les<br>\nlarmes et des \u00e2mes dou\u00adlou\u00adreuses mais satis\u00adfaites, si le peuple<br>\nhon\u00adgrois ne conti\u00adnuait, seul, sans intel\u00adlec\u00adtuels, ni Free Europe, ni<br>\nONU \u00e0 se battre&nbsp;\u00bb, je n\u2019en crois pas mes&nbsp;yeux.<br>\nCar vous avez bien lu&nbsp;: \u00ab&nbsp;sans intellectuels&nbsp;\u00bb<br> \u2013 alors que ce sont les intel\u00adlec\u00adtuels hon\u00adgrois qui, par une reprise<br>\nde contact avec les ouvriers et les pay\u00adsans, dont Silone montre ici<br>\nqu\u2019elle nous ram\u00e8ne aux plus beaux exemples de 48, ont&nbsp;\u00e9t\u00e9<br>\n\u00e0 l\u2019origine de l\u2019insurrection. S\u2019il y a une&nbsp;le\u00e7on<br>\n\u00e0 tirer des \u00e9v\u00e9\u00adne\u00adments de Hon\u00adgrie, et aus\u00adsi&nbsp;de<br>\nnos r\u00e9ac\u00adtions devant eux, c\u2019est bien de nous dire qu\u2019aucune<br>\nv\u00e9ri\u00adtable lib\u00e9\u00adra\u00adtion ne sera pos\u00adsible tant que&nbsp;nous<br>\naurons ten\u00addance \u00e0 nous faire des f\u00e9tiches (comme les<br>\nmar\u00adxistes) de cer\u00adtaines id\u00e9o\u00adlo\u00adgies, ou un f\u00e9tiche<br>\n\u00e9ga\u00adle\u00adment (ce qui n\u2019est pas moins id\u00e9o\u00adlo\u00adgique) du<br>\npeuple tra\u00advailleur en tant que&nbsp;tel.<\/font><\/span><\/font><\/p>\n<p style=\"margin-right: 0.48cm; text-indent: 1cm; margin-bottom: 0cm;\" align=\"justify\" lang=\"fr-FR\">\n<font face=\"Garamond, serif\"><font size=\"3\"><\/font><\/font><\/p>\n<h2>&nbsp; *&nbsp; *&nbsp; *<\/h2>\n<p><\/p>\n<p style=\"margin-right: 0.48cm; text-indent: 1cm; margin-bottom: 0cm;\" align=\"justify\">\n<font face=\"Garamond, serif\"><span lang=\"fr-FR\"><font size=\"3\">On a&nbsp;pu<br>\nregret\u00adter que les deux d\u00e9cla\u00adra\u00adtions les plus marquantes<br>\npro\u00advo\u00adqu\u00e9es par les \u00e9v\u00e9\u00adne\u00adments de Hon\u00adgrie&nbsp;nous<br>\naient \u00e9t\u00e9 trans\u00admises par une feuille du genre&nbsp;de<br>\n<i>l\u2019Express <\/i>\u2013 je veux par\u00adler de l\u2019interview de Sartre (9<br>\nnovembre) et de celle de Silone (7 d\u00e9cembre).<\/font><\/span><\/font><\/p>\n<p style=\"margin-right: 0.48cm; text-indent: 1cm; margin-bottom: 0cm;\" align=\"justify\">\n<font face=\"Garamond, serif\"><span lang=\"fr-FR\"><font size=\"3\">Inutile<br>\nde nous \u00e9tendre sur la pre\u00admi\u00e8re. En d\u00e9pit&nbsp;de<br>\nl\u2019extraordinaire talent de pol\u00e9\u00admiste qui, une fois de&nbsp;plus,<br>\ns\u2019y fait jour, l\u2019auteur a trop long\u00adtemps (moins, pen\u00ads\u00e9&nbsp;je<br>\navec Chia\u00adro\u00admonte, par ido\u00adl\u00e2\u00adtrie de cer\u00adtaines \u00ab&nbsp;r\u00e9ussites&nbsp;\u00bb<br>\nhis\u00adto\u00adriques que par une esp\u00e8ce de g\u00e9n\u00e9reuse<br>\nfolie) sou\u00adte\u00adnu, d\u00e9fen\u00addu, embel\u00adli tout ce qu\u2019il savait bien<br>\nne pou\u00advoir l\u2019\u00eatre, pour que l\u2019on ne demande pas encore, en<br>\nce qui le concerne, \u00e0 \u00ab&nbsp;voir&nbsp;venir&nbsp;\u00bb,<br>\navant de pou\u00advoir se dire un peu au clair sur ses pens\u00e9es<br>\nv\u00e9ri\u00adtables et, si le mot peut gar\u00adder un sens lorsqu\u2019il<br>\ns\u2019agit de pareil vir\u00adtuose en ratio\u00adci\u00adna\u00adtion, d\u00e9finitives.<\/font><\/span><\/font><\/p>\n<p style=\"margin-right: 0.48cm; text-indent: 1cm; margin-bottom: 0cm;\" align=\"justify\">\n<font face=\"Garamond, serif\"><span lang=\"fr-FR\"><font size=\"3\">Quant \u00e0<br>\nl\u2019interview de Silone \u2013 mal\u00adheu\u00adreu\u00adse\u00adment ter\u00adri\u00adble\u00adment handicap\u00e9<br>\npar le \u00ab&nbsp;fran\u00ad\u00e7ais&nbsp;\u00bb dans lequel un<br>\njour\u00adna\u00adliste trop pres\u00ads\u00e9 l\u2019avait trans\u00adcrite il y a lieu&nbsp;de<br>\npen\u00adser que la par\u00adtie qui en aura le plus frap\u00adp\u00e9 les lecteurs<br>\nest la magis\u00adtrale mise en bo\u00eete, si utile \u00e0 m\u00e9diter<br>\npour tant d\u2019intellectuels fran\u00ad\u00e7ais, des fameuses<br>\niden\u00adti\u00adfi\u00adca\u00adtions de Sartre (classe ouvri\u00e8re = par\u00adti communiste,<br>\npar\u00adti com\u00admu\u00adniste = mou\u00adve\u00adment de l\u2019histoire, etc.), justement<br>\nqua\u00adli\u00adfi\u00e9es de v\u00e9ri\u00adtable bal\u00adlet des identiques.<\/font><\/span><\/font><\/p>\n<p style=\"margin-right: 0.48cm; text-indent: 1cm; margin-bottom: 0cm;\" align=\"justify\">\n<font face=\"Garamond, serif\"><span lang=\"fr-FR\"><font size=\"3\">L\u00e0,<br>\ntou\u00adte\u00adfois, o\u00f9 les nuances m\u2019ont paru particuli\u00e8rement<br>\nfaus\u00ads\u00e9es dans la trans\u00adcrip\u00adtion que nous avons pu lire, c\u2019est,<br>\nentre autres, dans le pas\u00adsage qui attri\u00adbuait \u00e0 Silone, en&nbsp;des<br>\ntermes qui ne cadrent pas bien avec l\u2019estime afflig\u00e9e&nbsp;\u2013<br>\ndont il ne s\u2019est jamais d\u00e9par\u00adti envers notre phi\u00adlo\u00adsophe&nbsp;et&nbsp;\u00ab<br>&nbsp;bour\u00adgeois pro\u00adl\u00e9\u00adtaire&nbsp;\u00bb, un juge\u00adment qui ne laisse<br>\npoint d\u2019appeler la sur\u00adprise. Sartre avait insis\u00adt\u00e9&nbsp;sur<br>\nl\u2019idiotie poli\u00adtique (je ne sais plus s\u2019il employait exac\u00adte\u00adment&nbsp;le<br>\nmot, mais le sens y \u00e9tait) de la fa\u00e7on&nbsp;dont<br>\nKhroucht\u00adchev avait, dans son rap\u00adport, lan\u00adc\u00e9 la fameuse<br>\nsoi&nbsp;disant d\u00e9sta\u00adli\u00adni\u00adsa\u00adtion. Or, \u00e0 en croire du<br>\nmoins <i>l\u2019Express, <\/i>Silone aurait vu l\u00e0, chez Sartre, je<br>\nne sais quel d\u00e9sir de don\u00adner aux hi\u00e9\u00adrarques du Kremlin<br>\ndes le\u00e7ons de des\u00adpo\u00adtisme \u00e9clai\u00adr\u00e9. Rien,&nbsp;\u00e0<br>\nmon avis, n\u2019est plus loin de l\u2019intention sar\u00adtrienne. Certes, on<br>\nadmi\u00adre\u00adra davan\u00adtage ce que, dans son beau livre, <i>Id\u00e9o\u00adlo\u00adgies<br>\net R\u00e9a\u00adli\u00adt\u00e9s,<\/i> Jeanne Hersch a \u00e9crit du&nbsp;c\u00f4t\u00e9<br>\nle plus effa\u00adrant, le plus cau\u00adche\u00admar\u00addesque de la pr\u00e9tendue<br>\nd\u00e9sta\u00adli\u00adni\u00adsa\u00adtion cet air qu\u2019elle vou\u00addrait se don\u00adner&nbsp;de<br>\nn\u2019avoir l\u2019air de rien&nbsp;: \u00ab&nbsp;On a&nbsp;\u00e9t\u00e9<br>\npen\u00addant trente ans les com\u00adplices d\u2019un Bor\u00adgia \u00e0 la \u00e9ni\u00e8me<br>\npuis\u00adsance, mais main\u00adte\u00adnant qu\u2019il a cas\u00ads\u00e9 sa pipe,&nbsp;tout,<br>\nMadame la mar\u00adquise, ira le mieux du monde, \u00e0 tel point&nbsp;que<br>\nnous&nbsp;m\u00eames on est d\u00e9j\u00e0 des innocents.&nbsp;\u00bb<br>\nEn v\u00e9ri\u00adt\u00e9 les joyeux butors du Krem\u00adlin (Rou\u00adge\u00admont<br>\ndixit) ont r\u00e9us\u00adsi ce tour de force de rendre l\u2019aveu du&nbsp;crime<br>\nplus effa\u00adrant encore que le crime m\u00eame. Pareille inconscience<br>\ndans le cynisme a quelque chose de lit\u00adt\u00e9\u00adra\u00adle\u00adment insane&nbsp;;<br>\nmais, pr\u00e9\u00adci\u00ads\u00e9\u00adment, c\u2019est \u00e0 cette insanit\u00e9<br>\nfon\u00adda\u00admen\u00adtale (qui tra\u00adhit, il faut l\u2019esp\u00e9rer, un d\u00e9sarroi<br>\npro\u00admet\u00adteur, enfin&nbsp;! de chan\u00adge\u00adments r\u00e9els) que, sans&nbsp;se<br>\npla\u00adcer comme Jeanne Hersch sur le plan moral, me parais\u00adsait songer<br>\nSartre quand il d\u00e9non\u00ad\u00e7ait l\u2019idiotie de&nbsp;la<br>\n\u00ab&nbsp;man\u0153uvre&nbsp;\u00bb. Et l\u2019on ne peut&nbsp;gu\u00e8re<br>\nlui repro\u00adcher, \u00e0 mon avis, une consta\u00adta\u00adtion d\u2019une&nbsp;telle<br>\n\u00e9vidence.<\/font><\/span><\/font><\/p>\n<p style=\"margin-right: 0.48cm; text-indent: 1cm; margin-bottom: 0cm;\" align=\"justify\">\n<font face=\"Garamond, serif\"><span lang=\"fr-FR\"><font size=\"3\">Mais<br>\nc\u2019est trop nous \u00e9tendre sur son&nbsp;cas.<\/font><\/span><\/font><\/p>\n<p style=\"margin-right: 0.48cm; text-indent: 1cm; margin-bottom: 0cm;\" align=\"justify\">\n<font face=\"Garamond, serif\"><span lang=\"fr-FR\"><font size=\"3\">Les<br>\nd\u00e9cla\u00adra\u00adtions de Silone com\u00adportent une par\u00adtie autrement<br>\nimpor\u00adtante, sur laquelle il convient de particuli\u00e8rement<br>\ninsis\u00adter, tant il s\u2019en d\u00e9gage une le\u00e7on qui,&nbsp;mieux<br>\nque tout ce qu\u2019on a dit ou \u00e9crit, peut nous aider&nbsp;\u00e0<br>\nne pas nous lais\u00adser aveu\u00adgler par nos pas\u00adsions, m\u00eame les&nbsp;plus<br>\nl\u00e9gi\u00adtimes, \u00e0 ne pas nous mettre \u2013 c\u2019est le danger<br>\nqui menace en ce moment beau\u00adcoup de gens \u2013 \u00e0 man\u00adger&nbsp;du<br>\ncom\u00admu\u00adniste comme d\u2019autres mangent du&nbsp;cur\u00e9&nbsp;:<\/font><\/span><\/font><\/p>\n<p style=\"margin-right: 0.48cm; text-indent: 1cm; margin-bottom: 0cm;\" align=\"justify\">\n<font face=\"Garamond, serif\"><span lang=\"fr-FR\"><font size=\"3\">\u00ab&nbsp;Je<br>\nne par\u00adtage\u2026 pas, dit Silone, la na\u00ef\u00adve\u00adt\u00e9 de cer\u00adtains&nbsp;de<br>\nmes amis qui pensent que l\u2019\u00e9crasement de la r\u00e9volution<b><br>\n<\/b>hon\u00adgroise par les tanks russes signi\u00adfie l\u2019\u00e9preuve<br>\nsupr\u00eame de toute bonne foi et le der\u00adnier par\u00adtage des bons&nbsp;et<br>\ndes m\u00e9chants. Mal\u00adheu\u00adreu\u00adse\u00adment, nous ne pou\u00advons pas projeter<br>\nnotre \u00e9mo\u00adtion \u00e0 l\u2019int\u00e9rieur des autres. Les<br>\n\u00e9v\u00e9\u00adne\u00adments ne sont pas les m\u00eames pour tout&nbsp;le<br>\nmonde. Com\u00adbien de fois (apr\u00e8s les grands pro\u00adc\u00e8s&nbsp;de<br>\n1936, apr\u00e8s le pacte Rib\u00adben\u00adtrop-Molo\u00adtov, etc.) j\u2019avais<br>\nesp\u00e9\u00adr\u00e9 de m\u00eame et j\u2019ai tou\u00adjours atten\u00addu&nbsp;en<br>\nvain. Il faut recon\u00adna\u00eetre qu\u2019il n\u2019existe pas une exp\u00e9rience<br>\nultime pour&nbsp;tous.<\/font><\/span><\/font><\/p>\n<p style=\"margin-right: 0.48cm; text-indent: 1cm; margin-bottom: 0cm;\" align=\"justify\">\n<font face=\"Garamond, serif\"><span lang=\"fr-FR\"><font size=\"3\">\u00ab&nbsp;Les<br>\nconsciences ne sont pas syn\u00adchro\u00adni\u00ads\u00e9es avec les monstres des<br>\ncar\u00adre\u00adfours. Et ce serait trop rape\u00adtis\u00adser le d\u00e9bat que d\u2019en<br>\nfaire un pro\u00adbl\u00e8me de conve\u00adnances&nbsp;: faut&nbsp;il ou&nbsp;non<br>\nser\u00adrer encore cer\u00adtaines mains&nbsp;? Les fas\u00adcistes avaient la<br>\nres\u00adsource du bras lev\u00e9, les com\u00admu\u00adnistes du poing&nbsp;serr\u00e9.<br>\nLa seule ques\u00adtion s\u00e9rieuse, \u00e0 mon avis, est autre. Pas<br>\nde rup\u00adture avec les sta\u00adli\u00adniens de bonne foi. Nous avons des devoirs<br>\nenvers eux. Mais lais\u00adsez&nbsp;moi m\u2019expliquer&nbsp;: lorsque je&nbsp;dis<br>\n\u00ab&nbsp;sta\u00adli\u00adniens de bonne foi&nbsp;\u00bb, je pense, en<br>\npre\u00admier lieu, sur\u00adtout depuis quelque temps, aux jeunes Russes et&nbsp;\u00e0<br>\nceux des pays satellites.&nbsp;\u00bb<\/font><\/span><\/font><\/p>\n<p style=\"margin-right: 0.48cm; text-indent: 1cm; margin-bottom: 0cm;\" align=\"justify\" lang=\"fr-FR\">\n<font face=\"Garamond, serif\"><font size=\"3\">J. P.&nbsp;S.<\/font><\/font><\/p>\n","protected":false},"excerpt":{"rendered":"<p>Pour une fois, un mou\u00adve\u00adment d\u2019humeur de Lou\u00adzon (\u00ab&nbsp;RP&nbsp;\u00bb de novembre), qui contrai\u00adre\u00adment \u00e0 ce qu\u2019on pour\u00adrait croire n\u2019utilise pas tou\u00adjours sa plume \u00e0 tra\u00adcer l\u2019apologie de&nbsp;son cher Nas\u00adser, Nas\u00adser le r\u00e9for\u00adma\u00adteur, comme il dit, et, comme&nbsp;il ne dit pas, le f\u00fch\u00adrer de l\u2019antis\u00e9mitisme n\u00e9o&nbsp;hit\u00adl\u00e9\u00adrien, aura pu ren\u00adcon\u00adtrer l\u2019assentiment des gens sen\u00ads\u00e9s. Et c\u2019est lorsque&nbsp;[\u2026]<\/p>\n","protected":false},"author":1,"featured_media":0,"comment_status":"closed","ping_status":"closed","sticky":false,"template":"","format":"standard","meta":{"wp_typography_post_enhancements_disabled":false,"footnotes":""},"categories":[103],"tags":[],"ppma_author":[540],"class_list":["post-890","post","type-post","status-publish","format-standard","hentry","category-temoins-n14-automne-1956"],"authors":[{"term_id":540,"user_id":1,"is_guest":0,"slug":"admin_3gikpwyf","display_name":"Vincent Dubuc","avatar_url":"https:\/\/secure.gravatar.com\/avatar\/d015720652c25fd2ced191ade86430094e1f288a17483713e3b34d26dea52507?s=96&d=mm&r=g","author_category":"","user_url":"https:\/\/la-presse-anarchiste.net","last_name":"Dubuc","first_name":"Vincent","job_title":"","description":""}],"_links":{"self":[{"href":"https:\/\/la-presse-anarchiste.net\/index.php\/wp-json\/wp\/v2\/posts\/890","targetHints":{"allow":["GET"]}}],"collection":[{"href":"https:\/\/la-presse-anarchiste.net\/index.php\/wp-json\/wp\/v2\/posts"}],"about":[{"href":"https:\/\/la-presse-anarchiste.net\/index.php\/wp-json\/wp\/v2\/types\/post"}],"author":[{"embeddable":true,"href":"https:\/\/la-presse-anarchiste.net\/index.php\/wp-json\/wp\/v2\/users\/1"}],"replies":[{"embeddable":true,"href":"https:\/\/la-presse-anarchiste.net\/index.php\/wp-json\/wp\/v2\/comments?post=890"}],"version-history":[{"count":0,"href":"https:\/\/la-presse-anarchiste.net\/index.php\/wp-json\/wp\/v2\/posts\/890\/revisions"}],"wp:attachment":[{"href":"https:\/\/la-presse-anarchiste.net\/index.php\/wp-json\/wp\/v2\/media?parent=890"}],"wp:term":[{"taxonomy":"category","embeddable":true,"href":"https:\/\/la-presse-anarchiste.net\/index.php\/wp-json\/wp\/v2\/categories?post=890"},{"taxonomy":"post_tag","embeddable":true,"href":"https:\/\/la-presse-anarchiste.net\/index.php\/wp-json\/wp\/v2\/tags?post=890"},{"taxonomy":"author","embeddable":true,"href":"https:\/\/la-presse-anarchiste.net\/index.php\/wp-json\/wp\/v2\/ppma_author?post=890"}],"curies":[{"name":"wp","href":"https:\/\/api.w.org\/{rel}","templated":true}]}}