{"id":8939,"date":"1951-04-01T00:04:12","date_gmt":"1951-04-01T00:04:12","guid":{"rendered":"https:\/\/la-presse-anarchiste.net\/?p=8939"},"modified":"2025-07-17T19:07:25","modified_gmt":"2025-07-17T19:07:25","slug":"bagatelles-pour-un-triptyque","status":"publish","type":"post","link":"https:\/\/la-presse-anarchiste.net\/index.php\/1951\/04\/01\/bagatelles-pour-un-triptyque\/","title":{"rendered":"Bagatelles pour un triptyque"},"content":{"rendered":"<div class=\"pdfprnt-buttons pdfprnt-buttons-post pdfprnt-top-right\"><a href=\"https:\/\/la-presse-anarchiste.net\/index.php\/wp-json\/wp\/v2\/posts\/8939?print=pdf\" class=\"pdfprnt-button pdfprnt-button-pdf\" target=\"_blank\"><img decoding=\"async\" src=\"https:\/\/la-presse-anarchiste.net\/wp-content\/plugins\/pdf-print\/images\/pdf.png\" alt=\"image_pdf\" title=\"Afficher le PDF\"><\/a><a href=\"https:\/\/la-presse-anarchiste.net\/index.php\/wp-json\/wp\/v2\/posts\/8939?print=print\" class=\"pdfprnt-button pdfprnt-button-print\" target=\"_blank\"><img decoding=\"async\" src=\"https:\/\/la-presse-anarchiste.net\/wp-content\/plugins\/pdf-print\/images\/print.png\" alt=\"image_print\" title=\"Contenu imprim\u00e9\"><\/a><\/div><h4 style=\"text-align: center;\"><b>L\u2019idole esquimau et la foudre c\u00e9leste<\/b><\/h4>\n<p style=\"text-align: justify;\"><span style=\"font-weight: 400;\">En un lieu soli\u00adtaire du d\u00e9troit d\u2019Hud\u00adson,&nbsp; l\u2019ex\u00adtr\u00eame nord de la pres\u00adqu\u2019\u00eele du Labra\u00addor, existe une mis\u00adsion catho\u00adlique appe\u00adl\u00e9e Koar\u00adtak, qui \u00e9van\u00adg\u00e9\u00adlise les Esqui\u00admaux et que dirige le R\u00e9v\u00e9\u00adrend P\u00e8re Stein\u00adman, oblat de Marie-Immacul\u00e9e.<\/span><\/p>\n<p style=\"text-align: justify;\"><span style=\"font-weight: 400;\">Qui\u00adconque a la moindre tein\u00adture de la langue alle\u00admande sait que Stein\u00adman signi\u00adfie \u00ab&nbsp;L\u2019homme de pierre&nbsp;\u00bb, comme Sta\u00adline signi\u00adfie l\u2019homme d\u2019acier.<\/span><\/p>\n<p style=\"text-align: justify;\"><span style=\"font-weight: 400;\">Apr\u00e8s treize ans d\u2019a\u00adpos\u00adto\u00adlat, le R.P. Stein\u00adman aspi\u00adra \u00e0 revoir la France et d\u00e9ci\u00adda de mettre ce s\u00e9jour \u00e0 pro\u00adfit pour accom\u00adplir un p\u00e8le\u00adri\u00adnage \u00e0 Notre-Dame du Sacr\u00e9-C\u0153ur d\u2019Is\u00adsou\u00addun, qui est le si\u00e8ge de l\u2019archiconfr\u00e9rie.&nbsp;<\/span><\/p>\n<p style=\"text-align: justify;\"><span style=\"font-weight: 400;\">Avant son d\u00e9part, les Esqui\u00admaux le char\u00adg\u00e8rent de d\u00e9po\u00adser, en cette basi\u00adlique, un ex-voto r\u00e9di\u00adg\u00e9 en langue et en carac\u00adt\u00e8res indi\u00adg\u00e8nes, et le pre\u00admier soin du mis\u00adsion\u00adnaire fut de s\u2019ac\u00adquit\u00adter de ce geste de pi\u00e9\u00adt\u00e9 en remer\u00adcie\u00adment \u00e0 l\u2019a\u00addresse de la Vierge qui les avait com\u00adbl\u00e9s tous, ap\u00f4tres et cat\u00e9\u00adchu\u00adm\u00e8nes, de son effi\u00adcace protection.<\/span><\/p>\n<p style=\"text-align: justify;\"><span style=\"font-weight: 400;\">Or, la basi\u00adlique du Sacr\u00e9-C\u0153ur d\u2019Is\u00adsou\u00addun avait ceci de par\u00adti\u00adcu\u00adlier qu\u2019elle \u00e9tait sur\u00admon\u00adt\u00e9e d\u2019une \u00e9mi\u00adnente sta\u00adtue, un homme de pierre qui, par ana\u00adlo\u00adgie, ne pou\u00advait sem\u00adbler qu\u2019un bien\u00adfai\u00adsant sym\u00adbole aux yeux du R.P. Steinman.<\/span><\/p>\n<p style=\"text-align: justify;\"><span style=\"font-weight: 400;\">C\u2019est alors que se pro\u00addui\u00adsit le miracle&nbsp;; car tout ce qui vient de la pro\u00advi\u00addence n\u2019est-il pas miracle&nbsp;? Les P\u00e8res avaient n\u00e9gli\u00adg\u00e9 de munir leur clo\u00adcher d\u2019un para\u00adton\u00adnerre, dont la pr\u00e9\u00adsence e\u00fbt paru au Tout-Puis\u00adsant un t\u00e9moi\u00adgnage d\u2019in\u00adju\u00adrieuse m\u00e9fiance.<\/span><\/p>\n<p style=\"text-align: justify;\"><span style=\"font-weight: 400;\">En effet, qui se confie \u00e0 Dieu ne sau\u00adrait redou\u00adter la foudre&nbsp;; et se repo\u00adser du soin d\u2019en pro\u00adt\u00e9\u00adger l\u2019\u00e9\u00adglise sur un vul\u00adgaire para\u00adton\u00adnerre e\u00fbt \u00e9t\u00e9 indigne de gens qui lui attri\u00adbuent, au contraire, une ver\u00adtu d\u2019u\u00adni\u00adver\u00adselle pro\u00adtec\u00adtion. Conce\u00advrait-on que l\u2019a\u00adsile divin recou\u00adr\u00fbt aux arti\u00adfices d\u2019une s\u00e9cu\u00adri\u00adt\u00e9 profane&nbsp;?<\/span><\/p>\n<p style=\"text-align: justify;\"><span style=\"font-weight: 400;\">Le 21 f\u00e9vrier 1951, \u00e0 six heures vingt du matin, c\u2019est-\u00e0-dire quelques heures apr\u00e8s le d\u00e9p\u00f4t de l\u2019ex-voto esqui\u00admau par le R. P. Stein\u00adman en la cha\u00adpelle du Sacr\u00e9-C\u0153ur, un coup de ton\u00adnerre for\u00admi\u00addable, tr\u00e8s inso\u00adlite en pareille sai\u00adson, \u00e9cla\u00adta sur la basi\u00adlique, et la foudre, tom\u00adbant sur la sta\u00adtue de pierre, la d\u00e9ca\u00adpi\u00adta instantan\u00e9ment.<\/span><\/p>\n<p style=\"text-align: justify;\"><span style=\"font-weight: 400;\">Cette sta\u00adtue \u00e9tait c\u00e9l\u00e8bre fort loin \u00e0 la ronde. On lui vouait un culte un peu par\u00adtout, mais les vieux vigne\u00adrons r\u00e9pu\u00adbli\u00adcains, du temps jadis, l\u2019a\u00advaient bap\u00adti\u00ads\u00e9e, une fois pour toutes, loca\u00adle\u00adment, en lui don\u00adnant le nom de \u00ab&nbsp;Bon\u00adhomme Tire-Sous&nbsp;\u00bb, bien avant qu\u2019elle f\u00fbt deve\u00adnue une idole esquimau.<\/span><\/p>\n<p style=\"text-align: justify;\"><span style=\"font-weight: 400;\">Fort peu croyants, d\u00e9mo\u00adlis\u00adsant avec un simple sobri\u00adquet les embl\u00e8mes que les pr\u00e9\u00adju\u00adg\u00e9s fai\u00adsaient v\u00e9n\u00e9\u00adrables et sacro-saints, ces vigne\u00adrons d\u2019au\u00adtre\u00adfois s\u2019en lais\u00adsaient peu impo\u00adser par les c\u00e9r\u00e9\u00admo\u00adnies et les appa\u00adrences&nbsp;; pour eux, le Sacr\u00e9-C\u0153ur, c\u2019\u00e9\u00adtait le \u00ab&nbsp;Bon\u00adhomme Tire-Sous&nbsp;\u00bb, et cet iro\u00adnique sur\u00adnom rame\u00adnait \u00e0 ses justes pro\u00adpor\u00adtions la chose devant laquelle les cr\u00e9\u00addules se prosternaient.<\/span><\/p>\n<p style=\"text-align: justify;\"><span style=\"font-weight: 400;\">Pour\u00adtant, s\u2019ils avaient raill\u00e9 la sta\u00adtue, ils ne l\u2019a\u00advaient point bri\u00ads\u00e9e&nbsp;; l\u2019i\u00add\u00e9e, ni l\u2019en\u00advie, ne leur en \u00e9tait jamais venue. Ce geste ico\u00adno\u00adclaste, ce fut la foudre du ciel qui l\u2019accomplit.<\/span><\/p>\n<p style=\"text-align: justify;\"><span style=\"font-weight: 400;\">Quelques anti\u00adcl\u00e9\u00adri\u00adcaux ont ri de l\u2019ac\u00adci\u00addent&nbsp;: \u00ab&nbsp;Quoi&nbsp;! disaient-ils, Dieu et Marie, qui nous pro\u00adt\u00e8gent, ne savent pas se pro\u00adt\u00e9\u00adger eux-m\u00eames&nbsp;! est-ce l\u2019\u00e9lec\u00adtri\u00adci\u00adt\u00e9 des deux hommes de pierre\u200a\u2014\u200ale Stein\u00adman et le Bon\u00adhomme Tire-Sous\u200a\u2014\u200aqui a pro\u00adduit cette \u00e9tin\u00adcelle si fatale \u00e0 l\u2019un&nbsp;d\u2019eux&nbsp;?&nbsp;\u00bb&nbsp;<\/span><\/p>\n<p style=\"text-align: justify;\"><span style=\"font-weight: 400;\">Hommes de peu de foi, qui n\u2019ont point com\u00adpris que l\u2019ar\u00adchi\u00adcon\u00adfr\u00e9\u00adrie aura le der\u00adnier mot&nbsp;! L\u2019oc\u00adca\u00adsion est trop&nbsp;belle.<\/span><\/p>\n<p style=\"text-align: justify;\"><span style=\"font-weight: 400;\">Une qu\u00eate pour res\u00adtau\u00adrer la sta\u00adtue pro\u00addui\u00adra dix fois plus d\u2019argent qu\u2019elle n\u2019en a rap\u00adpor\u00adt\u00e9 avant sa d\u00e9col\u00adla\u00adtion par un matin d\u2019orage.<\/span><\/p>\n<p style=\"text-align: justify;\"><span style=\"font-weight: 400;\">D\u00e9j\u00e0, un jour\u00adnal qui fait tr\u00e8s \u00ab&nbsp;Semaine Reli\u00adgieuse&nbsp;\u00bb a \u00e9crit qu\u2019il fau\u00addrait \u00ab&nbsp;recons\u00adtruire le clo\u00adcher&nbsp;\u00bb qui, indi\u00adquons-le, date du Second Empire et n\u2019a aucune valeur artis\u00adtique&nbsp;; et le m\u00eame jour\u00adnal est demeu\u00adr\u00e9 muet sur l\u2019ur\u00adgence qu\u2019il y avait \u00e0 r\u00e9pa\u00adrer les dom\u00admages, cau\u00ads\u00e9s par le m\u00eame orage, \u00e0 une cit\u00e9 ouvri\u00e8re o\u00f9 plu\u00adsieurs familles ont \u00e9t\u00e9 momen\u00adta\u00adn\u00e9\u00adment pri\u00adv\u00e9es d\u2019a\u00adbri, tels des Esqui\u00admaux dont le d\u00e9gel dis\u00adloque l\u2019igloo.<\/span><\/p>\n<p style=\"text-align: justify;\"><span style=\"font-weight: 400;\">Les mal\u00adheurs d\u2019une sta\u00adtue de pierre vont \u00e9mou\u00advoir bien autre\u00adment la \u00ab&nbsp;civi\u00adli\u00adsa\u00adtion chr\u00e9\u00adtienne&nbsp;\u00bb que<\/span> <span style=\"font-weight: 400;\">toutes les cala\u00admi\u00adt\u00e9s dont souffrent les cr\u00e9a\u00adtures humaines en leur m\u00e9pri\u00adsable chair. Cou\u00adp\u00e9e en deux, l\u2019i\u00addole fera affluer des dons\u00adbeau\u00adcoup plus copieux que lors\u00adqu\u2019elle \u00e9tait enti\u00e8re. Avec la sous\u00adcrip\u00adtion, les\u00adP\u00e8res pour\u00adront en faire construire au moins&nbsp;six&nbsp;!&nbsp;<\/span><\/p>\n<p style=\"text-align: justify;\"><span style=\"font-weight: 400;\">Le Bon\u00adhomme Tire-Sous est<\/span> <span style=\"font-weight: 400;\">mort<\/span><b>,<\/b><span style=\"font-weight: 400;\"> vive le Bon\u00adhomme Tire-Sous&nbsp;!<\/span><\/p>\n<h4 style=\"text-align: center;\"><b>La libert\u00e9 de la presse, notre douce marotte<\/b><\/h4>\n<p style=\"text-align: justify;\"><span style=\"font-weight: 400;\">En une suite d\u2019ar\u00adticles accueillis par cette revue, nous avons pr\u00e9\u00adco\u00adni\u00ads\u00e9 une for\u00admule de jour\u00adnal qui per\u00admet\u00adtrait \u00e0 cha\u00adcun de b\u00e9n\u00e9\u00adfi\u00adcier d\u2019une infor\u00adma\u00adtion com\u00adpl\u00e8te et de publier son opi\u00adnion&nbsp;; bref, qui ferait du jour\u00adnal ce qu\u2019il devrait \u00eatre&nbsp;: le moyen pour ses lec\u00adteurs d\u2019\u00eatre ren\u00adsei\u00adgn\u00e9s et d\u2019ex\u00adpri\u00admer ce qu\u2019ils pensent.<\/span><\/p>\n<p style=\"text-align: justify;\"><span style=\"font-weight: 400;\">Nous envi\u00adsa\u00adgions un jour\u00adnal dont les pages d\u2019in\u00adfor\u00adma\u00adtions seraient r\u00e9so\u00adlu\u00adment objec\u00adtives, tan\u00addis que des pages int\u00e9\u00adrieures seraient mises \u00e0 la dis\u00adpo\u00adsi\u00adtion de ceux qui ont quelque chose \u00e0&nbsp;dire.<\/span><\/p>\n<p style=\"text-align: justify;\"><span style=\"font-weight: 400;\">Cette for\u00admule, disons-le, n\u2019existe nulle part \u00e0 l\u2019\u00e9\u00adtat pur. Cepen\u00addant, il en existe des pr\u00e9\u00adfi\u00adgu\u00adra\u00adtions. Dans le num\u00e9\u00adro deux de <\/span><i><span style=\"font-weight: 400;\">Publi\u00adci\u00adt\u00e9-Presse-Libre<\/span><\/i><span style=\"font-weight: 400;\"> du 15 mars 1951, M.&nbsp;Max Rol\u00adland, par\u00adlant du jour\u00adnal tech\u00adnique am\u00e9\u00adri\u00adcain <\/span><i><span style=\"font-weight: 400;\">Edi\u00adtor and Publi\u00adsher,<\/span><\/i><span style=\"font-weight: 400;\"> qui para\u00eet \u00e0 New-York, \u00e9crit&nbsp;:<\/span><\/p>\n<blockquote>\n<p style=\"text-align: justify;\"><span style=\"font-weight: 400;\">\u00ab&nbsp;Les opi\u00adnions et points de vue sont sys\u00adt\u00e9\u00adma\u00adti\u00adque\u00adment rel\u00e9\u00adgu\u00e9s dans une page sp\u00e9\u00adciale por\u00adtant le titre <\/span><i><span style=\"font-weight: 400;\">Com\u00admen\u00adtaires, <\/span><\/i><span style=\"font-weight: 400;\">car, sui\u00advant la concep\u00adtion am\u00e9\u00adri\u00adcaine, le reste ne doit \u00eatre que de l\u2019in\u00adfor\u00adma\u00adtion objec\u00adtive, le r\u00f4le de la presse \u00e9tant fon\u00adda\u00admen\u00adta\u00adle\u00adment de rap\u00adpor\u00adter les faits, en les s\u00e9pa\u00adrant net\u00adte\u00adment de l\u2019\u00e9ditorial.&nbsp;\u00bb<\/span><\/p>\n<\/blockquote>\n<p style=\"text-align: justify;\"><span style=\"font-weight: 400;\">II s\u2019a\u00adgit l\u00e0 d\u2019un organe tech\u00adnique sp\u00e9\u00adcia\u00adli\u00ads\u00e9&nbsp;; et nous igno\u00adrons si ses \u00ab&nbsp;com\u00admen\u00adtaires&nbsp;\u00bb sont \u00e0 sens unique ou mul\u00adtiple. Mais il n\u2019est pas dif\u00adfi\u00adcile d\u2019i\u00adma\u00adgi\u00adner un quo\u00adti\u00addien d\u2019in\u00adfor\u00adma\u00adtion sur ce mod\u00e8le, dot\u00e9 d\u2019une tr\u00e8s large dis\u00adcus\u00adsion des&nbsp;faits.<\/span><\/p>\n<p style=\"text-align: justify;\"><span style=\"font-weight: 400;\">Dans un r\u00e9cent num\u00e9\u00adro de <\/span><i><span style=\"font-weight: 400;\">L\u2019E\u00adcho de la Presse,<\/span><\/i><span style=\"font-weight: 400;\"> il est fait men\u00adtion d\u2019un pro\u00adjet qui a quelque paren\u00adt\u00e9 avec cette&nbsp;id\u00e9e.<\/span><\/p>\n<p style=\"text-align: justify;\"><span style=\"font-weight: 400;\">Voi\u00adci un extrait de l\u2019en\u00adtre\u00adfi\u00adlet qui lui est consa\u00adcr\u00e9 par cette&nbsp;revue&nbsp;:<\/span><\/p>\n<blockquote>\n<p style=\"text-align: justify;\"><span style=\"font-weight: 400;\">\u00ab&nbsp;M.&nbsp;Penoy, d\u00e9pu\u00adt\u00e9&nbsp; M.R.P. des Ardennes, vient de d\u00e9po\u00adser une pro\u00adpo\u00adsi\u00adtion de loi ten\u00addant \u00e0 \u00ab&nbsp;assai\u00adnir l\u2019in\u00adfor\u00adma\u00adtion publique par voie de presse&nbsp;\u00bb. Ses dis\u00adpo\u00adsi\u00adtions lais\u00adse\u00adront r\u00eaveurs nombre de nos confr\u00e8res. En effet, elles pr\u00e9\u00advoient, dans un jour\u00adnal, deux par\u00adties. L\u2019une com\u00adpor\u00adte\u00adra des infor\u00adma\u00adtions diverses qui devront \u00eatre d\u2019une \u00ab&nbsp;exac\u00adti\u00adtude abso\u00adlue&nbsp;\u00bb avec indi\u00adca\u00adtion de leur source&nbsp;: r\u00e9dac\u00adteur, cor\u00adres\u00adpon\u00addant ou agence de presse. L\u2019autre,&nbsp; inti\u00adtu\u00adl\u00e9e&nbsp;: <\/span><i><span style=\"font-weight: 400;\">Libres Opi\u00adnions, <\/span><\/i><span style=\"font-weight: 400;\">com\u00adpor\u00adte\u00adra les com\u00admen\u00adtaires du jour\u00adnal, avec ren\u00advoi aux infor\u00adma\u00adtions qui les ont pro\u00advo\u00adqu\u00e9s. La pro\u00adpo\u00adsi\u00adtion a \u00e9t\u00e9 ren\u00advoy\u00e9e \u00e0 la Com\u00admis\u00adsion de la Presse.&nbsp;\u00bb<\/span><\/p>\n<\/blockquote>\n<p style=\"text-align: justify;\"><span style=\"font-weight: 400;\">La pro\u00adpo\u00adsi\u00adtion de loi de M.&nbsp;Penoy montre que l\u2019i\u00add\u00e9e est dans l\u2019air, et non point seule\u00adment dans notre esprit, ce qui ris\u00adque\u00adrait de nous alar\u00admer sur sa valeur.<\/span><\/p>\n<p style=\"text-align: justify;\"><span style=\"font-weight: 400;\">Nous regret\u00adtons tou\u00adte\u00adfois que ce soit la Com\u00admis\u00adsion de la Presse et le Par\u00adle\u00adment qui doivent en avoir la pri\u00admeur&nbsp;; en effet, c\u2019est dans l\u2019i\u00adni\u00adtia\u00adtive pri\u00adv\u00e9e, c\u2019est dans la presse elle-m\u00eame, qu\u2019un tel pro\u00adjet e\u00fbt d\u00fb na\u00eetre, sans qu\u2019il f\u00fbt besoin que les gens au pou\u00advoir eussent \u00e0 sta\u00adtuer sur lui avant toute mise \u00e0 l\u2019es\u00adsai. Que les d\u00e9pu\u00adt\u00e9s en arrivent \u00e0 pro\u00adje\u00adter des for\u00admules nou\u00advelles de jour\u00adnaux, voi\u00adl\u00e0 qui montre com\u00adbien peu d\u2019au\u00addace et de volon\u00adt\u00e9 d\u2019en\u00adtre\u00adprise r\u00e9side de nos jours dans une presse vrai\u00adment bien malade.<\/span><\/p>\n<p style=\"text-align: justify;\"><span style=\"font-weight: 400;\">La pro\u00adpo\u00adsi\u00adtion de M.&nbsp;Penoy com\u00adporte une part d\u2019illu\u00adsion qui appelle nombre de r\u00e9serves&nbsp;; mais <\/span><i><span style=\"font-weight: 400;\">D\u00e9fense de l\u2019Homme<\/span><\/i><span style=\"font-weight: 400;\"> n\u2019est pas une revue sp\u00e9\u00adcia\u00adli\u00ads\u00e9e dans les ques\u00adtions de presse, nous ne nous y attar\u00adde\u00adrons donc pas. Nous nous bor\u00adne\u00adrons \u00e0 dire qu\u2019il est navrant de voir pro\u00adpo\u00adser au gou\u00adver\u00adne\u00adment des mesures pra\u00adtiques qui n\u2019ont jamais encore \u00e9t\u00e9 amor\u00adc\u00e9es s\u00e9rieu\u00adse\u00adment \u00e0 la base, et que nous redou\u00adtons, natu\u00adrel\u00adle\u00adment, cette l\u00e9ga\u00adli\u00adsa\u00adtion pr\u00e9\u00adma\u00adtu\u00adr\u00e9e, et m\u00eame anti\u00adci\u00adp\u00e9e, d\u2019un \u00e9tat de fait inexistant.<\/span><\/p>\n<p style=\"text-align: justify;\"><span style=\"font-weight: 400;\">Quant \u00e0 l\u2019\u00abexactitude abso\u00adlue&nbsp;\u00bb, mieux vaut ne point \u00e9pi\u00adlo\u00adguer \u00e0 son sujet&nbsp;; car s\u2019il est loi\u00adsible \u00e0 un d\u00e9pu\u00adt\u00e9 de r\u00e9cla\u00admer l\u2019exac\u00adti\u00adtude chez les jour\u00adna\u00adlistes, il est bien per\u00admis \u00e0 un jour\u00adna\u00adliste de sou\u00adrire de l\u2019exac\u00adti\u00adtude \u00e9vo\u00adqu\u00e9e par un d\u00e9put\u00e9.<\/span><\/p>\n<p style=\"text-align: justify;\"><span style=\"font-weight: 400;\">\u00c0 ce pro\u00adpos, nous rap\u00adpor\u00adte\u00adrons un petit fait g\u00e9n\u00e9\u00adra\u00adle\u00adment igno\u00adr\u00e9&nbsp;: le R\u00e9v\u00e9\u00adrend P\u00e8re Cyr Contan\u00adcin, qui pas\u00adsa une par\u00adtie de son exis\u00adtence en Chine, et fut enter\u00adr\u00e9 \u00e0 Cadix, \u00e0 son retour de mis\u00adsion, \u00e9ton\u00adna fort ses contem\u00adpo\u00adrains quand il leur r\u00e9v\u00e9\u00adla que la gazette de P\u00e9kin\u200a\u2014\u200ac\u2019\u00e9\u00adtait entre 1700 et 1730\u200a\u2014\u200aparais\u00adsait tous les jours sur soixante et soixante-dix pages. Le P. Contan\u00adcin don\u00adna sur cette gazette des d\u00e9tails fort int\u00e9\u00adres\u00adsants que condense en ces termes le pro\u00adfes\u00adseur Romain Gui\u00adgnard dans une&nbsp;\u00e9tude&nbsp;:<\/span><\/p>\n<blockquote>\n<p style=\"text-align: justify;\"><span style=\"font-weight: 400;\">\u00ab&nbsp;C\u2019\u00e9\u00adtait de l\u2019in\u00adfor\u00adma\u00adtion diri\u00adg\u00e9e, elle \u00e9tait m\u00eame diri\u00adg\u00e9e avec une rigueur sin\u00adgu\u00adli\u00e8re. Les infor\u00adma\u00adtions \u00e9tant offi\u00adcielles, publi\u00e9es au nom de l\u2019empereur et sous la garan\u00adtie du gou\u00adver\u00adne\u00adment, c\u2019\u00e9\u00adtait un crime d\u2019y appor\u00adter la plus l\u00e9g\u00e8re modi\u00adfi\u00adca\u00adtion. Seule\u00adment, elles s\u2019ins\u00adpi\u00adraient d\u2019un sou\u00adci de la v\u00e9ri\u00adt\u00e9 et de l\u2019exac\u00adti\u00adtude que l\u2019on n\u2019a pas tou\u00adjours retrou\u00adv\u00e9 aus\u00adsi scru\u00adpu\u00adleux&nbsp; dans la presse&nbsp; des&nbsp; temps modernes. Ain\u00adsi, le P. Contan\u00adcin rap\u00adporte que \u00ab&nbsp;<\/span><i><span style=\"font-weight: 400;\">deux \u00e9cri\u00advains, l\u2019un employ\u00e9 dans un tri\u00adbu\u00adnal, l\u2019autre dans la r\u00e9gie des postes, furent punis de mort pour avoir fait ins\u00e9\u00adrer dans la gazette quelques cir\u00adcons\u00adtances qui se trou\u00adv\u00e8rent fausses<\/span><\/i><span style=\"font-weight: 400;\">&nbsp;\u00bb. \u00c0 ce r\u00e9gime-l\u00e0, le m\u00e9tier de jour\u00adna\u00adliste ris\u00adque\u00adrait de deve\u00adnir tr\u00e8s dangereux.&nbsp;\u00bb<\/span><\/p>\n<\/blockquote>\n<p style=\"text-align: justify;\"><span style=\"font-weight: 400;\">Bien que jour\u00adna\u00adliste, je ne puis m\u2019emp\u00eacher de trou\u00adver per\u00adti\u00adnente cette der\u00adni\u00e8re remarque&nbsp;; mais il faut avouer que les Chi\u00adnois de l\u2019an 1700 avaient bien des excuses \u00e0 ne pas rela\u00adter tou\u00adjours la v\u00e9ri\u00adt\u00e9, car pour emplir soixante-dix pages chaque jour uni\u00adque\u00adment avec des nou\u00advelles exactes, \u00e0 une \u00e9poque o\u00f9 il n\u2019y avait ni t\u00e9l\u00e9\u00adgraphe, ni t\u00e9l\u00e9\u00adphone, o\u00f9 les jour\u00adnaux ne pou\u00advaient pos\u00ads\u00e9\u00adder ni chro\u00adnique spor\u00adtive, ni rubriques publi\u00adci\u00adtaires, ni aucune des mati\u00e8res qui font le suc\u00adc\u00e8s de ceux d\u2019au\u00adjourd\u2019\u00adhui, il leur fal\u00adlait beau\u00adcoup d\u2019in\u00adg\u00e9\u00adnio\u00adsi\u00adt\u00e9 et d\u2019imagination.<\/span><\/p>\n<p style=\"text-align: justify;\"><span style=\"font-weight: 400;\">De nos jours, la presse n\u2019a pas suf\u00adfi\u00adsam\u00adment le sou\u00adci de l\u2019exac\u00adti\u00adtude des infor\u00adma\u00adtions&nbsp;; on sait tout le mal qu\u2019ont pu faire des fausses nou\u00advelles&nbsp;; chaque guerre a \u00e9t\u00e9 pr\u00e9\u00adc\u00e9\u00add\u00e9e d\u2019une cam\u00adpagne de men\u00adsonges&nbsp;; les der\u00adni\u00e8res infor\u00adma\u00adtions exa\u00adg\u00e9\u00adr\u00e9es de la presse \u00e9gyp\u00adtienne au sujet du Maroc ont fait appa\u00adra\u00eetre une fois de plus le dan\u00adger des bobards alar\u00admistes. La presse n\u2019a pas non plus suf\u00adfi\u00adsam\u00adment le sou\u00adci de la diver\u00adsi\u00adt\u00e9 des opi\u00adnions. Tou\u00adte\u00adfois, c\u2019est une grande erreur que de sup\u00adpo\u00adser qu\u2019en remet\u00adtant \u00e0 l\u2019\u00c9tat le soin de trier la v\u00e9ri\u00adt\u00e9 et de punir les men\u00adteurs on rem\u00e9\u00addie\u00adra au&nbsp;p\u00e9ril.<\/span><\/p>\n<p style=\"text-align: justify;\"><span style=\"font-weight: 400;\">L\u2019af\u00adfaire de la <\/span><i><span style=\"font-weight: 400;\">Pren\u00adsa<\/span><\/i><span style=\"font-weight: 400;\"> \u00e0 Bue\u00adnos-Aires a mon\u00adtr\u00e9 com\u00adment s\u2019y prend un dic\u00adta\u00adteur quand il veut s\u2019emparer des der\u00adniers bas\u00adtions lib\u00e9\u00adraux de l\u2019o\u00adpi\u00adnion&nbsp;; natio\u00adna\u00adli\u00adser la presse, c\u2019est sim\u00adple\u00adment en faire le dif\u00adfu\u00adseur exclu\u00adsif et offi\u00adciel des men\u00adsonges du gou\u00adver\u00adne\u00adment, bap\u00adti\u00ads\u00e9s \u00ab&nbsp;v\u00e9ri\u00adt\u00e9s&nbsp;\u00bb du fait de leur offi\u00adcia\u00adli\u00adsa\u00adtion. Je me d\u00e9fie de l\u2019E\u00adtat juge de la v\u00e9ri\u00adt\u00e9 comme de l\u2019E\u00adtat juge de l\u2019in\u00adno\u00adcence ou de la&nbsp;paix.<\/span><\/p>\n<p style=\"text-align: justify;\"><span style=\"font-weight: 400;\">Les deux jour\u00adna\u00adlistes chi\u00adnois dont parle le P\u00e8re Contan\u00adcin avaient peut-\u00eatre publi\u00e9 une inexac\u00adti\u00adtude&nbsp;; peut-\u00eatre aus\u00adsi n\u2019a\u00advaient-ils fait que don\u00adner un son de cloche dif\u00adf\u00e9\u00adrent du son de cloche gou\u00adver\u00adne\u00admen\u00adtal et d\u00e9plaire en cela \u00e0 l\u2019empereur. Des dis\u00adgr\u00e2ces de ce genre ont \u00e9t\u00e9 vues sou\u00advent sous les r\u00e9gimes de force et de rigueur dont les temps contem\u00adpo\u00adrains ont four\u00adni de nom\u00adbreux exemples.<\/span><\/p>\n<p style=\"text-align: justify;\"><span style=\"font-weight: 400;\">Cela n\u2019ex\u00adcuse \u00e9vi\u00addem\u00adment pas les jour\u00adna\u00adlistes des pays plus favo\u00adri\u00ads\u00e9s qui, ayant la pos\u00adsi\u00adbi\u00adli\u00adt\u00e9 de dire la v\u00e9ri\u00adt\u00e9 et de publier des opi\u00adnions diverses, s\u2019en tiennent \u00e0 une seule ver\u00adsion que leur organe re\u00e7oit mis\u00adsion d\u2019ac\u00adcr\u00e9\u00addi\u00adter et qui n\u2019est que plus ou moins authentique.<\/span><\/p>\n<p style=\"text-align: justify;\"><span style=\"font-weight: 400;\">Un cor\u00adres\u00adpon\u00addant de Reims m\u2019a \u00e9crit et fait part de l\u2019in\u00adsuc\u00adc\u00e8s de ses d\u00e9marches aupr\u00e8s de la presse quo\u00adti\u00addienne de cette ville pour faire entendre la ver\u00adsion de la F\u00e9d\u00e9\u00adra\u00adtion anar\u00adchiste sur l\u2019af\u00adfaire des gang\u00adsters de Lyon. Je ne suis nul\u00adle\u00adment sur\u00adpris de cet insuc\u00adc\u00e8s&nbsp;; c\u2019est le contraire qui m\u2019e\u00fbt \u00e9ton\u00adn\u00e9. Et c\u2019est bien l\u00e0 le plus triste&nbsp;: les jour\u00adnaux avaient par\u00adfai\u00adte\u00adment la liber\u00adt\u00e9 de publier sur cette affaire des ver\u00adsions dif\u00adf\u00e9\u00adrentes, de la plus offi\u00adcielle \u00e0 la moins ortho\u00addoxe, mais tous s\u2019en sont tenus \u00e0 la ver\u00adsion type. Cela est de mau\u00advais augure pour notre presse ago\u00adni\u00adsante et pour notre liber\u00adt\u00e9 malade&nbsp;; car lors\u00adqu\u2019on pos\u00ads\u00e8de une liber\u00adt\u00e9 et qu\u2019on n\u2019en fait pas usage, c\u2019est qu\u2019on la d\u00e9daigne&nbsp;; et une liber\u00adt\u00e9 d\u00e9dai\u00adgn\u00e9e, le pou\u00advoir ne tarde gu\u00e8re \u00e0 la confisquer.<\/span><\/p>\n<p style=\"text-align: justify;\"><span style=\"font-weight: 400;\">Autour de nous pul\u00adlulent en effet, d\u2019une part ceux qui, pou\u00advant faire un bon et plein usage de la liber\u00adt\u00e9 de la presse, en usent avec des res\u00adtric\u00adtions qui en com\u00adpro\u00admettent l\u2019exer\u00adcice, d\u2019autre part ceux qui, en en abu\u00adsant, la d\u00e9con\u00adsi\u00add\u00e8rent \u00e0 des\u00adsein parce qu\u2019ils r\u00eavent de nous la ra vir un&nbsp;jour.<\/span><\/p>\n<h4 style=\"text-align: center;\"><b>Un \u00ab&nbsp;ban&nbsp;\u00bb pour le g\u00e9n\u00e9ral&nbsp;!<\/b><\/h4>\n<p style=\"text-align: justify;\"><span style=\"font-weight: 400;\">Je viens de lire dans une revue fran\u00ad\u00e7aise un article \u00e9crit par un g\u00e9n\u00e9\u00adral qui raconte sa plus r\u00e9cente cam\u00adpagne et j\u2019en suis tel\u00adle\u00adment enthou\u00adsias\u00adm\u00e9 que mon plus grand regret est de ne pou\u00advoir le repro\u00adduire ici, le copy\u00adright s\u2019y oppo\u00adsant. C\u2019est la pre\u00admi\u00e8re fois que l\u2019ha\u00adbi\u00adle\u00adt\u00e9 tac\u00adtique d\u2019une man\u0153uvre mili\u00adtaire me s\u00e9duit \u00e0 ce point&nbsp;; et je suis ten\u00adt\u00e9 d\u2019en oublier ces pr\u00e9\u00adju\u00adg\u00e9s vieux jeu qui m\u2019ont fait si avare d\u2019\u00e9\u00adloges envers les t\u00eates cou\u00adron\u00adn\u00e9es\u2026 de feuilles de&nbsp;ch\u00eane.<\/span><\/p>\n<p style=\"text-align: justify;\"><span style=\"font-weight: 400;\">Pour que vous puis\u00adsiez, vous aus\u00adsi, par\u00adta\u00adger mon admi\u00adra\u00adtion, je vous indi\u00adque\u00adrai que l\u2019ar\u00adticle en ques\u00adtion a paru dans <\/span><i><span style=\"font-weight: 400;\">Science et Vie<\/span><\/i><span style=\"font-weight: 400;\"> du mois d\u2019a\u00advril 1951 (num\u00e9\u00adro 403) et qu\u2019il est sign\u00e9 du g\u00e9n\u00e9\u00adral Ruby. D\u2019ailleurs, \u00e0 la page 237, vous ver\u00adrez la pho\u00adto\u00adgra\u00adphie obli\u00adgeam\u00adment com\u00admu\u00adni\u00adqu\u00e9e par un jour\u00adnal de Saint-Etienne et qui repr\u00e9\u00adsente le g\u00e9n\u00e9\u00adral Ruby lui-m\u00eame, sur les pentes du mont Pil\u00e2t, sur\u00adveillant avec un de ses adjoints une des pre\u00admi\u00e8res charges de l\u2019op\u00e9ration.<\/span><\/p>\n<p style=\"text-align: justify;\"><span style=\"font-weight: 400;\">Cette op\u00e9\u00adra\u00adtion s\u2019est appe\u00adl\u00e9e \u00ab&nbsp;l\u2019o\u00adp\u00e9\u00adra\u00adtion pluie\u00bb&nbsp;; voi\u00adci en quoi elle consis\u00adtait. Le bar\u00adrage de la Rive, pr\u00e8s de Saint-Cha\u00admond, est ali\u00admen\u00adt\u00e9 par le Ban, qui lui pro\u00adcure en bonne sai\u00adson 1.800.000 m\u00e8tres cubes d\u2019eau&nbsp;; or, \u00e0 la fin d\u2019oc\u00adtobre 1950, il n\u2019en conte\u00adnait que 41.000, tant la s\u00e9che\u00adresse \u00e9tait extr\u00eame&nbsp;; toute l\u2019in\u00addus\u00adtrie r\u00e9gio\u00adnale \u00e9tait mena\u00adc\u00e9e d\u2019un arr\u00eat complet.<\/span><\/p>\n<p style=\"text-align: justify;\"><span style=\"font-weight: 400;\">C\u2019est alors qu\u2019\u00e0 la requ\u00eate des indus\u00adtriels d\u00e9sem\u00adpa\u00adr\u00e9s inter\u00advint le g\u00e9n\u00e9\u00adral Ruby, dont la stra\u00adt\u00e9\u00adgie s\u2019employa \u00e0 faire cre\u00adver les nuages sur le bas\u00adsin du Ban&nbsp;; il avait \u00e0 sa dis\u00adpo\u00adsi\u00adtion une puis\u00adsante artille\u00adrie para\u00adgr\u00eale avec laquelle il effec\u00adtua sur les cumu\u00adlus des tirs de bar\u00adrage r\u00e9p\u00e9\u00adt\u00e9s \u00e0 l\u2019aide d\u2019o\u00adbus-fus\u00e9es rem\u00adplis d\u2019un m\u00e9lange pr\u00e9\u00adci\u00adpi\u00adtant&nbsp;; cette attaque par le canon \u00e9tait sou\u00adte\u00adnue par des forces d\u2019a\u00advia\u00adtion&nbsp;; celles-ci se com\u00adpo\u00adsaient d\u2019un seul avion qui, en fait de bombes, n\u2019emportait que des p\u00e9tards, mais si ter\u00adri\u00adfiques qu\u2019il suf\u00adfit d\u2019en faire par\u00adtir quatre pour faire pleu\u00advoir, moins de trois&nbsp;<\/span><span style=\"font-weight: 400;\">quarts d\u2019heure apr\u00e8s, sur le bi du bout du&nbsp;Ban.<\/span><\/p>\n<p style=\"text-align: justify;\"><span style=\"font-weight: 400;\">Gr\u00e2ce au bom\u00adbar\u00adde\u00adment des nuages de la val\u00adl\u00e9e du Ban, la cote du bar\u00adrage de la Rive pas\u00adsa, en vingt jours, de 41.000 \u00e0 190.000 m\u00e8tres cubes&nbsp;; le ravi\u00adtaille\u00adment en cou\u00adrant \u00e9lec\u00adtrique \u00e9tait d\u00e9sor\u00admais assu\u00adr\u00e9&nbsp;; il avait plu presque chaque jour et pas une seule inter\u00adven\u00adtion, soit a\u00e9rienne, soit ter\u00adrestre, n\u2019\u00e9\u00adtait demeu\u00adr\u00e9e sans r\u00e9sul\u00adtat. Quand le canon se tut, le bar\u00adrage \u00e9tait plein et l\u2019ar\u00admis\u00adtice fut conclu entre le g\u00e9n\u00e9\u00adral Ruby et les giboul\u00e9es.<\/span><\/p>\n<p style=\"text-align: justify;\"><span style=\"font-weight: 400;\">Je suis per\u00adsua\u00add\u00e9 que vous par\u00adta\u00adge\u00adrez ma satis\u00adfac\u00adtion d\u2019ap\u00adprendre qu\u2019un g\u00e9n\u00e9\u00adral est, quand il le veut, si utile \u00e0 son pro\u00adchain. Qu\u2019il devait \u00eatre beau, le g\u00e9n\u00e9\u00adral Ruby, sur le champ de bataille de la Rive, guet\u00adtant l\u2019ar\u00adri\u00adv\u00e9e de l\u2019en\u00adne\u00admi, fai\u00adsant signe \u00e0 ses artilleurs d\u2019ou\u00advrir le feu et entou\u00adr\u00e9 de canons para\u00adgr\u00eales qui p\u00e9taient de tous les c\u00f4t\u00e9s&nbsp;! Un d\u00e9taille&nbsp; nous res\u00adti\u00adtue\u00adra, j\u2019es\u00adp\u00e8re, une sc\u00e8ne si int\u00e9\u00adres\u00adsante&nbsp;; quant \u00e0 moi, je ne suis pas loin de tenir le g\u00e9n\u00e9\u00adral Ruby pour un h\u00e9ros et la vic\u00adtoire<\/span> <span style=\"font-weight: 400;\">qu\u2019il a rem\u00adpor\u00adt\u00e9e, quoique m\u00e9t\u00e9o\u00adro\u00adlo\u00adgique, me pas\u00adsionne bien autre\u00adment que tous les triomphes san\u00adglants aux\u00adquels tant de ses pairs se flattent d\u2019a\u00advoir particip\u00e9.<\/span><\/p>\n<p style=\"text-align: justify;\"><span style=\"font-weight: 400;\">Sou\u00advent, je m\u2019\u00e9\u00adtais deman\u00add\u00e9 ce qu\u2019on pour\u00adrait bien faire des g\u00e9n\u00e9\u00adraux le jour o\u00f9, hors d\u2019\u00e9\u00adtat de nuire, ils ne seront plus auto\u00adri\u00ads\u00e9s \u00e0 faire cou\u00adler le sang&nbsp;; nous savons d\u00e9sor\u00admais quelle nou\u00advelle et glo\u00adrieuse car\u00adri\u00e8re s\u2019offre \u00e0 eux&nbsp;: ils pour\u00adront tou\u00adjours s\u2019employer \u00e0 faire tom\u00adber la pluie, gr\u00e2ce \u00e0 laquelle, si les bl\u00e9s sont moins beaux sur les tom\u00adbeaux, les \u00e9pi\u00adnards, en revanche, seront plus verts dans les jar\u00addins&nbsp;; ils n\u2019en seront pas moins dignes de por\u00adter des feuilles de ch\u00eane et de rece\u00advoir des lau\u00adriers et si on ne leur donne plus la croix de guerre, ils seront du moins en droit d\u2019exi\u00adger celle du M\u00e9rite agricole.<\/span><\/p>\n<p style=\"text-align: justify;\"><i><span style=\"font-weight: 400;\">Science et Vie<\/span><\/i><span style=\"font-weight: 400;\"> nous pr\u00e9\u00adcise que l\u2019\u00abop\u00e9ration pluie&nbsp;\u00bb est deve\u00adnue fami\u00adli\u00e8re aux habi\u00adtants des Etats-Unis. Voi\u00adl\u00e0 donc, apr\u00e8s son limo\u00adgeage sen\u00adsa\u00adtion\u00adnel, une magni\u00adfique fin de car\u00adri\u00e8re pour le g\u00e9n\u00e9\u00adral Mac Arthur.<\/span><\/p>\n<p style=\"text-align: right;\">Pierre-Valen\u00adtin Berthier<\/p>\n","protected":false},"excerpt":{"rendered":"<p>L\u2019idole esqui\u00admau et la foudre c\u00e9leste En un lieu soli\u00adtaire du d\u00e9troit d\u2019Hud\u00adson,&nbsp; l\u2019ex\u00adtr\u00eame nord de la pres\u00adqu\u2019\u00eele du Labra\u00addor, existe une mis\u00adsion catho\u00adlique appe\u00adl\u00e9e Koar\u00adtak, qui \u00e9van\u00adg\u00e9\u00adlise les Esqui\u00admaux et que dirige le R\u00e9v\u00e9\u00adrend P\u00e8re Stein\u00adman, oblat de Marie-Imma\u00adcu\u00adl\u00e9e. Qui\u00adconque a la moindre tein\u00adture de la langue alle\u00admande sait que Stein\u00adman signi\u00adfie \u00ab&nbsp;L\u2019homme de&nbsp;[\u2026]<\/p>\n","protected":false},"author":39,"featured_media":4535,"comment_status":"closed","ping_status":"closed","sticky":false,"template":"wp-custom-template-page-d-article","format":"standard","meta":{"wp_typography_post_enhancements_disabled":false,"footnotes":""},"categories":[1156],"tags":[612,927,621],"ppma_author":[708],"class_list":["post-8939","post","type-post","status-publish","format-standard","has-post-thumbnail","hentry","category-defense-de-lhomme-n31-avril-1951","tag-armee","tag-presse","tag-religion"],"authors":[{"term_id":708,"user_id":39,"is_guest":0,"slug":"berthier-pv","display_name":"Pierre-Valentin Berthier","avatar_url":{"url":"https:\/\/la-presse-anarchiste.net\/wp-content\/uploads\/2024\/04\/berthier-pierre-valentin-e1713776847212.png","url2x":"https:\/\/la-presse-anarchiste.net\/wp-content\/uploads\/2024\/04\/berthier-pierre-valentin-e1713776847212.png"},"author_category":"","user_url":"","last_name":"Berthier","first_name":"Pierre-Valentin","job_title":"","description":"Sa notice biographique peut \u00eatre consult\u00e9e sur le site du Maitron en suivant <a href=\"https:\/\/maitron.fr\/spip.php?article188745\">ce lien<\/a>."}],"_links":{"self":[{"href":"https:\/\/la-presse-anarchiste.net\/index.php\/wp-json\/wp\/v2\/posts\/8939","targetHints":{"allow":["GET"]}}],"collection":[{"href":"https:\/\/la-presse-anarchiste.net\/index.php\/wp-json\/wp\/v2\/posts"}],"about":[{"href":"https:\/\/la-presse-anarchiste.net\/index.php\/wp-json\/wp\/v2\/types\/post"}],"author":[{"embeddable":true,"href":"https:\/\/la-presse-anarchiste.net\/index.php\/wp-json\/wp\/v2\/users\/39"}],"replies":[{"embeddable":true,"href":"https:\/\/la-presse-anarchiste.net\/index.php\/wp-json\/wp\/v2\/comments?post=8939"}],"version-history":[{"count":2,"href":"https:\/\/la-presse-anarchiste.net\/index.php\/wp-json\/wp\/v2\/posts\/8939\/revisions"}],"predecessor-version":[{"id":8948,"href":"https:\/\/la-presse-anarchiste.net\/index.php\/wp-json\/wp\/v2\/posts\/8939\/revisions\/8948"}],"wp:featuredmedia":[{"embeddable":true,"href":"https:\/\/la-presse-anarchiste.net\/index.php\/wp-json\/wp\/v2\/media\/4535"}],"wp:attachment":[{"href":"https:\/\/la-presse-anarchiste.net\/index.php\/wp-json\/wp\/v2\/media?parent=8939"}],"wp:term":[{"taxonomy":"category","embeddable":true,"href":"https:\/\/la-presse-anarchiste.net\/index.php\/wp-json\/wp\/v2\/categories?post=8939"},{"taxonomy":"post_tag","embeddable":true,"href":"https:\/\/la-presse-anarchiste.net\/index.php\/wp-json\/wp\/v2\/tags?post=8939"},{"taxonomy":"author","embeddable":true,"href":"https:\/\/la-presse-anarchiste.net\/index.php\/wp-json\/wp\/v2\/ppma_author?post=8939"}],"curies":[{"name":"wp","href":"https:\/\/api.w.org\/{rel}","templated":true}]}}