{"id":896,"date":"2007-10-20T16:29:05","date_gmt":"2007-10-20T16:29:05","guid":{"rendered":"https:\/\/la-presse-anarchiste.net\/index.php\/2007\/10\/20\/temoins-intemporels-7\/"},"modified":"2007-10-20T16:29:05","modified_gmt":"2007-10-20T16:29:05","slug":"temoins-intemporels-7","status":"publish","type":"post","link":"https:\/\/la-presse-anarchiste.net\/index.php\/2007\/10\/20\/temoins-intemporels-7\/","title":{"rendered":"T\u00e9moins intemporels"},"content":{"rendered":"<div class=\"pdfprnt-buttons pdfprnt-buttons-post pdfprnt-top-right\"><a href=\"https:\/\/la-presse-anarchiste.net\/index.php\/wp-json\/wp\/v2\/posts\/896?print=pdf\" class=\"pdfprnt-button pdfprnt-button-pdf\" target=\"_blank\"><img decoding=\"async\" src=\"https:\/\/la-presse-anarchiste.net\/wp-content\/plugins\/pdf-print\/images\/pdf.png\" alt=\"image_pdf\" title=\"Afficher le PDF\"><\/a><a href=\"https:\/\/la-presse-anarchiste.net\/index.php\/wp-json\/wp\/v2\/posts\/896?print=print\" class=\"pdfprnt-button pdfprnt-button-print\" target=\"_blank\"><img decoding=\"async\" src=\"https:\/\/la-presse-anarchiste.net\/wp-content\/plugins\/pdf-print\/images\/print.png\" alt=\"image_print\" title=\"Contenu imprim\u00e9\"><\/a><\/div><p>[( <\/p>\n<p style=\"margin-right: 0.38cm; text-indent: 1.44cm; margin-bottom: 0cm;\" align=\"justify\">\n<font face=\"Garamond, serif\"><span lang=\"fr-FR\"><font size=\"3\">L\u2019Europ\u00e9en<br>\nlet\u00adtr\u00e9 fran\u00ad\u00e7ais, s\u2019il conna\u00eet le nom d\u2019Imre<br>\nMad\u00e1ch (1823 \u2013 1864) par son \u0153uvre <i>La Tra\u00adg\u00e9\u00addie<br>\nde l\u2019Homme,<\/i> ignore<i> <\/i>en g\u00e9n\u00e9\u00adral l\u2019ensemble<br>\nde ses ouvrages poli\u00adtiques et his\u00adto\u00adriques. Cer\u00adtains extraits en&nbsp;ont<br>\nparu dans la <i>Nou\u00advelle<\/i> <i>Revue de Hon\u00adgrie <\/i>(juillet 1944)<br>\npubli\u00e9e \u00e0 Gen\u00e8ve en pleine guerre.<\/font><\/span><\/font><\/p>\n<p style=\"margin-right: 0.38cm; text-indent: 1.44cm; margin-bottom: 0cm;\" align=\"justify\">\n<font face=\"Garamond, serif\"><span lang=\"fr-FR\"><font size=\"3\">Mad\u00e1ch<br>\n\u00e9cri\u00advit les notes qui suivent apr\u00e8s la d\u00e9faite<br>\nde la guerre de l\u2019ind\u00e9pendance hon\u00adgroise (lui&nbsp;m\u00eame<br>\navait \u00e9t\u00e9 condam\u00adn\u00e9 \u00e0 deux ans de prison<br>\npour avoir cach\u00e9 chez lui un r\u00e9fu\u00adgi\u00e9 politique).<br>\nElles ont pour th\u00e8me les pers\u00adpec\u00adtives de la <i>nor\u00adma\u00adli\u00adsa\u00adtion<br>\n<\/i>et du <i>retrait des troupes russes de Hon\u00adgrie <\/i>\u2013 en&nbsp;1850.<br>\nTout rap\u00adpro\u00adche\u00adment avec la poli\u00adtique du gou\u00adver\u00adne\u00adment Kadar ne saurait<br>\ndonc \u00eatre que le r\u00e9sul\u00adtat d\u2019une simple co\u00efncidence.<\/font><\/span><\/font><\/p>\n<p style=\"margin-right: 0.38cm; text-indent: 1.44cm; margin-bottom: 0cm;\" align=\"justify\"><font face=\"Garamond, serif\"><span lang=\"fr-FR\"><font size=\"3\">)]<\/font><\/span><\/font><\/p>\n<p style=\"margin-right: 0.38cm; text-indent: 1.44cm; margin-bottom: 0cm;\" align=\"justify\"><font face=\"Garamond, serif\"><span lang=\"fr-FR\"><font size=\"3\">\u00ab&nbsp;L\u2019introduction<br>\ndu jury et de la presse libre dans une auto\u00adcra\u00adtie, <i>nous dit<br>\nRot\u00adtek,<\/i> am\u00e8\u00adne\u00adrait bien\u00adt\u00f4t l\u2019effondrement du<br>\nr\u00e9gime. Ces r\u00e9formes sont donc impos\u00adsibles dans l\u2019ordre<br>\ndes choses actuelles.&nbsp;\u00bb<\/font><\/span><\/font><\/p>\n<p style=\"margin-right: 0.38cm; text-indent: 1.44cm; margin-bottom: 0cm;\" align=\"justify\">\n<font face=\"Garamond, serif\"><span lang=\"fr-FR\"><font size=\"3\">\u00ab&nbsp;<i>Mais<br>\nqui donc parle ici d\u2019autocratie&nbsp;?&nbsp;\u00bb<\/i>, <i>pour\u00adraient<br>\ndeman\u00adder les z\u00e9l\u00e9s de la paci\u00adfi\u00adca\u00adtion,&nbsp;les<br>\nenthou\u00adsiastes de la qui\u00e9\u00adtude. N\u2019entend&nbsp;on pas van\u00adter&nbsp;un<br>\npeu par\u00adtout la nou\u00advelle Consti\u00adtu\u00adtion <\/i>\u2013<i> m\u00eame&nbsp;l\u00e0<br>\no\u00f9 les ba\u00efon\u00adnettes sont \u00e0 l\u2019\u0153uvre <\/i>\u2013<i> et<br>\nla Liber\u00adt\u00e9, m\u00eame \u00e0 l\u2019instant o\u00f9 l\u2019on<br>\nferme les menottes&nbsp;? Car, dit&nbsp;on, ce qui se&nbsp;passe<br>\nmain\u00adte\u00adnant n\u2019est qu\u2019une esp\u00e8ce d\u2019ap\u00e9ritif, \u00e0<br>\nbase de caviar russe, pour pr\u00e9\u00adpa\u00adrer l\u2019app\u00e9tit au<br>\nmagni\u00adfique ban\u00adquet de l\u2019ind\u00e9pendance&nbsp;!<\/i><\/font><\/span><\/font><\/p>\n<p style=\"margin-right: 0.38cm; text-indent: 1.44cm; margin-bottom: 0cm;\" align=\"justify\">\n<font face=\"Garamond, serif\"><span lang=\"fr-FR\"><font size=\"3\"><i>Moi<br>\naus\u00adsi, je pr\u00e9\u00adf\u00e9\u00adre\u00adrais dire avec Ter\u00adtul\u00adlien <\/i>\u00ab&nbsp;cre\u00addo<br>\nquia absur\u00addum&nbsp;\u00bb, <i>mais il me faut penser,<br>\ninvo\u00adlon\u00adtai\u00adre\u00adment, \u00e0 la logique impla\u00adcable des prin\u00adcipes&nbsp;qui,<br>\nune fois pos\u00e9s, s\u2019envolent vers leur but, comme autant de<br>\nfl\u00e8ches, sans qu\u2019on puisse les arr\u00eater.<\/i><\/font><\/span><\/font><\/p>\n<p style=\"margin-right: 0.38cm; text-indent: 1.44cm; margin-bottom: 0cm;\" align=\"justify\">\n<font face=\"Garamond, serif\"><span lang=\"fr-FR\"><font size=\"3\"><i>La<br>\n<\/i>\u00ab&nbsp;Macht\u00advoll\u00adkom\u00admen\u00adheit&nbsp;\u00bb res\u00adsemble <i>\u00e0<br>\nune for\u00adte\u00adresse entou\u00adr\u00e9e de mar\u00e9\u00adcages&nbsp;: on n\u2019y<br>\npeut arri\u00adver que sali de boue san\u00adglante, soit que l\u2019on prenne son<br>\nd\u00e9part en bot\u00adtines laqu\u00e9es ou en grosses bottes, et<br>\nqu\u2019on s\u2019approche par sauts de bouc, ou en ser\u00adpen\u00adtant&nbsp;\u00e0<br>\nplat ventre par des pistes compliqu\u00e9es.<\/i><\/font><\/span><\/font><\/p>\n<p style=\"margin-right: 0.38cm; text-indent: 1.44cm; margin-bottom: 0cm;\" align=\"justify\">\n<font face=\"Garamond, serif\"><span lang=\"fr-FR\"><font size=\"3\"><i>Le<br>\npre\u00admier crime de l\u2019homme poli\u00adtique contre la libert\u00e9<br>\npopu\u00adlaire res\u00adsemble au pre\u00admier vol. Bien des car\u00adri\u00e8res de&nbsp;bon<br>\naugure com\u00admencent ain\u00adsi, pour finir par des for\u00eats de potences.<br>\nQuand la chute de neige com\u00admence, pure et enjou\u00e9e, sa&nbsp;route<br>\nvers l\u2019ab\u00eeme, la neige ne sait pas <\/i>\u2013<i> elle en serait<br>\nhor\u00adri\u00adfi\u00e9e <\/i>\u2013<i> com\u00adbien de souillures, combien<br>\nd\u2019atrocit\u00e9s la sali\u00adront jusqu\u2019\u00e0 ce qu\u2019elle arrive<br>\nau fond de la vall\u00e9e.<\/i><\/font><\/span><\/font><\/p>\n<p style=\"margin-right: 0.38cm; text-indent: 1.44cm; margin-bottom: 0cm;\" align=\"justify\">\n<font face=\"Garamond, serif\"><span lang=\"fr-FR\"><font size=\"3\"><i>Pour\u00adquoi<br>\nnous \u00e9ton\u00adner quand des hommes poli\u00adtiques essayent d\u2019\u00e9loigner<br>\nde leur ou\u00efe la parole libre, crai\u00adgnant d\u2019y reconna\u00eetre<br>\nle cri de leur conscience&nbsp;? Rap\u00adpe\u00adlons&nbsp;nous le tzar Paul&nbsp;qui<br>\nd\u00e9fen\u00addit par oukase de par\u00adler de t\u00eate chauve et de&nbsp;nez<br>\ncamard <\/i>\u2013<i> sous peine d\u2019\u00eatre fouet\u00adt\u00e9&nbsp;\u00e0<br>\nmort. On res\u00adpec\u00adta l\u2019oukase, mais le tzar res\u00adta tout de&nbsp;m\u00eame<br>\nchauve et camard.<\/i><\/font><\/span><\/font><\/p>\n<p style=\"margin-right: 0.38cm; text-indent: 1.44cm; margin-bottom: 0cm;\" align=\"justify\">\n<font face=\"Garamond, serif\"><span lang=\"fr-FR\"><font size=\"3\"><i>Com\u00adment<br>\ndeman\u00adder \u00e0 nos ma\u00eetres une allure plus libre de&nbsp;la<br>\npresse, quand nous savons que c\u2019est l\u2019implacable des\u00adtin&nbsp;m\u00eame<br>\nqui les force \u00e0 retour\u00adner, tou\u00adjours de nou\u00adveau,&nbsp;\u00e0<br>\nl\u2019absolutisme le plus rigide&nbsp;? <\/i>\u2013<i> Non, ils aiment trop<br>\nse plaire dans leur atti\u00adtude de res\u00adpect de l\u2019orthodoxie, et ils&nbsp;se<br>\nrap\u00adpel\u00adle\u00adront tou\u00adjours que le pro\u00adph\u00e8te \u00c9lie fit d\u00e9chirer<br>\npar l\u2019ours qua\u00adrante&nbsp;deux enfants qui s\u2019\u00e9taient moqu\u00e9s<br>\nde sa calvitie.<\/i><\/font><\/span><\/font><\/p>\n<p style=\"margin-right: 0.38cm; text-indent: 1.44cm; margin-bottom: 0cm;\" align=\"justify\">\n<font face=\"Garamond, serif\"><i><span lang=\"fr-FR\"><font size=\"3\">Com\u00adment<br>\npour\u00adraient&nbsp;ils agir d\u2019autre fa\u00e7on&nbsp;? Ils feront<br>\ntaire tout le monde, comme ils ont d\u00e9j\u00e0 commenc\u00e9,<br>\nde fa\u00e7on plu\u00adt\u00f4t enfan\u00adtine en muti\u00adlant les textes des<br>\nr\u00e9so\u00adlu\u00adtions et des v\u0153ux et les pro\u00adgrammes adop\u00adt\u00e9s&nbsp;far<br>\nles conseils d\u00e9partementaux.<\/font><\/span><\/i><\/font><\/p>\n<p style=\"margin-right: 0.38cm; text-indent: 1.44cm; margin-bottom: 0cm;\" align=\"justify\">\n<font face=\"Garamond, serif\"><i><span lang=\"fr-FR\"><font size=\"3\">Croient&nbsp;ils,<br>\nces Mes\u00adsieurs, que l\u2019esprit des r\u00e9so\u00adlu\u00adtions d\u00e9partementales,<br>\ncet esprit qu\u2019ils trouvent si redou\u00adtable, soit res\u00adtreint \u00e0<br>\nces demi-feuilles de papier, et que, en br\u00fb\u00adlant quelques<br>\nphrases \u00e9crites ou en arr\u00ea\u00adtant leurs auteurs, l\u2019on<br>\npuisse d\u00e9truire le sen\u00adti\u00adment patrio\u00adtique, l\u2019id\u00e9e<br>\nvivante, qui habite des cen\u00adtaines de mil\u00adliers de c\u0153urs et qui n\u2019a<br>\nretrou\u00adv\u00e9 qu\u2019une faible expres\u00adsion dans ces programmes&nbsp;?<br>\nNe connaissent-ils pas l\u2019histoire, pour qu\u2019ils ne sachent pas&nbsp;que<br>\nle b\u00fbcher de Jean Huss ne ser\u00advit pas de cime\u00adti\u00e8re, mais<br>\nde nou\u00advel argu\u00adment \u00e0 la r\u00e9for\u00adma\u00adtion&nbsp;? Que la&nbsp;terre<br>\nne s\u2019arr\u00eata pas, mal\u00adgr\u00e9 l\u2019emprisonnement de<br>\nGalil\u00e9e&nbsp;?<\/font><\/span><\/i><\/font><\/p>\n<p style=\"margin-right: 0.38cm; text-indent: 1.44cm; margin-bottom: 0cm;\" align=\"justify\" lang=\"fr-FR\">\n<font face=\"Garamond, serif\"><font size=\"3\"><i>Fut&nbsp;ce en&nbsp;vain,<br>\npour ces mes\u00adsieurs, que Tacite \u00e9cri\u00advit, il y a presque deux<br>\nmil\u00adl\u00e9\u00adnaires, ces phrases&nbsp;:<\/i><\/font><\/font><\/p>\n<p style=\"margin-right: 0.38cm; text-indent: 1.44cm; margin-bottom: 0cm;\" align=\"justify\">\n<font face=\"Garamond, serif\"><span lang=\"fr-FR\"><font size=\"3\"><i>\u00ab&nbsp;<\/i>\u2026<br>\nce fut peu de s\u00e9vir contre les auteurs&nbsp;; on n\u2019\u00e9pargna<br>\nm\u00eame pas leurs ouvrages&nbsp;; et la main des trium\u00advirs&nbsp;br\u00fbla,<br>\nsur la place des Comices,<i> <\/i>dans le Forum, les monu\u00adments de&nbsp;ces<br>\nbeaux g\u00e9nies. Sans doute la tyran\u00adnie<i> <\/i>croyait que&nbsp;ces<br>\nflammes \u00e9touf\u00adfe\u00adraient tout ensemble et la voix du peuple<br>\nromain, et la liber\u00adt\u00e9 du S\u00e9nat, et la conscience du<br>\ngenre humain\u2026 afin que rien d\u2019honn\u00eate ne s\u2019offr\u00eet<br>\nplus \u00e0 ses regards\u2026 Et si nos anc\u00eatres connurent<br>\nquel\u00adque\u00adfois l\u2019extr\u00eame liber\u00adt\u00e9, nous avons, nous,&nbsp;connu<br>\nl\u2019extr\u00eame ser\u00advi\u00adtude, alors que les plus simples entretiens<br>\nnous \u00e9taient inter\u00addits par un odieux espion\u00adnage. Nous aurions<br>\nper\u00addu la m\u00e9moire m\u00eame avec la parole, s\u2019il nous&nbsp;\u00e9tait<br>\naus\u00adsi pos\u00adsible d\u2019oublier que de<i> <\/i>nous taire.&nbsp;\u00bb<br>\n[[Imre Mad\u00e1ch cite le texte ori\u00adgi\u00adnal, dont nous repro\u00addui\u00adsons ici la<i> <\/i>tra\u00adduc\u00adtion Bur\u00adnouf (Tacite, <i>\u0152uvres com\u00adpl\u00e8tes, Agri\u00adco\u00adla,<\/i> cha\u00adpitre II, Librai\u00adrie Hachette, 1872).]]<\/font><\/span><\/font><\/p>\n<p style=\"margin-right: 0.38cm; text-indent: 1.44cm; margin-bottom: 0cm;\" align=\"justify\">\n<font face=\"Garamond, serif\"><span lang=\"fr-FR\"><font size=\"3\"><i>Et<br>\nquand, ain\u00adsi, ils r\u00e9us\u00adsi\u00adront \u00e0 faire taire tout&nbsp;le<br>\nmonde, ils ne seront tou\u00adjours pas contents, car les d\u00e9sirs<br>\nhumains \u00e9vo\u00adluent de fa\u00e7on irr\u00e9\u00adpres\u00adsible. Ils<br>\ndeman\u00adde\u00adront des paroles, et des paroles bien flat\u00adteuses, pour<br>\ntran\u00adquilli\u00adser leur conscience&nbsp;; ils sui\u00advront l\u2019exemple de&nbsp;ce<br>\ngrand sei\u00adgneur libyen Psa\u00adphon qui, sou\u00adhai\u00adtant \u00eatre comme&nbsp;un<br>\nDieu, ensei\u00adgna \u00e0 d\u2019innombrables oiseaux de r\u00e9p\u00e9ter<br>\n\u00ab&nbsp;Psa\u00adphon est un grand Dieu&nbsp;\u00bb et lib\u00e9ra<br>\nces oiseaux ensuite pour qu\u2019ils r\u00e9pandent sa gloire. Nos<br>\nsei\u00adgneurs, eux aus\u00adsi, serinent d\u00e9j\u00e0, dans la cage&nbsp;du<br>\n<\/i>Reichs\u00adrat, <i>un grand oiseau pour qu\u2019il r\u00e9p\u00e8te<br>\nde sem\u00adblables propos.<\/i><\/font><\/span><\/font><\/p>\n<p style=\"margin-right: 0.38cm; text-indent: 1.44cm; margin-bottom: 0cm;\" align=\"justify\">\n<font face=\"Garamond, serif\"><i><span lang=\"fr-FR\"><font size=\"3\">Jusqu\u2019ici<br>\ntout a encore bien mar\u00adch\u00e9, mais que va&nbsp;t\u2011il s\u2019ensuivre&nbsp;?<\/font><\/span><\/i><\/font><\/p>\n<p style=\"margin-right: 0.38cm; text-indent: 1.44cm; margin-bottom: 0cm;\" align=\"justify\">\n<font face=\"Garamond, serif\"><i><span lang=\"fr-FR\"><font size=\"3\">Les<br>\nnou\u00adveaux ma\u00eetres seront&nbsp;ils satis\u00adfaits de leur gloire de<br>\ndes\u00adtruc\u00adtion, sans m\u00eame pen\u00adser \u00e0 recons\u00adtruire&nbsp;?&nbsp;Ce<br>\nn\u2019est que l\u2019enthousiasme du po\u00e8te, du&nbsp;h\u00e9ros<br>\nr\u00e9vo\u00adlu\u00adtion\u00adnaire, qui peut se conten\u00adter de dire&nbsp;: \u00ab&nbsp;B\u00e2tir<br>\nest beau, d\u00e9truire est sublime&nbsp;\u00bb. D\u00e9truire<br>\nne suf\u00adfi\u00adra jamais aux devoirs d\u2019un homme d\u2019\u00c9tat.<\/font><\/span><\/i><\/font><\/p>\n<p style=\"margin-right: 0.38cm; text-indent: 1.44cm; margin-bottom: 0cm;\" align=\"justify\">\n<font face=\"Garamond, serif\"><i><span lang=\"fr-FR\"><font size=\"3\">Peut&nbsp;\u00eatre<br>\ns\u2019acharneront&nbsp;ils \u00e0 res\u00adsus\u00adci\u00adter le Syst\u00e8me&nbsp;?<br>\nQu\u2019ils sachent pour\u00adtant qu\u2019il n\u2019y a rien de plus dif\u00adfi\u00adcile&nbsp;que<br>\nde rendre la vie \u00e0 une id\u00e9e morte, et sur\u00adtout dans&nbsp;la<br>\npoli\u00adtique. De telles id\u00e9es portent, sur leur front, d\u2019ores<br>\net d\u00e9j\u00e0 la marque du \u00ab&nbsp;non&nbsp;viable&nbsp;\u00bb.<\/font><\/span><\/i><\/font><\/p>\n<p style=\"margin-right: 0.38cm; text-indent: 1.44cm; margin-bottom: 0cm;\" align=\"justify\">\n<font face=\"Garamond, serif\"><i><span lang=\"fr-FR\"><font size=\"3\">Et<br>\nqu\u2019ils sachent que le m\u00eame moyen ne rend que rare\u00adment le&nbsp;m\u00eame<br>\nser\u00advice si on l\u2019utilise une deuxi\u00e8me fois. On n\u2019y touche<br>\nqu\u2019avec un manque de confiance.<\/font><\/span><\/i><\/font><\/p>\n<p style=\"margin-right: 0.38cm; text-indent: 1.44cm; margin-bottom: 0cm;\" align=\"justify\">\n<font face=\"Garamond, serif\"><span lang=\"fr-FR\"><font size=\"3\"><i>Tout<br>\ngou\u00adver\u00adne\u00adment res\u00adsemble \u00e0 peu pr\u00e8s&nbsp;\u00e0<br>\nl\u2019\u00e9pouvantail \u00e0 moi\u00adneaux qui cesse d\u2019\u00eatre<br>\neffi\u00adcace au moment o\u00f9 le pre\u00admier oiseau s\u2019y perche.<br>\nL\u2019opinion que l\u2019on a de sa force, le nimbe, pour ain\u00adsi dire,&nbsp;dont<br>\non l\u2019entoure, est beau\u00adcoup plus impor\u00adtant pour la solidit\u00e9<br>\nd\u2019un gou\u00adver\u00adne\u00adment que la force m\u00eame dont il dis\u00adpose. <\/i>Et<br>\nle sys\u00adt\u00e8me a&nbsp;v\u00e9cu.<\/font><\/span><\/font><\/p>\n<p style=\"margin-right: 0.38cm; text-indent: 1.44cm; margin-bottom: 0cm;\" align=\"justify\">\n<font face=\"Garamond, serif\"><i><span lang=\"fr-FR\"><font size=\"3\">L\u2019histoire<br>\nde la R\u00e9vo\u00adlu\u00adtion fran\u00ad\u00e7aise nous prouve que l\u2019on&nbsp;peut<br>\ntr\u00e8s bien s\u2019accoutumer aux pri\u00adsons, aux pres\u00adcrip\u00adtions, \u00e0<br>\nla guillo\u00adtine. Com\u00adbien d\u2019orateurs us\u00e8rent du sui\u00adcide&nbsp;comme<br>\nargu\u00adment supr\u00eame en leurs dis\u00adcours&nbsp;? Et quant&nbsp;\u00e0<br>\nnous, nous croyons conna\u00eetre assez bien toutes les atrocit\u00e9s<br>\nde l\u2019Empire romain \u2013 nous les connais\u00adsons presque jusqu\u2019aux<br>\nchoix du hasard d\u00e9si\u00adgnant celui qui devait \u00eatre pen\u00addu&nbsp;\u00e0<br>\nla potence momen\u00adta\u00adn\u00e9\u00adment inoc\u00adcu\u00adp\u00e9e. Et ain\u00adsi je&nbsp;ne<br>\npense pas que de tels argu\u00adments puissent avoir pour nous l\u2019effet<br>\nsur\u00adpre\u00adnant de grandes nou\u00adveau\u00adt\u00e9s effrayantes\u2026<\/font><\/span><\/i><\/font><\/p>\n<p style=\"margin-right: 0.38cm; text-indent: 1.44cm; margin-bottom: 0cm;\" align=\"justify\">\n<font face=\"Garamond, serif\"><i><span lang=\"fr-FR\"><font size=\"3\">\u2026<br>\nLa terre, elle aus\u00adsi, ne tour\u00adna pas durant des si\u00e8cles et<br>\ntoute sp\u00e9\u00adcu\u00adla\u00adtion scien\u00adti\u00adfique se fon\u00adda sur cette th\u00e9orie.<br>\nGali\u00adl\u00e9e par\u00adla, et la terre tourna.<\/font><\/span><\/i><\/font><\/p>\n<p style=\"margin-right: 0.38cm; text-indent: 1.44cm; margin-bottom: 0cm;\" align=\"justify\">\n<font face=\"Garamond, serif\"><i><span lang=\"fr-FR\"><font size=\"3\">En<br>\npareil cas, ce n\u2019est que l\u2019attachement des peuples satis\u00adfaits&nbsp;qui<br>\npeut rem\u00adpla\u00adcer le ter\u00adrain qui fuit sous les pas des hommes d\u2019\u00c9tat.<\/font><\/span><\/i><\/font><\/p>\n<p style=\"margin-right: 0.38cm; text-indent: 1.44cm; margin-bottom: 0cm;\" align=\"justify\" lang=\"fr-FR\">\n<font face=\"Garamond, serif\"><font size=\"3\">Imre Mad\u00e1ch<\/font><\/font><\/p>\n","protected":false},"excerpt":{"rendered":"<p>[( L\u2019Europ\u00e9en let\u00adtr\u00e9 fran\u00ad\u00e7ais, s\u2019il conna\u00eet le nom d\u2019Imre Mad\u00e1ch (1823 \u2013 1864) par son \u0153uvre La Tra\u00adg\u00e9\u00addie de l\u2019Homme, ignore en g\u00e9n\u00e9\u00adral l\u2019ensemble de ses ouvrages poli\u00adtiques et his\u00adto\u00adriques. Cer\u00adtains extraits en&nbsp;ont paru dans la Nou\u00advelle Revue de Hon\u00adgrie (juillet 1944) publi\u00e9e \u00e0 Gen\u00e8ve en pleine guerre. Mad\u00e1ch \u00e9cri\u00advit les notes qui suivent apr\u00e8s&nbsp;[\u2026]<\/p>\n","protected":false},"author":1,"featured_media":0,"comment_status":"closed","ping_status":"closed","sticky":false,"template":"","format":"standard","meta":{"wp_typography_post_enhancements_disabled":false,"footnotes":""},"categories":[103],"tags":[],"ppma_author":[540],"class_list":["post-896","post","type-post","status-publish","format-standard","hentry","category-temoins-n14-automne-1956"],"authors":[{"term_id":540,"user_id":1,"is_guest":0,"slug":"admin_3gikpwyf","display_name":"Vincent Dubuc","avatar_url":"https:\/\/secure.gravatar.com\/avatar\/d015720652c25fd2ced191ade86430094e1f288a17483713e3b34d26dea52507?s=96&d=mm&r=g","author_category":"","user_url":"https:\/\/la-presse-anarchiste.net","last_name":"Dubuc","first_name":"Vincent","job_title":"","description":""}],"_links":{"self":[{"href":"https:\/\/la-presse-anarchiste.net\/index.php\/wp-json\/wp\/v2\/posts\/896","targetHints":{"allow":["GET"]}}],"collection":[{"href":"https:\/\/la-presse-anarchiste.net\/index.php\/wp-json\/wp\/v2\/posts"}],"about":[{"href":"https:\/\/la-presse-anarchiste.net\/index.php\/wp-json\/wp\/v2\/types\/post"}],"author":[{"embeddable":true,"href":"https:\/\/la-presse-anarchiste.net\/index.php\/wp-json\/wp\/v2\/users\/1"}],"replies":[{"embeddable":true,"href":"https:\/\/la-presse-anarchiste.net\/index.php\/wp-json\/wp\/v2\/comments?post=896"}],"version-history":[{"count":0,"href":"https:\/\/la-presse-anarchiste.net\/index.php\/wp-json\/wp\/v2\/posts\/896\/revisions"}],"wp:attachment":[{"href":"https:\/\/la-presse-anarchiste.net\/index.php\/wp-json\/wp\/v2\/media?parent=896"}],"wp:term":[{"taxonomy":"category","embeddable":true,"href":"https:\/\/la-presse-anarchiste.net\/index.php\/wp-json\/wp\/v2\/categories?post=896"},{"taxonomy":"post_tag","embeddable":true,"href":"https:\/\/la-presse-anarchiste.net\/index.php\/wp-json\/wp\/v2\/tags?post=896"},{"taxonomy":"author","embeddable":true,"href":"https:\/\/la-presse-anarchiste.net\/index.php\/wp-json\/wp\/v2\/ppma_author?post=896"}],"curies":[{"name":"wp","href":"https:\/\/api.w.org\/{rel}","templated":true}]}}