{"id":9060,"date":"2025-07-20T03:24:37","date_gmt":"2025-07-20T03:24:37","guid":{"rendered":"https:\/\/la-presse-anarchiste.net\/?p=9060"},"modified":"2025-07-30T10:53:16","modified_gmt":"2025-07-30T10:53:16","slug":"mise-a-jour-enfin","status":"publish","type":"post","link":"https:\/\/la-presse-anarchiste.net\/index.php\/2025\/07\/20\/mise-a-jour-enfin\/","title":{"rendered":"Mise \u00e0 jour&nbsp;enfin&nbsp;(?)"},"content":{"rendered":"<div class=\"pdfprnt-buttons pdfprnt-buttons-post pdfprnt-top-right\"><a href=\"https:\/\/la-presse-anarchiste.net\/index.php\/wp-json\/wp\/v2\/posts\/9060?print=pdf\" class=\"pdfprnt-button pdfprnt-button-pdf\" target=\"_blank\"><img decoding=\"async\" src=\"https:\/\/la-presse-anarchiste.net\/wp-content\/plugins\/pdf-print\/images\/pdf.png\" alt=\"image_pdf\" title=\"Afficher le PDF\"><\/a><a href=\"https:\/\/la-presse-anarchiste.net\/index.php\/wp-json\/wp\/v2\/posts\/9060?print=print\" class=\"pdfprnt-button pdfprnt-button-print\" target=\"_blank\"><img decoding=\"async\" src=\"https:\/\/la-presse-anarchiste.net\/wp-content\/plugins\/pdf-print\/images\/print.png\" alt=\"image_print\" title=\"Contenu imprim\u00e9\"><\/a><\/div><p>Ceux qui n\u2019ont pas aban\u00addon\u00adn\u00e9 auront remar\u00adqu\u00e9 quelques mises \u00e0 jour r\u00e9centes. Sans ren\u00adtrer dans les d\u00e9tails per\u00adson\u00adnels j\u2019ai tra\u00adver\u00ads\u00e9 un long moment de mou en ce qui concerne ma moti\u00adva\u00adtion \u00e0 conti\u00adnuer ce site. La qua\u00adsi des\u00adtruc\u00adtion de ce qui a \u00e9t\u00e9 pas loin de 20 ans de tra\u00advail a pro\u00adfon\u00add\u00e9\u00adment alt\u00e9\u00adr\u00e9 ma volon\u00adt\u00e9 de conti\u00adnuer. C\u2019est l\u00e0 le tra\u00advers pre\u00admier de toute \u00ab&nbsp;\u0153uvre&nbsp;\u00bb individuelle.<\/p>\n<p>Quoi qu\u2019il en soit, la remise en ligne a reprit&nbsp;: pour com\u00admen\u00adcer, je r\u00e9at\u00adtri\u00adbue aux bons auteurs les articles qui\u200a\u2014\u200aje ne sais pour\u00adquoi\u200a\u2014\u200asont tous pas\u00ads\u00e9s sous mon nom. Ensuite, recons\u00adtruire les liens pour ceux qui ont dis\u00adpa\u00adru (ont \u00e9t\u00e9 ren\u00addu de nou\u00adveau acces\u00adsibles les articles du pre\u00admier num\u00e9\u00adro de <em>Noir &amp; Rouge<\/em>, des <em>Temps Nou\u00adveaux<\/em>, etc.). Vient aus\u00adsi les cor\u00adrec\u00adtions typo\u00adgra\u00adphiques et la mise en ligne de nou\u00adveau\u00adt\u00e9s (les articles de Pierre-Valen\u00adtin Ber\u00adthier et de Lyg dans <em>D\u00e9fense de l\u2019homme<\/em>). Autre\u00adment dit, pas mal de ce qui est fait en ce moment est presque invi\u00adsible pour les lec\u00adteurs mais il s\u2019a\u00adgit n\u00e9an\u00admoins d\u2019une t\u00e2che pre\u00adnante et mal\u00adheu\u00adreu\u00adse\u00adment essen\u00adtielle \u00e0 faire avant de pou\u00advoir poursuivre.<\/p>\n<p>Par\u00admi les nou\u00advelles r\u00e9jouis\u00adsantes, j\u2019ai enfin acc\u00e8s \u00e0 une copie des Cahiers de l\u2019hu\u00adma\u00adnisme liber\u00adtaire. J\u2019es\u00adp\u00e8re bien pou\u00advoir avan\u00adcer sur cette revue, mais le temps n\u2019est pas exten\u00adsible et je sou\u00adhaite avant tout r\u00e9ta\u00adblir le site avant de trop m\u2019a\u00advan\u00adcer et m\u2019\u00e9parpiller.<\/p>\n<p>J\u2019es\u00adsaie\u00adrai de vous tenir au cou\u00adrant de l\u2019a\u00advan\u00adc\u00e9e des travaux.<\/p>\n<p>&nbsp;<\/p>\n<p>Mer\u00adci \u00e0 tous ceux qui m\u2019ont contac\u00adt\u00e9 pour m\u2019en\u00adcou\u00adra\u00adger \u00e0 reprendre ce travail.<\/p>\n<p>&nbsp;<\/p>\n<p>&nbsp;<\/p>\n","protected":false},"excerpt":{"rendered":"<p>Ceux qui n\u2019ont pas aban\u00addon\u00adn\u00e9 auront remar\u00adqu\u00e9 quelques mises \u00e0 jour r\u00e9centes. Sans ren\u00adtrer dans les d\u00e9tails per\u00adson\u00adnels j\u2019ai tra\u00adver\u00ads\u00e9 un long moment de mou en ce qui concerne ma moti\u00adva\u00adtion \u00e0 conti\u00adnuer ce site. La qua\u00adsi des\u00adtruc\u00adtion de ce qui a \u00e9t\u00e9 pas loin de 20 ans de tra\u00advail a pro\u00adfon\u00add\u00e9\u00adment alt\u00e9\u00adr\u00e9 ma volont\u00e9&nbsp;[\u2026]<\/p>\n","protected":false},"author":1,"featured_media":0,"comment_status":"closed","ping_status":"closed","sticky":false,"template":"","format":"standard","meta":{"wp_typography_post_enhancements_disabled":false,"footnotes":""},"categories":[1],"tags":[],"ppma_author":[540],"class_list":["post-9060","post","type-post","status-publish","format-standard","hentry","category-uncategorized"],"authors":[{"term_id":540,"user_id":1,"is_guest":0,"slug":"admin_3gikpwyf","display_name":"Vincent Dubuc","avatar_url":"https:\/\/secure.gravatar.com\/avatar\/d015720652c25fd2ced191ade86430094e1f288a17483713e3b34d26dea52507?s=96&d=mm&r=g","author_category":"","user_url":"https:\/\/la-presse-anarchiste.net","last_name":"Dubuc","first_name":"Vincent","job_title":"","description":""}],"_links":{"self":[{"href":"https:\/\/la-presse-anarchiste.net\/index.php\/wp-json\/wp\/v2\/posts\/9060","targetHints":{"allow":["GET"]}}],"collection":[{"href":"https:\/\/la-presse-anarchiste.net\/index.php\/wp-json\/wp\/v2\/posts"}],"about":[{"href":"https:\/\/la-presse-anarchiste.net\/index.php\/wp-json\/wp\/v2\/types\/post"}],"author":[{"embeddable":true,"href":"https:\/\/la-presse-anarchiste.net\/index.php\/wp-json\/wp\/v2\/users\/1"}],"replies":[{"embeddable":true,"href":"https:\/\/la-presse-anarchiste.net\/index.php\/wp-json\/wp\/v2\/comments?post=9060"}],"version-history":[{"count":4,"href":"https:\/\/la-presse-anarchiste.net\/index.php\/wp-json\/wp\/v2\/posts\/9060\/revisions"}],"predecessor-version":[{"id":9064,"href":"https:\/\/la-presse-anarchiste.net\/index.php\/wp-json\/wp\/v2\/posts\/9060\/revisions\/9064"}],"wp:attachment":[{"href":"https:\/\/la-presse-anarchiste.net\/index.php\/wp-json\/wp\/v2\/media?parent=9060"}],"wp:term":[{"taxonomy":"category","embeddable":true,"href":"https:\/\/la-presse-anarchiste.net\/index.php\/wp-json\/wp\/v2\/categories?post=9060"},{"taxonomy":"post_tag","embeddable":true,"href":"https:\/\/la-presse-anarchiste.net\/index.php\/wp-json\/wp\/v2\/tags?post=9060"},{"taxonomy":"author","embeddable":true,"href":"https:\/\/la-presse-anarchiste.net\/index.php\/wp-json\/wp\/v2\/ppma_author?post=9060"}],"curies":[{"name":"wp","href":"https:\/\/api.w.org\/{rel}","templated":true}]}}