{"id":909,"date":"2007-10-22T13:28:09","date_gmt":"2007-10-22T13:28:09","guid":{"rendered":"https:\/\/la-presse-anarchiste.net\/index.php\/2007\/10\/22\/le-contrat-collectif-2\/"},"modified":"2007-10-22T13:28:09","modified_gmt":"2007-10-22T13:28:09","slug":"le-contrat-collectif-2","status":"publish","type":"post","link":"https:\/\/la-presse-anarchiste.net\/index.php\/2007\/10\/22\/le-contrat-collectif-2\/","title":{"rendered":"Le contrat collectif"},"content":{"rendered":"<div class=\"pdfprnt-buttons pdfprnt-buttons-post pdfprnt-top-right\"><a href=\"https:\/\/la-presse-anarchiste.net\/index.php\/wp-json\/wp\/v2\/posts\/909?print=pdf\" class=\"pdfprnt-button pdfprnt-button-pdf\" target=\"_blank\"><img decoding=\"async\" src=\"https:\/\/la-presse-anarchiste.net\/wp-content\/plugins\/pdf-print\/images\/pdf.png\" alt=\"image_pdf\" title=\"Afficher le PDF\"><\/a><a href=\"https:\/\/la-presse-anarchiste.net\/index.php\/wp-json\/wp\/v2\/posts\/909?print=print\" class=\"pdfprnt-button pdfprnt-button-print\" target=\"_blank\"><img decoding=\"async\" src=\"https:\/\/la-presse-anarchiste.net\/wp-content\/plugins\/pdf-print\/images\/print.png\" alt=\"image_print\" title=\"Contenu imprim\u00e9\"><\/a><\/div><p style=\"margin-bottom: 0cm;\" align=\"justify\">&nbsp;&nbsp;&nbsp; La fin de <a href=\"http:\/\/www.la-presse-anarchiste.net\/spip\/spip.php?action=redirect&amp;id_article=689 \">l\u2019ar\u00adticle de Pierrot|Le Contrat col\u00adled\u00adtif, Vie Ouvri\u00e8re n\u00b03 du 5 \u201111 \u2013 1909 <\/a> conte\u00adnait quelques phrases qui me d\u00e9mangent fort.<br>\nN\u2019\u00e9\u00adtait l\u2019u\u00adti\u00adli\u00adt\u00e9 d\u2019a\u00adjou\u00adter quelques ren\u00adsei\u00adgne\u00adments&nbsp;\u00e0<br>\nceux que j\u2019ai don\u00adn\u00e9s pr\u00e9\u00adc\u00e9\u00addem\u00adment et de pr\u00e9ciser<br>\ndivers points qui en ont grand besoin, je me lais\u00adse\u00adrais facilement<br>\naller \u00e0 le chi\u00adca\u00adner. Lui, d\u2019ailleurs, ne se g\u00eane&nbsp;pas<br>\npour nous attra\u00adper, et croit-il vrai\u00adment que nous ava\u00adlions&nbsp;sans<br>\nsouf\u00adfrance ses cri\u00adtiques am\u00e8res sur une pr\u00e9tendue<br>\nd\u00e9ch\u00e9ance du syndicalisme.<\/p>\n<p style=\"margin-bottom: 0cm;\" align=\"justify\">&nbsp;&nbsp;&nbsp; Ah&nbsp;! il est heureux<br>\net superbe le phi\u00adlo\u00adsophe qui, du haut des prin\u00adcipes, regarde la<br>\npauvre huma\u00adni\u00adt\u00e9 grim\u00adper la route de son affran\u00adchis\u00adse\u00adment.&nbsp;Gare<br>\nau mal\u00adheu\u00adreux qui, tom\u00adbant de fatigue, s\u2019as\u00adsied un moment&nbsp;;&nbsp;gare<br>\n\u00e0 celui qui, inca\u00adpable de mon\u00adter tout droit une par\u00adtie&nbsp;plus<br>\nraide de la c\u00f4te, fait un d\u00e9tour qui l\u2019attarde<br>\npeut-\u00eatre, mais qui le fatigue moins.<\/p>\n<p style=\"margin-bottom: 0cm;\" align=\"justify\">&nbsp;&nbsp;&nbsp;\u200a\u2014\u200aToi, mon gaillard,<br>\nlui crie-t-on, tu nous as d\u00e9\u00e7u. Nous atten\u00addions&nbsp;mieux<br>\nde toi. Jamais tu n\u2019ar\u00adri\u00adve\u00adras tout en haut. La R\u00e9volution<br>\naurait tort de comp\u00adter sur&nbsp;toi.<\/p>\n<h1 class=\"western\" align=\"center\"><\/h1>\n<h4><\/h4>\n<p style=\"margin-bottom: 0cm;\" align=\"justify\">&nbsp;&nbsp;&nbsp; Les ouvriers de&nbsp;la<br>\nma\u00e7on\u00adne\u00adrie, r\u00e9pu\u00adt\u00e9s r\u00e9volutionnaires,<br>\nviennent de conclure un \u00ab&nbsp;accord&nbsp;\u00bb avec&nbsp;les<br>\nentre\u00adpre\u00adneurs&nbsp;! Un \u00ab&nbsp;accord&nbsp;\u00bb,&nbsp;c\u2019est<br>\nentendu&nbsp;!<\/p>\n<p style=\"margin-bottom: 0cm;\" align=\"justify\">&nbsp;&nbsp;&nbsp; Cet accord, comme&nbsp;tout<br>\narmis\u00adtice, est cri\u00adti\u00adquable en bien des articles. D\u2019ailleurs, dans&nbsp;un<br>\nclan comme dans l\u2019autre, on se pro\u00admet bien de n\u2019en appli\u00adquer que&nbsp;ce<br>\nque l\u2019on y trouve de favo\u00adrable per\u00adson\u00adnel\u00adle\u00adment. Telle clause qui&nbsp;g\u00eane<br>\nles entre\u00adpre\u00adneurs risque fort d\u2019\u00eatre vio\u00adl\u00e9e par&nbsp;eux.<br>\nPour\u00adquoi telle autre qui g\u00eane les ouvriers ne&nbsp;se<br>\ntrou\u00adve\u00adrait-elle pas dans la m\u00eame situation&nbsp;?<\/p>\n<p style=\"margin-bottom: 0cm;\" align=\"justify\">&nbsp;&nbsp;&nbsp; Les ouvriers obtiennent<br>\nla sup\u00adpres\u00adsion du t\u00e2che\u00adron\u00adnat. Dans la lutte contre ce syst\u00e8me<br>\nde tra\u00advail, une connexi\u00adt\u00e9 d\u2019in\u00adt\u00e9\u00adr\u00eats a&nbsp;\u00e9t\u00e9<br>\nrecon\u00adnue par les entre\u00adpre\u00adneurs et par les ouvriers. Est-ce \u00e0<br>\ndire qu\u2019il ne reste pas des forces et des int\u00e9\u00adr\u00eats&nbsp;en<br>\nanta\u00adgo\u00adnisme profond&nbsp;?<\/p>\n<p style=\"margin-bottom: 0cm;\" align=\"justify\">&nbsp;&nbsp;&nbsp; Des ouvriers et&nbsp;des<br>\npatrons sont encore mal convain\u00adcus de leur int\u00e9r\u00eat<br>\ncom\u00admun \u00e0 sup\u00adpri\u00admer le t\u00e2che\u00adron\u00adnat. Et encore, peut-on<br>\ncroire que les patrons n\u2019es\u00adp\u00e8rent pas retrou\u00adver, par une&nbsp;autre<br>\nmani\u00e8re, les b\u00e9n\u00e9\u00adfices qu\u2019ils reti\u00adraient du<br>\nt\u00e2che\u00adron\u00adnat&nbsp;? Peut-on croire que les ouvriers n\u2019esp\u00e8rent<br>\npas rendre cette sup\u00adpres\u00adsion r\u00e9el\u00adle\u00adment pro\u00adfi\u00adtable&nbsp;\u00e0<br>\nleurs int\u00e9\u00adr\u00eats&nbsp;? Il est bien pro\u00adbable que les&nbsp;uns<br>\ncomme les autres en dedans ou en dehors du contrat, avec ou&nbsp;sans<br>\nres\u00adpect des formes, d\u00e9fen\u00addront leur espoir et leur int\u00e9r\u00eat.<\/p>\n<p style=\"margin-bottom: 0cm;\" align=\"justify\">&nbsp;&nbsp;&nbsp; Dans le syst\u00e8me<br>\nd\u2019ex\u00adploi\u00adta\u00adtion par le t\u00e2che\u00adron\u00adnat, la pro\u00adduc\u00adtion n\u2019\u00e9tait<br>\npas d\u00e9ter\u00admi\u00adn\u00e9e sui\u00advant un bar\u00e8me nettement<br>\n\u00e9ta\u00adbli, mais sim\u00adple\u00adment par l\u2019ha\u00adbi\u00adle\u00adt\u00e9 du t\u00e2cheron<br>\n\u00e0 sp\u00e9\u00adcu\u00adler sur l\u2019i\u00adgno\u00adrance, la b\u00eatise et&nbsp;la<br>\nmis\u00e8re des ouvriers.<\/p>\n<p style=\"margin-bottom: 0cm;\" align=\"justify\">&nbsp;&nbsp;&nbsp; Pense-t-on<br>\nqu\u2019au\u00adjourd\u2019\u00adhui le patro\u00adnat n\u2019es\u00adsaie\u00adra pas, par un pour\u00adboire&nbsp;\u00e0<br>\nla paye, par la pro\u00admesse d\u2019un emploi sans ch\u00f4\u00admage, sans parler<br>\nde la r\u00e9par\u00adti\u00adtion aux b\u00e9n\u00e9\u00adfices r\u00e9guli\u00e8rement<br>\norga\u00adni\u00ads\u00e9e, de r\u00e9ta\u00adblir le sys\u00adt\u00e8me&nbsp;de<br>\nsur\u00adpro\u00adduc\u00adtion&nbsp;? Si la men\u00adta\u00adli\u00adt\u00e9 des ouvriers n\u2019est&nbsp;pas<br>\nassez haute, nul doute que le t\u00e2che\u00adron\u00adnat ne s\u00e9visse<br>\nsous une autre&nbsp;forme.<\/p>\n<p style=\"margin-bottom: 0cm;\" align=\"justify\">&nbsp;&nbsp;&nbsp; La sup\u00adpres\u00adsion&nbsp;du<br>\nt\u00e2che\u00adron\u00adnat est un arr\u00eat dans la sp\u00e9\u00adcia\u00adli\u00adsa\u00adtion&nbsp;\u00e0<br>\noutrance&nbsp;; les patrons y gagnent plus de sta\u00adbi\u00adli\u00adt\u00e9&nbsp;dans<br>\nle taux des salaires&nbsp;; mais les ouvriers de sp\u00e9cialit\u00e9s<br>\nrap\u00adpro\u00adch\u00e9es y acc\u00e9\u00adl\u00e8rent leur marche vers<br>\nl\u2019u\u00adni\u00adfi\u00adca\u00adtion des salaires et l\u2019at\u00adt\u00e9\u00adnua\u00adtion du ch\u00f4mage.<\/p>\n<h2 class=\"western\">\n<h2>Production \u00e9quivalente au salaire<\/h2>\n<p style=\"margin-bottom: 0cm;\" align=\"justify\">&nbsp;&nbsp;&nbsp; Dans la situation<br>\nactuelle, il y a int\u00e9\u00adr\u00eat, pour les ouvriers de&nbsp;la<br>\nma\u00e7on\u00adne\u00adrie, \u00e0 ce que la pro\u00adduc\u00adtion soit d\u00e9termin\u00e9e.<br>\nToute la dif\u00adfi\u00adcul\u00adt\u00e9 consiste \u00e0 impo\u00adser la fixation<br>\nd\u2019une t\u00e2che rai\u00adson\u00adnable pour l\u2019ou\u00advrier moyen sans porter<br>\npour\u00adtant pr\u00e9\u00adju\u00addice \u00e0 l\u2019ou\u00advrier faible.<\/p>\n<p style=\"margin-bottom: 0cm;\" align=\"justify\">&nbsp;&nbsp;&nbsp; Jus\u00adqu\u2019\u00e0 pr\u00e9sent,<br>\nautant qu\u2019il est per\u00admis de le d\u00e9m\u00ea\u00adler dans&nbsp;les<br>\nbizar\u00adre\u00adries de la s\u00e9rie 1909, sur laquelle doit&nbsp;\u00eatre<br>\nbas\u00e9e la pro\u00adduc\u00adtion \u00e9qui\u00adva\u00adlente au salaire, celle-ci<br>\nsemble assez favo\u00adrable aux ouvriers. Les ouvriers \u00e9clair\u00e9s<br>\nsont assu\u00adr\u00e9s que leur int\u00e9\u00adr\u00eat, tant que&nbsp;la<br>\nR\u00e9vo\u00adlu\u00adtion ne sera pas faite, leur com\u00admande d\u2019im\u00adpo\u00adser&nbsp;la<br>\nr\u00e9gle\u00admen\u00adta\u00adtion de la pro\u00adduc\u00adtion&nbsp;; ils n\u2019i\u00adgnorent pas&nbsp;que<br>\ntrop d\u2019ou\u00advriers, de la ma\u00e7on\u00adne\u00adrie et d\u2019ailleurs, sont envieux<br>\ndes titres&nbsp;: d\u2019hon\u00adn\u00eate, de conscien\u00adcieux, de courageux<br>\nouvrier, que les patrons d\u00e9cernent g\u00e9n\u00e9reusement<br>\n\u00e0 leurs fid\u00e8les ser\u00advi\u00adteurs&nbsp;; ils savent que&nbsp;dans<br>\nune p\u00e9riode de ch\u00f4\u00admage, le plus grand nombre, dans<br>\nl\u2019\u00e2pre lutte pour man\u00adger, aban\u00addonne toute phi\u00adlo\u00adso\u00adphie et&nbsp;se<br>\nsur\u00adm\u00e8ne afin de ne pas perdre sa place. Si les militants<br>\narri\u00advaient \u00e0 faire com\u00adprendre \u00e0 leurs cama\u00adrades, par<br>\nn\u2019im\u00adporte quels moyens, qu\u2019ils sont les ma\u00eetres de leurs&nbsp;bras<br>\net de leur cer\u00adveau, qu\u2019ils ont le droit et le devoir d\u2019en disposer,<br>\nqu\u2019ils peuvent, par une pro\u00adduc\u00adtion cal\u00adcu\u00adl\u00e9e, en per\u00adlant&nbsp;le<br>\ntra\u00advail, pro\u00adduc\u00adtion qui ne serait pas d\u00e9pas\u00ads\u00e9e,&nbsp;agir<br>\nvigou\u00adreu\u00adse\u00adment sur le patro\u00adnat, que pour\u00adrait ce der\u00adnier&nbsp;?&nbsp;Il<br>\nn\u2019au\u00adrait qu\u2019\u00e0 capi\u00adtu\u00adler ou \u00e0 d\u00e9cla\u00adrer&nbsp;le<br>\nlock-out.<\/p>\n<p style=\"margin-bottom: 0cm;\" align=\"justify\">&nbsp;&nbsp;&nbsp; L\u2019or\u00adga\u00adni\u00adsa\u00adtion capable<br>\nde manier cette arme avec assu\u00adrance ne m\u00e9ri\u00adte\u00adrait-elle pas<br>\nqu\u2019on recon\u00adnaisse une cer\u00adtaine men\u00adta\u00adli\u00adt\u00e9 r\u00e9volutionnaire<br>\nchez ses adh\u00e9\u00adrents&nbsp;? Consti\u00adtue\u00adrait-elle un \u00e9l\u00e9ment<br>\nde conser\u00adva\u00adtion sociale&nbsp;?<\/p>\n<p style=\"margin-bottom: 0cm;\" align=\"justify\">&nbsp;&nbsp;&nbsp; Eh bien&nbsp;!&nbsp;c\u2019est<br>\ncette forme de lutte qui a contri\u00adbu\u00e9 pour beau\u00adcoup&nbsp;\u00e0<br>\nfaire fl\u00e9\u00adchir l\u2019in\u00adtran\u00adsi\u00adgeance des entre\u00adpre\u00adneurs et&nbsp;\u00e0<br>\nh\u00e2ter la dis\u00adpa\u00adri\u00adtion du t\u00e2che\u00adron\u00adnat. M.&nbsp;Vil\u00adle\u00admin l\u2019avoue<br>\ndans une \u00e9tude publi\u00e9e dans les <i>\u00c9tudes<\/i><br>\n<i>pro\u00adfes\u00adsion\u00adnelles <\/i>(n\u00ba d\u2019oc\u00adtobre).\tDans son ardent d\u00e9sir<br>\nde grou\u00adper les forces  patro\u00adnales autour du contrat de tra\u00advail.&nbsp;Il<br>\ninsiste sur l\u2019a\u00advan\u00adtage que vont reti\u00adrer ses confr\u00e8res de<br>\nl\u201d\u00e9quivalence du ren\u00adde\u00adment avec le salaire&nbsp;;&nbsp;il<br>\ns\u2019ef\u00adforce de leur faire sen\u00adtir que la res\u00adtric\u00adtion de pro\u00adduc\u00adtion&nbsp;dont<br>\nils ont tant souf\u00adfert dis\u00adpa\u00adra\u00eet avec cet article du contrat.&nbsp;<\/p>\n<p style=\"margin-bottom: 0cm;\" align=\"justify\">&nbsp;&nbsp;&nbsp; L\u2019ex\u00adp\u00e9\u00adrience de<br>\nla lutte a pu ame\u00adner les entre\u00adpre\u00adneurs \u00e0 s\u2019as\u00adsu\u00adrer contre les<br>\nris\u00adqu\u00e9s de gr\u00e8ve. Mais com\u00adment s\u2019as\u00adsu\u00adrer contre le<br>\ncou\u00adlage que peut leur infli\u00adger une cor\u00adpo\u00adra\u00adtion for\u00adte\u00adment group\u00e9e<br>\net qui veut faire abou\u00adtir ses revendications&nbsp;?<\/p>\n<p style=\"margin-bottom: 0cm;\" align=\"justify\">\t<span lang=\"fr-FR\"><font size=\"3\">&nbsp;&nbsp;&nbsp; La<br>\nr\u00e9gle\u00admen\u00adta\u00adtion de la pro\u00adduc\u00adtion va obli\u00adger ceux des ma\u00e7ons<br>\nqui, jus\u00adqu\u2019\u00e0 pr\u00e9\u00adsent, tra\u00advaillaient comme des brutes&nbsp;\u2014<br>\nmal\u00adheu\u00adreu\u00adse\u00adment, ils sont encore nom\u00adbreux\u200a\u2014\u200a\u00e0 r\u00e9fl\u00e9chir<br>\net \u00e0 consta\u00adter qu\u2019ils n\u2019ont aucun b\u00e9n\u00e9\u00adfice&nbsp;\u00e0<br>\nsur\u00adpro\u00adduire, et qu\u2019en l\u2019\u00e9\u00adtat actuel de la soci\u00e9t\u00e9,<br>\nc\u2019est sur leur ardeur au tra\u00advail que les fre\u00adlons de cette soci\u00e9t\u00e9<br>\ncomptent pour bien vivre et pour main\u00adte\u00adnir en ch\u00f4\u00admage et&nbsp;dans<br>\nla mis\u00e8re la chair \u00e0 tra\u00advail. L\u2019ha\u00adbi\u00adtude de travailler<br>\nen homme va leur venir.  D\u2019ailleurs, des cama\u00adrades se char\u00adge\u00adront&nbsp;de<br>\nla leur faire prendre. Ce ne sera pas faire la vaine et inutile<br>\nbesogne, et cela sans \u00e9gra\u00adti\u00adgner le contrat.<\/font><\/span><\/p>\n<p style=\"margin-bottom: 0cm;\" align=\"justify\" lang=\"fr-FR\"><font size=\"3\">&nbsp;&nbsp;&nbsp; Tr\u00e8s<br>\npeu d\u2019en\u00adtre\u00adpre\u00adneurs, par la suite, mour\u00adront sur la paille, et&nbsp;les<br>\nloyers n\u2019aug\u00admen\u00adte\u00adront pas plus rapi\u00adde\u00adment qu\u2019\u00e0 l\u2019ordinaire.<\/font><\/p>\n<p style=\"margin-bottom: 0cm;\" align=\"justify\" lang=\"fr-FR\"><font size=\"3\">&nbsp;&nbsp;&nbsp; Le<br>\nconsom\u00adma\u00adteur se trou\u00adve\u00adra l\u00e9s\u00e9, para\u00eet-il. Mais,<br>\nqui donc pro\u00adduit plus et consomme moins que l\u2019ou\u00advrier, sur\u00adtout&nbsp;s\u2019il<br>\ns\u2019a\u00adgit de loge\u00adment \u00e0 Paris&nbsp;? L\u2019aug\u00admen\u00adta\u00adtion de&nbsp;son<br>\nsalaire est loin d\u2019\u00eatre en rap\u00adport avec le co\u00fbt&nbsp;des<br>\nloyers. De plus, il faut cher\u00adcher l\u2019\u00e9\u00adl\u00e9\u00adva\u00adtion&nbsp;de<br>\nceux-ci direc\u00adte\u00adment chez les capi\u00adta\u00adlistes sp\u00e9\u00adcu\u00adla\u00adteurs&nbsp;de<br>\nter\u00adrain, et non pas dans les frais de construc\u00adtion&nbsp;; ceci est&nbsp;un<br>\nfait ind\u00e9niable.<\/font><\/p>\n<p style=\"margin-bottom: 0cm;\" align=\"justify\" lang=\"fr-FR\"><font size=\"3\">&nbsp;&nbsp;&nbsp; Il<br>\ny aurait, peut-\u00eatre, un dan\u00adger dans la d\u00e9ter\u00admi\u00adna\u00adtion&nbsp;de<br>\nla pro\u00adduc\u00adtion&nbsp;: c\u2019est que les ouvriers les mieux dou\u00e9s&nbsp;ne<br>\nsoient ten\u00adt\u00e9s, pour \u00e9le\u00adver leur salaire, d\u2019augmenter<br>\nleur pro\u00adduc\u00adtion, et d\u2019en r\u00e9cla\u00admer le sup\u00adpl\u00e9\u00adment&nbsp;de<br>\nsalaire cor\u00adres\u00adpon\u00addant, et cela mal\u00adgr\u00e9 la clause du contrat. On<br>\npeut \u00eatre cer\u00adtain qu\u2019ils y seront aid\u00e9s par le patronat,<br>\nqui trou\u00adve\u00adra bien le moyen de favo\u00adri\u00adser l\u2019\u00e9\u00adgo\u00efsme de&nbsp;ces<br>\nindi\u00advi\u00addus, sachant que ce sera la meilleure mani\u00e8re d\u2019\u00e9lever<br>\nle quan\u00adtum de la pro\u00adduc\u00adtion et d\u2019ar\u00adri\u00adver \u00e0 d\u00e9pr\u00e9cier<br>\nles salaires. Cela trans\u00adpa\u00adra\u00eet, d\u2019ailleurs, de l\u2019expos\u00e9<br>\nde M.&nbsp;Vil\u00adle\u00admin dans les <i>\u00c9tudes<\/i> <i>pro\u00adfes\u00adsion\u00adnelles<\/i>.<br>\nCet expo\u00ads\u00e9 est tr\u00e8s curieux. \u00c9ta\u00adbli dans le&nbsp;but<br>\nde faire ava\u00adler au monde de l\u2019en\u00adtre\u00adprise les bien\u00adfaits du contrat du<br>\ntra\u00advail, en fai\u00adsant entre\u00advoir les avan\u00adtages reti\u00adr\u00e9s du fait&nbsp;de<br>\nce contrat, son\tauteur mori\u00adg\u00e8ne les \u00ab&nbsp;renards<br>\npatrons&nbsp;\u00bb, c\u2019est-\u00e0-dire les entre\u00adpre\u00adneurs de&nbsp;la<br>\nchambre syn\u00addi\u00adcale ind\u00e9\u00adpen\u00addante, qui \u00e0 chaque instant<br>\nd\u00e9rangent ses com\u00adbi\u00adnai\u00adsons de meneur patro\u00adnal et, l\u2019emp\u00eachent<br>\npar leur \u00ab&nbsp;na\u00ef\u00adve\u00adt\u00e9&nbsp;\u00bb de&nbsp;m\u00e2ter<br>\nles ouvriers comme il le voudrait.<\/font><\/p>\n<p style=\"margin-bottom: 0cm;\" align=\"justify\" lang=\"fr-FR\"><font size=\"3\">&nbsp;&nbsp;&nbsp; Les<br>\nconsi\u00add\u00e9\u00adra\u00adtions dont il accom\u00adpagne cer\u00adtains articles du contrat<br>\nsont vrai\u00adment lumi\u00adneuses, et nous aurions tort de les n\u00e9gliger.<\/font><\/p>\n<p style=\"margin-bottom: 0cm;\" align=\"justify\" lang=\"fr-FR\"><font size=\"3\">&nbsp;&nbsp;&nbsp; En<br>\nvoi\u00adci&nbsp;une&nbsp;:<\/font><\/p>\n<p style=\"margin-bottom: 0cm;\" align=\"justify\" lang=\"fr-FR\"><font size=\"3\">&nbsp;&nbsp;&nbsp; Il<br>\nne sau\u00adrait, d\u2019ailleurs, faire doute que la juris\u00adpru\u00addence qui&nbsp;s\u2019est<br>\nfor\u00adm\u00e9e rela\u00adti\u00adve\u00adment aux r\u00e8gle\u00adments d\u2019a\u00adte\u00adlier, ne&nbsp;soit<br>\npas, par ana\u00adlo\u00adgie au contrat col\u00adlec\u00adtif, r\u00e9guli\u00e8rement<br>\npor\u00adt\u00e9e \u00e0 la connais\u00adsance des ouvriers. Comme<br>\ncons\u00e9\u00adquence, si le ren\u00adde\u00adment d\u00e9ter\u00admi\u00adn\u00e9 par&nbsp;le<br>\ntableau d\u2019\u00e9\u00adqui\u00adva\u00adlence du tra\u00advail au salaire n\u2019est pas atteint,<br>\nil va de soi que le salaire qui n\u2019a \u00e9t\u00e9 pro\u00admis&nbsp;qu\u2019en<br>\nvue de ce ren\u00adde\u00adment, n\u2019est pas enti\u00e8\u00adre\u00adment d\u00fb et&nbsp;qu\u2019il<br>\ndoit subir une r\u00e9duc\u00adtion pro\u00adpor\u00adtion\u00adnelle \u00e0&nbsp;la<br>\ndimi\u00adnu\u00adtion du rendement.<\/font><\/p>\n<p style=\"margin-bottom: 0cm;\" align=\"justify\" lang=\"fr-FR\"><font size=\"3\">&nbsp;&nbsp;&nbsp; Ainsi,<br>\nle d\u00e9faut de res\u00adpon\u00adsa\u00adbi\u00adli\u00adt\u00e9, qu\u2019on impute au contrat<br>\ncol\u00adlec\u00adtif, se trouve pal\u00adli\u00e9, parce&nbsp;qu\u2019\u00e0<br>\nl\u2019ir\u00adres\u00adpon\u00adsa\u00adbi\u00adli\u00adt\u00e9 des syn\u00addi\u00adcats qui n\u2019ont pas le droit&nbsp;de<br>\npos\u00ads\u00e9\u00adder, se trouve sub\u00adsti\u00adtu\u00e9e la responsabilit\u00e9<br>\nper\u00adson\u00adnelle de cha\u00adcun des ouvriers.<\/font><\/p>\n<p style=\"margin-bottom: 0cm;\" align=\"justify\" lang=\"fr-FR\"><font size=\"3\">&nbsp;&nbsp;&nbsp; En<br>\nvoi\u00adci une autre, rela\u00adtive, celle-l\u00e0, \u00e0 la libert\u00e9<br>\ndu travail&nbsp;:&nbsp;<\/font><\/p>\n<p style=\"margin-bottom: 0cm;\" align=\"justify\" lang=\"fr-FR\"><font size=\"3\">&nbsp;&nbsp;&nbsp; Nous<br>\navons obte\u00adnu que la liber\u00adt\u00e9 du tra\u00advail soit sauvegard\u00e9e<br>\npar le para\u00adgraphe \u00ab&nbsp;in fine&nbsp;\u00bb de l\u2019art. 4&nbsp;:<br>\n\u00ab&nbsp;Des inci\u00addents, y est-il dit, ne peuvent \u00eatre<br>\nsou\u00adle\u00adv\u00e9s du fait de l\u2019emploi simul\u00adta\u00adn\u00e9 d\u2019ouvriers<br>\nsyn\u00addi\u00adqu\u00e9s et non syn\u00addi\u00adqu\u00e9s&nbsp;: aucune mesure<br>\nconcer\u00adnant l\u2019af\u00adfi\u00adlia\u00adtion au syn\u00addi\u00adcat ne peut \u00eatre prise contre<br>\nles ouvriers.&nbsp;\u00bb<\/font><\/p>\n<p style=\"margin-bottom: 0cm;\" align=\"justify\" lang=\"fr-FR\"><font size=\"3\">&nbsp;&nbsp;&nbsp; Ce<br>\npara\u00adgraphe, comme le pr\u00e9\u00adc\u00e9\u00addent, peut don\u00adner lieu&nbsp;\u00e0<br>\nrecours contre les ouvriers d\u00e9faillants, chaque patron pouvant<br>\npour\u00adsuivre l\u2019ou\u00advrier pour troubles appor\u00adt\u00e9s sur ses chantiers,<br>\net la chambre syn\u00addi\u00adcale pou\u00advant se por\u00adter par\u00adtie civile pour&nbsp;la<br>\ncol\u00adlec\u00adti\u00advi\u00adt\u00e9, par\u00adtie au contrat, et obte\u00adnir une sanc\u00adtion&nbsp;tout<br>\nau moins morale, extr\u00ea\u00adme\u00adment int\u00e9ressante.&nbsp;<\/font><\/p>\n<p style=\"margin-bottom: 0cm;\" align=\"justify\" lang=\"fr-FR\"><font size=\"3\">&nbsp;&nbsp;&nbsp; Il<br>\nest fort pro\u00adbable que les tra\u00advailleurs de la ma\u00e7on\u00adne\u00adrie&nbsp;ne<br>\ncrain\u00addront pas \u00e9nor\u00adm\u00e9\u00adment, \u00ab&nbsp;la sanction<br>\nmorale&nbsp;\u00bb. Ils crain\u00addront plu\u00adt\u00f4t le renvoi&nbsp;:<br>\nparce que la t\u00eate ne convient pas, parce que l\u2019on aura&nbsp;la<br>\ndigni\u00adt\u00e9 de faire res\u00adpec\u00adter les d\u00e9ci\u00adsions syn\u00addi\u00adcales, ou<br>\nparce que les fiches contre les mili\u00adtants ne sont pas \u00e9gar\u00e9es,<br>\nau contraire&nbsp;!<\/font><\/p>\n<p style=\"margin-bottom: 0cm;\" align=\"justify\"><span lang=\"fr-FR\"><font size=\"3\">&nbsp;&nbsp;&nbsp; Mais,<br>\ndans ce cas, les ouvriers du chan\u00adtier, et m\u00eame tous&nbsp;les<br>\nouvriers au compte de l\u2019en\u00adtre\u00adpre\u00adneur, ont tou\u00adjours, individuellement,<br>\nle droit\u200a\u2014\u200aqu\u2019ils pren\u00addront\u200a\u2014\u200ade ne pas tra\u00advailler pour un patron<br>\nqui ne leur pla\u00eet pas. Si c\u2019est en p\u00e9riode de ch\u00f4mage,<br>\n\u00e0 un moment o\u00f9 les r\u00e9cal\u00adci\u00adtrants \u00e0&nbsp;un<br>\n<\/font><\/span>mou\u00adve\u00adment de soli\u00adda\u00adri\u00adt\u00e9 sont plus nom\u00adbreux, ils<br>\nauront encore le droit d\u2019a\u00adgir selon leur tem\u00adp\u00e9\u00adra\u00adment,&nbsp;sans<br>\nattendre la com\u00admis\u00adsion mixte. Ils le feront sous leur responsabilit\u00e9<br>\nper\u00adson\u00adnelle, s\u2019ins\u00adpi\u00adrant du sou\u00adci d\u2019\u00eatre utiles \u00e0&nbsp;la<br>\ncol\u00adlec\u00adti\u00advi\u00adt\u00e9 \u00e0 laquelle ils appar\u00adtiennent, c\u2019est-\u00e0-dire<br>\nau syndicat.<\/p>\n<p style=\"margin-bottom: 0cm;\" align=\"justify\">&nbsp;&nbsp;&nbsp; Il est fort probable,<br>\naus\u00adsi, que les mili\u00adtants, dans leur rai\u00adson\u00adne\u00adment \u00ab&nbsp;simpliste&nbsp;\u00bb,<br>\ns\u2019ar\u00adran\u00adge\u00adront de mani\u00e8re \u00e0 faire syn\u00addi\u00adquer&nbsp;leurs<br>\ncama\u00adrades de tra\u00advail, m\u00eame au besoin par la machine \u00e0<br>\nbos\u00adse\u00adler. L\u2019ex\u00adp\u00e9\u00adrience leur a appris que la liber\u00adt\u00e9&nbsp;du<br>\ntra\u00advail pour le \u00ab&nbsp;renard&nbsp;\u00bb est un&nbsp;luxe<br>\n\u00ab&nbsp;d\u2019hu\u00adma\u00adni\u00adt\u00e9&nbsp;\u00bb qu\u2019ils ne peuvent pas&nbsp;se<br>\nper\u00admettre. Il serait vrai\u00adment trop facile aux pleutres de b\u00e9n\u00e9ficier<br>\nd\u2019a\u00advan\u00adtages sans rien faire pour les obte\u00adnir. C\u2019est curieux,<br>\nd\u2019ailleurs, comme la vio\u00adlence active leurs facul\u00adt\u00e9s&nbsp;de<br>\nrai\u00adson\u00adne\u00adment&nbsp;; les r\u00e9sul\u00adtats sont tels que, neuf fois&nbsp;sur<br>\ndix, le cama\u00adrade vio\u00adlen\u00adt\u00e9, apr\u00e8s une r\u00e9bellion<br>\nde son indi\u00advi\u00addua\u00adli\u00adt\u00e9 au moment de la vio\u00adlence, reconna\u00eet<br>\nassez faci\u00adle\u00adment ensuite  qu\u2019il \u00e9tait tra\u00eetre \u00e0<br>\nsa cause et \u00e0 son int\u00e9r\u00eat.<\/p>\n<p style=\"margin-bottom: 0cm;\" align=\"justify\">&nbsp;&nbsp;&nbsp; Les mili\u00adtants&nbsp;se<br>\nrap\u00adpel\u00adle\u00adront les manoeuvres des patrons atti\u00adrant \u00e0 Paris&nbsp;la<br>\nmain-d\u2019oeuvre pro\u00advin\u00adciale pour en faire des ins\u00adtru\u00adments dociles<br>\nd\u2019ex\u00adploi\u00adta\u00adtion, qui leur per\u00admet\u00adtaient de lais\u00adser sur le&nbsp;pav\u00e9<br>\nles \u00e9l\u00e9\u00adments les plus actifs du syn\u00addi\u00adcat et d\u2019affaiblir<br>\nl\u2019or\u00adga\u00adni\u00adsa\u00adtion. Ils se rap\u00adpel\u00adle\u00adront les jaunes de la rue Saint-Paul<br>\noccu\u00adpant les chan\u00adtiers et accep\u00adtant, sans pro\u00adtes\u00adta\u00adtions, les<br>\ncondi\u00adtions de tra\u00advail et les salaires impo\u00ads\u00e9s par le patronat,<br>\nalors qu\u2019eux-m\u00eames se ser\u00adraient la cein\u00adture, pour tenir&nbsp;leurs<br>\nengagements.<\/p>\n<p style=\"margin-bottom: 0cm;\" align=\"justify\">&nbsp;&nbsp;&nbsp; Ceux qui se rappellent,<br>\nse ser\u00advi\u00adront peut-\u00eatre encore de la chaus\u00adsette \u00e0&nbsp;clous<br>\npour faire com\u00adprendre \u00e0 ceux qui ne voient que leur int\u00e9r\u00eat<br>\nindi\u00advi\u00adduel et imm\u00e9\u00addiat qu\u2019il y a un int\u00e9r\u00eat<br>\ncol\u00adlec\u00adtif devant lequel l\u2019in\u00adt\u00e9\u00adr\u00eat indi\u00advi\u00adduel&nbsp;doit<br>\nquel\u00adque\u00adfois s\u2019ef\u00adfa\u00adcer. Tant pis si ces moyens ne sont pas&nbsp;jug\u00e9s<br>\npra\u00adtiques par de bonnes \u00e2mes.&nbsp;<\/p>\n<p style=\"margin-bottom: 0cm;\" align=\"justify\">&nbsp;&nbsp;&nbsp; De m\u00eame,&nbsp;ils<br>\ns\u2019ef\u00adfor\u00adce\u00adront d\u2019emp\u00eacher, dans la mesure de leurs moyens,<br>\nl\u2019en\u00adva\u00adhis\u00adse\u00adment de la cor\u00adpo\u00adra\u00adtion par les gens uni\u00adque\u00adment attir\u00e9s<br>\npar l\u2019ap\u00adp\u00e2t des salaires rele\u00adv\u00e9s, les gens toujours<br>\npr\u00eats \u00e0 se mettre \u00e0 table quand elle est servie<br>\net \u00e0 la quit\u00adter sans s\u2019oc\u00adcu\u00adper s\u2019il res\u00adte\u00adra quelque chose&nbsp;pour<br>\nceux qui l\u2019ont gar\u00adnie. C\u2019est l\u00e0, peut-\u00eatre, du<br>\ncor\u00adpo\u00adra\u00adtisme \u00e9troit, arri\u00e9\u00adr\u00e9, peu id\u00e9aliste.<br>\nH\u00e9las&nbsp;! c\u2019est tout sim\u00adple\u00adment humain, c\u2019est&nbsp;une<br>\ncons\u00e9\u00adquence de la lutte\tpour la vie, dont la soci\u00e9t\u00e9<br>\nest res\u00adpon\u00adsable. Mais cela ne veut pas dire qu\u2019un cama\u00adrade,&nbsp;d\u2019o\u00f9<br>\nqu\u2019il vienne, dont on conna\u00ee\u00adtra la volont\u00e9<br>\nd\u2019or\u00adga\u00adni\u00adsa\u00adtion, ne sera pas admis. Les mili\u00adtants savent trop&nbsp;ce<br>\nqu\u2019est la lutte pour ne pas com\u00adprendre et rem\u00adplir ce simple devoir de<br>\nsolidarit\u00e9.<\/p>\n<p style=\"margin-bottom: 0cm;\" align=\"justify\">&nbsp;&nbsp;&nbsp; Les vrais responsables<br>\nne sont pas les \u00ab&nbsp;renards&nbsp;\u00bb, c\u2019est entendu.<br>\nMais est-on jamais arri\u00adv\u00e9 \u00e0 chan\u00adger un \u00e9tat&nbsp;de<br>\nchoses rien que par la dou\u00adceur et le rai\u00adson\u00adne\u00adment&nbsp;?&nbsp;Aux<br>\nr\u00e9vo\u00adlu\u00adtion\u00adnaires de r\u00e9pondre.<\/p>\n<h2 class=\"western\">\n<h2>L\u2019autorit\u00e9 sur le chantier<\/h2>\n<p style=\"margin-bottom: 0cm;\" align=\"justify\">\t<font face=\"Times New Roman, serif\">&nbsp;&nbsp;&nbsp; \u00c0<\/font><br>\npro\u00adpos des articles 2 et 3&nbsp;: \u00ab&nbsp;L\u2019embauchage et&nbsp;le<br>\ncong\u00e9 d\u00e9pendent de la libre dis\u00adpo\u00adsi\u00adtion&nbsp;de<br>\nl\u2019employeur&nbsp;\u00bb et \u00ab&nbsp;L\u2019en\u00adtr\u00e9e&nbsp;des<br>\nchan\u00adtiers est d\u00e9fen\u00addue, sauf auto\u00adri\u00adsa\u00adtion du patron \u00e0<br>\ntoute per\u00adsonne non employ\u00e9e aux tra\u00advaux&nbsp;\u00bb, Villemin<br>\n\u00e9crit&nbsp;:<\/p>\n<p style=\"margin-bottom: 0cm;\" align=\"justify\">&nbsp;&nbsp;&nbsp; Par ces paragraphes,<br>\nl\u2019au\u00adto\u00adri\u00adt\u00e9 du patron sur ses chan\u00adtiers est affirm\u00e9e,<br>\nrecon\u00adnue, alors qu\u2019on cher\u00adchait depuis quelques ann\u00e9es \u00e0<br>\nla nier et tout au moins \u00e0 la rendre \u00e0 peu&nbsp;pr\u00e8s<br>\ninexistante.<\/p>\n<p style=\"margin-bottom: 0cm;\" align=\"justify\">&nbsp;&nbsp;&nbsp; Le patron reste&nbsp;seul<br>\nma\u00eetre de l\u2019embauchage et du d\u00e9bau\u00adchage et il&nbsp;reste<br>\nlibre d\u2019emp\u00eacher l\u2019ac\u00adc\u00e8s des chan\u00adtiers \u00e0&nbsp;toute<br>\nper\u00adsonne \u00e9tran\u00adg\u00e8re au travail.<\/p>\n<p style=\"margin-bottom: 0cm;\" align=\"justify\">&nbsp;&nbsp;&nbsp; M.&nbsp;Vil\u00adle\u00admin se paye&nbsp;de<br>\nmots. Plus jus\u00adte\u00adment, il veut payer ses confr\u00e8res de mots.&nbsp;Il<br>\nn\u2019y a rien de chan\u00adg\u00e9 sur ce point \u00e0 ce qui existait<br>\navant le contrat. N\u2019y a\u2011t-il pas quelque part un para\u00adgraphe qui<br>\nsti\u00adpule que les us et cou\u00adtumes sont conser\u00adv\u00e9s&nbsp;? Or,&nbsp;le<br>\nfait de pas\u00adser sur le chan\u00adtier deman\u00adder de l\u2019embauche ou d\u2019al\u00adler&nbsp;voir<br>\nun copain pour l\u2019emmener prendre un verre rentre tou\u00adjours dans les&nbsp;us<br>\net coutumes.<\/p>\n<p style=\"margin-bottom: 0cm;\" align=\"justify\">&nbsp;&nbsp;&nbsp; \u00c9vi\u00addem\u00adment,&nbsp;en<br>\ntemps de gr\u00e8ve, et m\u00eame en temps ordi\u00adnaire, la<br>\nr\u00e9qui\u00adsi\u00adtion des flics peut \u00eatre op\u00e9\u00adr\u00e9e&nbsp;sur<br>\nla demande du patron ou du ma\u00eetre com\u00adpa\u00adgnon et l\u2019ex\u00adpul\u00adsion&nbsp;des<br>\nouvriers en \u00eatre le r\u00e9sul\u00adtat. Est-ce un droit nouveau&nbsp;?<br>\nNul n\u2019i\u00adgnore que la police est ins\u00adti\u00adtu\u00e9e pour la pro\u00adtec\u00adtion&nbsp;du<br>\ncapi\u00adtal contre le tra\u00advail. Et ce n\u2019est pas une clause de contrat qui<br>\nchan\u00adge\u00adra cet \u00e9tat de choses. Seule l\u2019\u00e9ner\u00adgie&nbsp;des<br>\ncama\u00adrades se charge quel\u00adque\u00adfois de mettre la jus\u00adtice \u00e0&nbsp;sa<br>\nplace.<\/p>\n<p style=\"margin-bottom: 0cm;\" align=\"justify\">&nbsp;&nbsp;&nbsp; Der\u00adni\u00e8\u00adre\u00adment,&nbsp;M.<br>\nVil\u00adle\u00admin lan\u00ad\u00e7ait une cir\u00adcu\u00adlaire \u00e0 tous&nbsp;les<br>\nentre\u00adpre\u00adneurs du b\u00e2ti\u00adment pour les invi\u00adter \u00e0&nbsp;faire<br>\narr\u00ea\u00adter imm\u00e9\u00addia\u00adte\u00adment, tous les per\u00adtur\u00adba\u00adteurs&nbsp;de<br>\nchan\u00adtiers. S\u2019il r\u00e9us\u00adsit assez bien en cer\u00adtains endroits, dans<br>\nd\u2019autres,\u2026 les flics ne purent p\u00e9n\u00e9\u00adtrer, et&nbsp;les<br>\nrenards furent chas\u00ads\u00e9s. Le suc\u00adc\u00e8s de l\u2019op\u00e9ration<br>\nde police d\u00e9pend un peu des cama\u00adrades qui occupent le<br>\nchan\u00adtier, ma\u00eetres et res\u00adpon\u00adsables de leurs actes, et que&nbsp;la<br>\ncol\u00adlec\u00adti\u00advi\u00adt\u00e9 syn\u00addi\u00adcale ne peut qu\u2019ap\u00adprou\u00adver, parce que&nbsp;ces<br>\ncama\u00adrades agissent dans l\u2019in\u00adt\u00e9\u00adr\u00eat de la collectivit\u00e9<br>\nde laquelle ils d\u00e9pendent.<\/p>\n<h2 class=\"western\">\n<h2>Les commissions mixtes<\/h2>\n<p style=\"margin-bottom: 0cm;\" align=\"justify\">&nbsp;&nbsp;&nbsp; Voi\u00adci un gros morceau.<br>\nM.&nbsp;Vil\u00adle\u00admin le soigne et le pare&nbsp;! L\u2019ar\u00adticle 8 ins\u00adti\u00adtue&nbsp;une<br>\ncom\u00admis\u00adsion arbi\u00adtrale mixte per\u00adma\u00adnente qui conna\u00ee\u00adtra de toutes<br>\nles dif\u00adfi\u00adcul\u00adt\u00e9s rela\u00adtives \u00e0 l\u2019ex\u00e9\u00adcu\u00adtion&nbsp;du<br>\ncontrat, ain\u00adsi que les dif\u00adf\u00e9\u00adrends sur\u00adve\u00adnus entre employeurs et<br>\nemploy\u00e9s.<\/p>\n<p style=\"margin-bottom: 0cm;\" align=\"justify\">&nbsp;&nbsp;&nbsp; Gr\u00e2ce \u00e0<br>\ncette com\u00admis\u00adsion, nous allons pou\u00advoir res\u00adter en contact permanent<br>\navec les d\u00e9l\u00e9\u00adga\u00adtions ouvri\u00e8res, ce qui&nbsp;nous<br>\nper\u00admet\u00adtra d\u2019\u00e9\u00adtu\u00addier en com\u00admun toutes les ques\u00adtions&nbsp;d\u2019un<br>\nint\u00e9\u00adr\u00eat capi\u00adtal pour notre pro\u00adfes\u00adsion, telles que<br>\nl\u2019ap\u00adpren\u00adtis\u00adsage et le ch\u00f4mage.<\/p>\n<p style=\"margin-bottom: 0cm;\" align=\"justify\">&nbsp;&nbsp;&nbsp; Elle per\u00admet\u00adtra \u00e9galement<br>\nl\u2019\u00e9\u00adtude des \u0153uvres de pr\u00e9\u00advoyance et d\u2019assurance<br>\nsociales, dont tous les congr\u00e8s d\u2019en\u00adtre\u00adpre\u00adneurs se sont montr\u00e9<br>\nles par\u00adti\u00adsans d\u00e9termin\u00e9s.<\/p>\n<p style=\"margin-bottom: 0cm;\" align=\"justify\">&nbsp;&nbsp;&nbsp; Quel beau programme&nbsp;!<br>\nC\u2019est vrai\u00adment dom\u00admage que beau\u00adcoup d\u2019en\u00adtre\u00adpre\u00adneurs ne le comprennent<br>\npas et que les mili\u00adtants ouvriers le com\u00adprennent moins encore.<\/p>\n<p style=\"margin-bottom: 0cm;\" align=\"justify\">&nbsp;&nbsp;&nbsp; Avec quelle cha\u00adleur&nbsp;nos<br>\npatrons pr\u00e9\u00adco\u00adnisent l\u2019en\u00adtente cor\u00addiale&nbsp;! Ch\u00f4mage,<br>\npr\u00e9\u00advoyance, assu\u00adrance&nbsp;: ils en ont plein la bouche.<br>\nPour\u00adtant, quand les ouvriers leur disent&nbsp;: Nous allons faire<br>\nhuit heures ou neuf heures toute l\u2019an\u00adn\u00e9e pour rem\u00e9dier<br>\nau ch\u00f4\u00admage, ces m\u00eames patrons ne com\u00adprennent plus&nbsp;!<\/p>\n<p style=\"margin-bottom: 0cm;\" align=\"justify\">&nbsp;&nbsp;&nbsp; Quant \u00e0<br>\nl\u2019ap\u00adpren\u00adtis\u00adsage, on sait ce que deviennent la plu\u00adpart des jeunes gens<br>\nqui sortent des \u00e9coles d\u2019ap\u00adpren\u00adtis\u00adsage. Ils sont de parfaits<br>\njaunes.<\/p>\n<p style=\"margin-bottom: 0cm;\" align=\"justify\">&nbsp;&nbsp;&nbsp; Et la mutualit\u00e9&nbsp;?<br>\nPar\u00adlons-en. Nous savons avec quel soin le syn\u00addi\u00adcat de garan\u00adtie&nbsp;que<br>\npr\u00e9\u00adside M.&nbsp;Vil\u00adle\u00admin d\u00e9fend les rentes \u00e0 accorder<br>\naux ouvriers bles\u00ads\u00e9s du tra\u00advail. Cela suf\u00adfit \u00e0&nbsp;nous<br>\ndon\u00adner un avant-go\u00fbt de ce que pour\u00adraient \u00eatre les autres<br>\noeuvres de pro\u00adtec\u00adtion et d\u2019assurance.<\/p>\n<p style=\"margin-bottom: 0cm;\" align=\"justify\">&nbsp;&nbsp;&nbsp; Les ouvriers ont<br>\ncom\u00adbat\u00adtu l\u2019U\u00adnion de MM.&nbsp;Vil\u00adle\u00admin et Cie quand elle&nbsp;\u00e9tait<br>\nind\u00e9\u00adpen\u00addante. Ce n\u2019est pas pour la cr\u00e9er au milieu de<br>\nleur organisation.<\/p>\n<p style=\"margin-bottom: 0cm;\" align=\"justify\">&nbsp;&nbsp;&nbsp; Et la com\u00admis\u00adsion&nbsp;mixte<br>\njugeant, sous le ch\u00eane de Saint-Louis, les diff\u00e9rends<br>\nentre employeurs et employ\u00e9s&nbsp;? Le tableau serait<br>\ntou\u00adchant. Cepen\u00addant, les ouvriers savent d\u00e9j\u00e0, par&nbsp;la<br>\nvaleur des recours au Conseil de prud\u2019\u00adhommes, ce que peut&nbsp;\u00eatre<br>\nla jus\u00adtice des com\u00admis\u00adsions mixtes. Devant les prud\u2019\u00adhommes, le patron<br>\nmalin qui veut se d\u00e9fi\u00adler ne perd que rare\u00adment son proc\u00e8s&nbsp;;<br>\nil a tou\u00adjours la tan\u00adgente de la demande recon\u00adven\u00adtion\u00adnelle et&nbsp;\u00e0<br>\nson appui les res\u00adsources de la magis\u00adtra\u00adture bourgeoise.<\/p>\n<p style=\"margin-bottom: 0cm;\" align=\"justify\">&nbsp;&nbsp;&nbsp; Devant la commission<br>\nmixte, les ouvriers se croyant l\u00e9s\u00e9s\u200a\u2014\u200ane le sont-ils<br>\npas tou\u00adjours\u200a\u2014\u200apour\u00adraient attendre long\u00adtemps une r\u00e9paration.<br>\nPeut-\u00eatre, au d\u00e9but, le patro\u00adnat vou\u00addrait-il donner<br>\nconfiance dans le sys\u00adt\u00e8me. Mais si, mal\u00adheu\u00adreu\u00adse\u00adment,&nbsp;les<br>\nouvriers se repo\u00adsaient sur elle pour conna\u00eetre s\u2019ils ont&nbsp;tort<br>\nou rai\u00adson, s\u2019ils abdi\u00adquaient toute ini\u00adtia\u00adtive et toute responsabilit\u00e9<br>\nper\u00adson\u00adnelles, il est bien cer\u00adtain que l\u2019on cour\u00adrait au-devant d\u2019un<br>\ngrand dan\u00adger. Mais la ma\u00e7on\u00adne\u00adrie n\u2019en est pas&nbsp;l\u00e0.<\/p>\n<p style=\"margin-bottom: 0cm;\" align=\"justify\">&nbsp;&nbsp;&nbsp; Est-ce \u00e0 dire&nbsp;que<br>\nla com\u00admis\u00adsion mixte soit inutile&nbsp;? J\u2019at\u00adtends de l\u2019exp\u00e9rience<br>\nper\u00adson\u00adnelle une opi\u00adnion ferme. Nous ne l\u2019a\u00advons pas demand\u00e9e.<br>\nEn \u00e9change de la sup\u00adpres\u00adsion du t\u00e2che\u00adron\u00adnat, on nous&nbsp;l\u2019a<br>\nimpo\u00ads\u00e9e&nbsp;? Que vaut le cadeau&nbsp;? <font face=\"Times New Roman, serif\">\u00c0<\/font><br>\nl\u2019u\u00adsage nous le ver\u00adrons. En tout cas, les ouvriers en contact avec<br>\nleurs patrons, au sein d\u2019une com\u00admis\u00adsion mixte ne seront pas<br>\n\u00ab&nbsp;d\u00e9sho\u00adno\u00adr\u00e9s&nbsp;\u00bb, pas plus qu\u2019ils<br>\nne seront in\u00e9vi\u00adta\u00adble\u00adment \u00ab&nbsp;englu\u00e9s&nbsp;\u00bb<br>\npar de vils mar\u00adchan\u00addages&nbsp;; la science des patrons ne&nbsp;les<br>\ninfluen\u00adce\u00adra pas \u00e9nor\u00adm\u00e9\u00adment, je crois. S\u2019ils faisaient<br>\nun faux pas, on peut \u00eatre sans crainte&nbsp;: ils seraient vite<br>\nrap\u00adpe\u00adl\u00e9s \u00e0 la rai\u00adson par les mili\u00adtants qui&nbsp;les<br>\nentourent ou bien ces mili\u00adtants seraient des imb\u00e9ciles.<\/p>\n<h1 class=\"western\" align=\"center\"><\/h1>\n<h2>&nbsp; *&nbsp; *<\/h2>\n<p style=\"margin-bottom: 0cm;\" align=\"justify\">&nbsp;&nbsp;&nbsp; H\u00e9las&nbsp;!&nbsp;tant<br>\nque les ouvriers n\u2019au\u00adront pas expro\u00adpri\u00e9 les moyens de<br>\npro\u00adduc\u00adtion, ils seront obli\u00adg\u00e9s de conclure des contrats<br>\ncol\u00adlec\u00adtifs, tacites ou \u00e9crits, dont les seules forces en<br>\npr\u00e9\u00adsence feront \u00ab&nbsp;le&nbsp;droit&nbsp;\u00bb.<\/p>\n<p style=\"margin-bottom: 0cm;\" align=\"justify\">&nbsp;&nbsp;&nbsp; Plus la conscience des<br>\nsyn\u00addi\u00adqu\u00e9s s\u2019\u00e9\u00adl\u00e8\u00adve\u00adra, plus les travailleurs<br>\nauront le sen\u00adti\u00adment de classe et plus les contrats auront de chances<br>\nd\u2019\u00eatre res\u00adpec\u00adt\u00e9s et\u2026 vio\u00adl\u00e9s. Plus il y&nbsp;aura<br>\nd\u2019in\u00addi\u00advi\u00addua\u00adli\u00adt\u00e9s par\u00admi les cama\u00adrades et plus la collectivit\u00e9<br>\nsyn\u00addi\u00adcale aura de chances d\u2019im\u00adpo\u00adser ses \u00ab&nbsp;droits&nbsp;\u00bb<br>\nen dehors de toute l\u00e9ga\u00adli\u00adt\u00e9 patro\u00adnale et bourgeoise.<\/p>\n<p style=\"margin-bottom: 0cm;\" align=\"justify\">&nbsp;&nbsp;&nbsp; Aus\u00adsi, le contrat<br>\ncol\u00adlec\u00adtif de tra\u00advail de la ma\u00e7on\u00adne\u00adrie ne doit&nbsp;\u00eatre<br>\nenvi\u00adsa\u00adg\u00e9 par les mili\u00adtants que comme un pis aller, pour sortir<br>\nd\u2019une situa\u00adtion&nbsp;; il ne doit \u00eatre consid\u00e9r\u00e9.<br>\ncomme toutes les lois dites ouvri\u00e8res, qu\u2019a\u00advec les d\u00e9rogations<br>\nimpo\u00ads\u00e9es par l\u2019une ou l\u2019autre des forces en pr\u00e9sence.<\/p>\n<p style=\"margin-bottom: 0cm;\" align=\"justify\">&nbsp;&nbsp;&nbsp; Si la mentalit\u00e9<br>\ndes syn\u00addi\u00adqu\u00e9s n\u2019est pas pr\u00eate pour une revendication,<br>\ns\u2019ils ne sont pas pr\u00eats \u00e0 agir pour l\u2019ob\u00adte\u00adnir,&nbsp;une<br>\nd\u00e9l\u00e9\u00adga\u00adtion, fut-elle com\u00adpo\u00ads\u00e9e d\u2019ou\u00advriers habiles<br>\n\u00e0 argu\u00admen\u00adter, ne convain\u00adcra point les patrons. Nous ne sommes<br>\npas assez na\u00effs pour croire que la dis\u00adcus\u00adsion pour\u00adrait amener<br>\nles patrons \u00e0 com\u00adpo\u00adsi\u00adtion sur une reven\u00addi\u00adca\u00adtion de quelque<br>\nimpor\u00adtance. Quant \u00e0 l\u2019in\u00adter\u00adpr\u00e9\u00adta\u00adtion juri\u00addique&nbsp;du<br>\ncontrat col\u00adlec\u00adtif de tra\u00advail, les ouvriers peuvent en conna\u00eetre&nbsp;;<br>\nmais ils ne  s\u2019en ser\u00advi\u00adront que quand ils ne pour\u00adront pas&nbsp;faire<br>\nautrement.<\/p>\n<p style=\"margin-bottom: 0cm;\" align=\"justify\">&nbsp;&nbsp;&nbsp; Et s\u2019ils le font,&nbsp;c\u2019est<br>\nparce que, chez eux, \u00e0 c\u00f4t\u00e9 d\u2019eux, il n\u2019y a&nbsp;pas<br>\nencore assez de clair\u00advoyance, d\u2019es\u00adprit de r\u00e9volte pour&nbsp;faire<br>\nla gr\u00e8ve g\u00e9n\u00e9\u00adrale expropriatrice.<\/p>\n<p style=\"margin-bottom: 0cm;\" align=\"justify\">&nbsp;&nbsp;&nbsp; Nous ne sommes pas<br>\npar\u00adfaits, mon cher Pier\u00adrot. Si nous avions toutes les qualit\u00e9s<br>\nque vous nous sou\u00adhai\u00adtez, et que nous nous atta\u00adchons&nbsp;\u00e0<br>\npos\u00ads\u00e9\u00adder, ce n\u2019est pas le contrat col\u00adlec\u00adtif que nous aurions<br>\nsign\u00e9, c\u2019est la R\u00e9vo\u00adlu\u00adtion que nous aurions faite.<\/p>\n<p style=\"margin-bottom: 0cm;\" align=\"justify\">A. Schmitz<\/p>\n<\/h2><\/h2><\/h2>","protected":false},"excerpt":{"rendered":"<p>&nbsp;&nbsp;&nbsp; La fin de l\u2019ar\u00adticle de Pierrot|Le Contrat col\u00adled\u00adtif, Vie Ouvri\u00e8re n\u00b03 du 5 \u201111 \u2013 1909 conte\u00adnait quelques phrases qui me d\u00e9mangent fort. N\u2019\u00e9\u00adtait l\u2019u\u00adti\u00adli\u00adt\u00e9 d\u2019a\u00adjou\u00adter quelques ren\u00adsei\u00adgne\u00adments&nbsp;\u00e0 ceux que j\u2019ai don\u00adn\u00e9s pr\u00e9\u00adc\u00e9\u00addem\u00adment et de pr\u00e9\u00adci\u00adser divers points qui en ont grand besoin, je me lais\u00adse\u00adrais faci\u00adle\u00adment aller \u00e0 le chi\u00adca\u00adner. Lui, d\u2019ailleurs, ne&nbsp;[\u2026]<\/p>\n","protected":false},"author":1,"featured_media":0,"comment_status":"closed","ping_status":"closed","sticky":false,"template":"","format":"standard","meta":{"wp_typography_post_enhancements_disabled":false,"footnotes":""},"categories":[104],"tags":[],"ppma_author":[540],"class_list":["post-909","post","type-post","status-publish","format-standard","hentry","category-la-vie-ouvriere-n4-20-novembre-1909"],"authors":[{"term_id":540,"user_id":1,"is_guest":0,"slug":"admin_3gikpwyf","display_name":"Vincent Dubuc","avatar_url":"https:\/\/secure.gravatar.com\/avatar\/d015720652c25fd2ced191ade86430094e1f288a17483713e3b34d26dea52507?s=96&d=mm&r=g","author_category":"","user_url":"https:\/\/la-presse-anarchiste.net","last_name":"Dubuc","first_name":"Vincent","job_title":"","description":""}],"_links":{"self":[{"href":"https:\/\/la-presse-anarchiste.net\/index.php\/wp-json\/wp\/v2\/posts\/909","targetHints":{"allow":["GET"]}}],"collection":[{"href":"https:\/\/la-presse-anarchiste.net\/index.php\/wp-json\/wp\/v2\/posts"}],"about":[{"href":"https:\/\/la-presse-anarchiste.net\/index.php\/wp-json\/wp\/v2\/types\/post"}],"author":[{"embeddable":true,"href":"https:\/\/la-presse-anarchiste.net\/index.php\/wp-json\/wp\/v2\/users\/1"}],"replies":[{"embeddable":true,"href":"https:\/\/la-presse-anarchiste.net\/index.php\/wp-json\/wp\/v2\/comments?post=909"}],"version-history":[{"count":0,"href":"https:\/\/la-presse-anarchiste.net\/index.php\/wp-json\/wp\/v2\/posts\/909\/revisions"}],"wp:attachment":[{"href":"https:\/\/la-presse-anarchiste.net\/index.php\/wp-json\/wp\/v2\/media?parent=909"}],"wp:term":[{"taxonomy":"category","embeddable":true,"href":"https:\/\/la-presse-anarchiste.net\/index.php\/wp-json\/wp\/v2\/categories?post=909"},{"taxonomy":"post_tag","embeddable":true,"href":"https:\/\/la-presse-anarchiste.net\/index.php\/wp-json\/wp\/v2\/tags?post=909"},{"taxonomy":"author","embeddable":true,"href":"https:\/\/la-presse-anarchiste.net\/index.php\/wp-json\/wp\/v2\/ppma_author?post=909"}],"curies":[{"name":"wp","href":"https:\/\/api.w.org\/{rel}","templated":true}]}}