{"id":950,"date":"1968-01-01T18:44:22","date_gmt":"1968-01-01T18:44:22","guid":{"rendered":"https:\/\/la-presse-anarchiste.net\/index.php\/2007\/10\/30\/provos\/"},"modified":"2023-09-24T15:04:33","modified_gmt":"2023-09-24T15:04:33","slug":"provos","status":"publish","type":"post","link":"https:\/\/la-presse-anarchiste.net\/index.php\/1968\/01\/01\/provos\/","title":{"rendered":"Provos"},"content":{"rendered":"<div class=\"pdfprnt-buttons pdfprnt-buttons-post pdfprnt-top-right\"><a href=\"https:\/\/la-presse-anarchiste.net\/index.php\/wp-json\/wp\/v2\/posts\/950?print=pdf\" class=\"pdfprnt-button pdfprnt-button-pdf\" target=\"_blank\"><img decoding=\"async\" src=\"https:\/\/la-presse-anarchiste.net\/wp-content\/plugins\/pdf-print\/images\/pdf.png\" alt=\"image_pdf\" title=\"Afficher le PDF\"><\/a><a href=\"https:\/\/la-presse-anarchiste.net\/index.php\/wp-json\/wp\/v2\/posts\/950?print=print\" class=\"pdfprnt-button pdfprnt-button-print\" target=\"_blank\"><img decoding=\"async\" src=\"https:\/\/la-presse-anarchiste.net\/wp-content\/plugins\/pdf-print\/images\/print.png\" alt=\"image_print\" title=\"Contenu imprim\u00e9\"><\/a><\/div><p lang=\"fr-FR\" style=\"text-align: justify;\" align=\"justify\">\u00c0 Amster\u00addam, avril 1965, \u00ab&nbsp;le mou\u00adve\u00adment pro\u00advo d\u00e9mar\u00adra avec quelques \u00e9tu\u00addiants et ouvriers anar\u00adchistes\u2026 nous vou\u00adlions cr\u00e9er un mou\u00adve\u00adment diri\u00adg\u00e9 vers ce que nous appe\u00adl\u00e2mes plus tard le pro\u00advo\u00adta\u00adriat, qui com\u00adprend tous les \u00e9tu\u00addiants, artistes, beat\u00adniks, mods, rockers, \u2026 qui sont d\u00e9j\u00e0 en r\u00e9volte \u00e0 leur fa\u00e7on mais qui n\u2019ont pas encore de conscience poli\u00adtique, don\u00adner cette conscience poli\u00adtique \u00e9tait notre t\u00e2che. A par\u00adtir d\u2019avril 1965, Pro\u00advo est mon\u00adt\u00e9 en fl\u00e8che de fa\u00e7on stu\u00adp\u00e9\u00adfiante. Nos prin\u00adcipes d\u2019organisation sont enti\u00e8\u00adre\u00adment anar\u00adchistes&nbsp;: aucune hi\u00e9\u00adrar\u00adchie, seule\u00adment la spon\u00adta\u00adn\u00e9i\u00adt\u00e9&nbsp;; tous ceux qui rejoi\u00adgnirent le mou\u00adve\u00adment l\u2019influenc\u00e8rent un peu avec leur per\u00adson\u00adna\u00adli\u00adt\u00e9 et leurs nou\u00advelles id\u00e9es. Je pense que c\u2019est cet aspect qui a ren\u00addu Pro\u00advo aus\u00adsi attrayant aux jeunes de toutes sortes.&nbsp;\u00bb (Mar\u00adtin&nbsp;Lindt).<\/p>\n<p lang=\"fr-FR\" style=\"text-align: justify;\" align=\"justify\">Dans l\u2019\u00e9closion assez pro\u00adli\u00adfique de groupes pro\u00advos, \u00e0 la suite de celui d\u2019Amsterdam, on peut dis\u00adcer\u00adner les constantes sui\u00advantes&nbsp;: le pro\u00advo-isme, la pro\u00advo\u00adca\u00adtion, le provotariat&nbsp;:<\/p>\n<p lang=\"fr-FR\" style=\"text-align: justify;\" align=\"justify\">\u2013 \u00ab&nbsp;Pro\u00advo consi\u00add\u00e8re l\u2019anarchisme comme la source d\u2019inspiration de sa r\u00e9sis\u00adtance. Pro\u00advo d\u00e9sire r\u00e9no\u00adver l\u2019anarchisme et le r\u00e9pandre par\u00admi les jeunes. [\u2026] Le com\u00adpor\u00adte\u00adment de Pro\u00advo consti\u00adtue selon nous la seule issue accep\u00adtable dans cette soci\u00e9\u00adt\u00e9. Grim\u00adper \u00e0 l\u2019\u00e9chelle sociale et avoir une situa\u00adtion signi\u00adfie contri\u00adbuer \u00e0 la pro\u00adchaine des\u00adtruc\u00adtion ato\u00admique, col\u00adla\u00adbo\u00adrer au capi\u00adta\u00adlisme et au mili\u00adta\u00adrisme, cela signi\u00adfie col\u00adla\u00adbo\u00adrer avec les auto\u00adri\u00adt\u00e9s et leur habile attrape-nigaud qu\u2019est la t\u00e9l\u00e9. [\u2026] L\u2019asocial Pro\u00advo est le seul rayon d\u2019espoir. Son acti\u00advi\u00adt\u00e9 consiste \u00e0 mettre des b\u00e2tons dans les roues du train \u201cpro\u00adgr\u00e8s\u201d qui file \u00e0 une telle allure que l\u2019on n\u2019aper\u00e7oit pas la bombe qui se trouve sous ses rails [\u2026]. Nous pro\u00adpa\u00adgeons le pro\u00advo-isme comme une r\u00e9sis\u00adtance \u00e0 cette soci\u00e9\u00adt\u00e9. Nous esp\u00e9\u00adrons qu\u2019il devien\u00addra clair au PROVO que son job le d\u00e9grade en le ren\u00addant simple rouage de cette bombe \u00e0 retar\u00adde\u00adment qu\u2019est la soci\u00e9\u00adt\u00e9. Nous pr\u00e9\u00adco\u00adni\u00adsons la pro\u00advo\u00adca\u00adtion \u00e0 plein temps. Nous vou\u00adlons pro\u00admou\u00advoir une \u00e9vo\u00adlu\u00adtion de la for\u00admule \u00ab&nbsp;Pro\u00advo \u00e9gale beat\u00adnik pro\u00advo\u00adca\u00adteur&nbsp;\u00bb \u00e0 la for\u00admule \u00ab&nbsp;Pro\u00advo \u00e9gale anar\u00adchiste, dan\u00adge\u00adreux pour l\u2019Etat&nbsp;\u00bb. [\u2026] Notre seule norme est&nbsp;: que cha\u00adcun lutte jusqu\u2019au bout contre le monde ext\u00e9\u00adrieur au nom de sa propre exis\u00adtence&nbsp;\u00bb (Roel van&nbsp;Duyn).<\/p>\n<p lang=\"fr-FR\" style=\"text-align: justify;\" align=\"justify\">\u2013 \u00ab&nbsp;La pro\u00advo\u00adca\u00adtion, avec ses petits coups d\u2019\u00e9pingle, est deve\u00adnue notre seule arme, impo\u00ads\u00e9e par la force des choses. C\u2019est notre der\u00adni\u00e8re chance de frap\u00adper les auto\u00adri\u00adt\u00e9s aux endroits sen\u00adsibles et vitaux. Par nos pro\u00advo\u00adca\u00adtions, nous devons for\u00adcer les auto\u00adri\u00adt\u00e9s \u00e0 se d\u00e9mas\u00adquer. [\u2026] Les auto\u00adri\u00adt\u00e9s devront ain\u00adsi se mani\u00adfes\u00adter en tant qu\u2019autorit\u00e9s r\u00e9elles et v\u00e9ri\u00adtables. [\u2026] C\u2019est notre der\u00adni\u00e8re chance, la crise des auto\u00adri\u00adt\u00e9s pro\u00advo\u00adqu\u00e9es&nbsp;\u00bb (Appel au pro\u00advo\u00adta\u00adriat international).<\/p>\n<p lang=\"fr-FR\" style=\"text-align: justify;\" align=\"justify\">\u2013 \u00ab&nbsp;Ceux qui ne d\u00e9si\u00adrent pas faire car\u00adri\u00e8re, ceux qui ne m\u00e8nent pas une vie r\u00e9gu\u00adli\u00e8re, ceux qui se sentent inadap\u00adt\u00e9s \u00e0 cette soci\u00e9\u00adt\u00e9 \u2013 Le Pro\u00advo\u00adta\u00adriat est une foule d\u2019\u00e9l\u00e9ments sub\u00adver\u00adsifs&nbsp;\u00bb (Appel au pro\u00advo\u00adta\u00adriat inter\u00adna\u00adtio\u00adnal). Ce que recouvre le mot \u00ab&nbsp;pro\u00advo\u00adta\u00adriat&nbsp;\u00bb (qui rap\u00adpelle \u00e0 cer\u00adtains \u00e9gards les \u00ab&nbsp;en-dehors&nbsp;\u00bb du d\u00e9but du si\u00e8cle) se retrou\u00adve\u00adra dans le \u00ab&nbsp;drop\u00adping out&nbsp;\u00bb des Am\u00e9ricains.<\/p>\n<p lang=\"fr-FR\" style=\"text-align: justify;\" align=\"justify\">Il est ais\u00e9 de d\u00e9ce\u00adler tout ce qu\u2019il peut y avoir de sym\u00adpa\u00adthique l\u00e0-dedans. Cepen\u00addant \u00e0 Amster\u00addam, le \u00ab&nbsp;mou\u00adve\u00adment&nbsp;\u00bb pro\u00advo por\u00adtait en lui sa d\u00e9com\u00adpo\u00adsi\u00adtion \u00e0&nbsp;venir.<\/p>\n<p lang=\"fr-FR\" style=\"text-align: justify;\" align=\"justify\">Le cri\u00adt\u00e8re le plus impor\u00adtant est son option pour le frag\u00admen\u00adtaire. C\u00e9dant au dua\u00adlisme trau\u00adma\u00adti\u00adsant&nbsp;: n\u00e9ga\u00adtif-posi\u00adtif, \u00ab&nbsp;Nous essayons d\u2019\u00eatre aus\u00adsi posi\u00adtifs que pos\u00adsible, en trou\u00advant des solu\u00adtions \u2013 les pro\u00adjets blancs \u2013 pour les choses contre les\u00adquelles nous sommes (les bicy\u00adclettes blanches pour l\u2019usage de cha\u00adcun, la police en uni\u00adforme blanc qui n\u2019utiliserait pas la force mais aurait seule\u00adment un carac\u00adt\u00e8re social, les che\u00admi\u00adn\u00e9es blanches, les \u201cfemmes blanches\u201d qui don\u00adne\u00adraient des conseils au sujet de la sexua\u00adli\u00adt\u00e9, \u2026)&nbsp;\u00bb (Irene van der Wee\u00adte\u00adring). Leur r\u00e9for\u00admisme leur vaut la sym\u00adpa\u00adthie d\u2019un cer\u00adtain public dont ils flattent l\u2019esprit de d\u00e9mis\u00adsion (l\u2019\u00e9lection de Bern\u00adhard de Vries au conseil muni\u00adci\u00adpal d\u2019Amsterdam n\u2019est qu\u2019une mys\u00adti\u00adfi\u00adca\u00adtion de plus de la repr\u00e9\u00adsen\u00adta\u00adti\u00advi\u00adt\u00e9), dont ils flattent les sen\u00adti\u00adments ran\u00adcu\u00adniers (mani\u00adfes\u00adta\u00adtions au sujet du mariage de la prin\u00adcesse B\u00e9a\u00adtrix avec l\u2019ex-membre des jeu\u00adnesses hit\u00adl\u00e9\u00adriennes Claus von Amsberg), etc.<\/p>\n<p lang=\"fr-FR\" style=\"text-align: justify;\" align=\"justify\">Au frag\u00admen\u00adtaire s\u2019ajoute l\u2019id\u00e9ologie du pro\u00advo\u00adta\u00adriat, \u00ab&nbsp;der\u00adnier fac\u00adteur de r\u00e9volte dans nos pays d\u00e9ve\u00adlop\u00adp\u00e9s&nbsp;\u00bb face au pro\u00adl\u00e9\u00adta\u00adriat. Cette renon\u00adcia\u00adtion est l\u2019expression d\u2019un \u00ab&nbsp;indi\u00advi\u00addua\u00adlisme&nbsp;\u00bb de refou\u00adle\u00adment. L\u2019asservissement du pro\u00adl\u00e9\u00adta\u00adriat est-il une rai\u00adson suf\u00adfi\u00adsante pour d\u00e9ses\u00adp\u00e9\u00adrer de trans\u00adfor\u00admer la tota\u00adli\u00adt\u00e9 (d\u00e9ses\u00adpoir \u00e0 l\u2019origine du pro\u00advo\u00adta\u00adriat) et pour d\u00e9ses\u00adp\u00e9\u00adrer de ses forces (d\u00e9ses\u00adpoir \u00e0 l\u2019origine de la Provocation)&nbsp;?<\/p>\n<p lang=\"fr-FR\" style=\"text-align: justify;\" align=\"justify\">Cepen\u00addant Pro\u00advo a fait tache d\u2019huile en Europe comme en Am\u00e9\u00adrique. Avec les hip\u00adpies, nous retrou\u00advons bien des \u00e9l\u00e9\u00adments com\u00admuns aux pro\u00advos. Cette \u00e9clo\u00adsion exprime, en Europe comme en Am\u00e9\u00adrique, de la part d\u2019une g\u00e9n\u00e9\u00adra\u00adtion, une ten\u00adta\u00adtive de d\u00e9pas\u00adse\u00adment de sa r\u00e9volte spon\u00adta\u00adn\u00e9e contre la d\u00e9faite de la g\u00e9n\u00e9\u00adra\u00adtion pr\u00e9\u00adc\u00e9\u00addente \u2013 cette der\u00adni\u00e8re \u00e9tant cloi\u00adson\u00adn\u00e9e dans l\u2019univers men\u00adson\u00adger de la chute du mou\u00adve\u00adment r\u00e9vo\u00adlu\u00adtion\u00adnaire. Le pro\u00adbl\u00e8me est de savoir si cette ten\u00adta\u00adtive de d\u00e9pas\u00adse\u00adment se cloi\u00adsonne dans un uni\u00advers sem\u00adblable ou si elle recherche la coh\u00e9rence.<\/p>\n","protected":false},"excerpt":{"rendered":"<p>\u00c0 Amster\u00addam, avril 1965, \u00ab&nbsp;le mou\u00adve\u00adment pro\u00advo d\u00e9mar\u00adra avec quelques \u00e9tu\u00addiants et ouvriers anar\u00adchistes\u2026 nous vou\u00adlions cr\u00e9er un mou\u00adve\u00adment diri\u00adg\u00e9 vers ce que nous appe\u00adl\u00e2mes plus tard le pro\u00advo\u00adta\u00adriat, qui com\u00adprend tous les \u00e9tu\u00addiants, artistes, beat\u00adniks, mods, rockers, \u2026 qui sont d\u00e9j\u00e0 en r\u00e9volte \u00e0 leur fa\u00e7on mais qui n\u2019ont pas encore de conscience politique,&nbsp;[\u2026]<\/p>\n","protected":false},"author":1,"featured_media":5488,"comment_status":"closed","ping_status":"closed","sticky":false,"template":"wp-custom-template-page-d-article","format":"standard","meta":{"wp_typography_post_enhancements_disabled":false,"footnotes":""},"categories":[112],"tags":[],"ppma_author":[540],"class_list":["post-950","post","type-post","status-publish","format-standard","has-post-thumbnail","hentry","category-anarchisme-et-non-violence-na11-12-janvier-fevrier-1968"],"authors":[{"term_id":540,"user_id":1,"is_guest":0,"slug":"admin_3gikpwyf","display_name":"Vincent Dubuc","avatar_url":"https:\/\/secure.gravatar.com\/avatar\/d015720652c25fd2ced191ade86430094e1f288a17483713e3b34d26dea52507?s=96&d=mm&r=g","author_category":"","user_url":"https:\/\/la-presse-anarchiste.net","last_name":"Dubuc","first_name":"Vincent","job_title":"","description":""}],"_links":{"self":[{"href":"https:\/\/la-presse-anarchiste.net\/index.php\/wp-json\/wp\/v2\/posts\/950","targetHints":{"allow":["GET"]}}],"collection":[{"href":"https:\/\/la-presse-anarchiste.net\/index.php\/wp-json\/wp\/v2\/posts"}],"about":[{"href":"https:\/\/la-presse-anarchiste.net\/index.php\/wp-json\/wp\/v2\/types\/post"}],"author":[{"embeddable":true,"href":"https:\/\/la-presse-anarchiste.net\/index.php\/wp-json\/wp\/v2\/users\/1"}],"replies":[{"embeddable":true,"href":"https:\/\/la-presse-anarchiste.net\/index.php\/wp-json\/wp\/v2\/comments?post=950"}],"version-history":[{"count":2,"href":"https:\/\/la-presse-anarchiste.net\/index.php\/wp-json\/wp\/v2\/posts\/950\/revisions"}],"predecessor-version":[{"id":5524,"href":"https:\/\/la-presse-anarchiste.net\/index.php\/wp-json\/wp\/v2\/posts\/950\/revisions\/5524"}],"wp:featuredmedia":[{"embeddable":true,"href":"https:\/\/la-presse-anarchiste.net\/index.php\/wp-json\/wp\/v2\/media\/5488"}],"wp:attachment":[{"href":"https:\/\/la-presse-anarchiste.net\/index.php\/wp-json\/wp\/v2\/media?parent=950"}],"wp:term":[{"taxonomy":"category","embeddable":true,"href":"https:\/\/la-presse-anarchiste.net\/index.php\/wp-json\/wp\/v2\/categories?post=950"},{"taxonomy":"post_tag","embeddable":true,"href":"https:\/\/la-presse-anarchiste.net\/index.php\/wp-json\/wp\/v2\/tags?post=950"},{"taxonomy":"author","embeddable":true,"href":"https:\/\/la-presse-anarchiste.net\/index.php\/wp-json\/wp\/v2\/ppma_author?post=950"}],"curies":[{"name":"wp","href":"https:\/\/api.w.org\/{rel}","templated":true}]}}