{"id":963,"date":"2007-11-02T09:16:04","date_gmt":"2007-11-02T09:16:04","guid":{"rendered":"https:\/\/la-presse-anarchiste.net\/index.php\/2007\/11\/02\/quest-ce-que-fascisme\/"},"modified":"2007-11-02T09:16:04","modified_gmt":"2007-11-02T09:16:04","slug":"quest-ce-que-fascisme","status":"publish","type":"post","link":"https:\/\/la-presse-anarchiste.net\/index.php\/2007\/11\/02\/quest-ce-que-fascisme\/","title":{"rendered":"Qu\u2019est ce que fascisme&nbsp;?"},"content":{"rendered":"<div class=\"pdfprnt-buttons pdfprnt-buttons-post pdfprnt-top-right\"><a href=\"https:\/\/la-presse-anarchiste.net\/index.php\/wp-json\/wp\/v2\/posts\/963?print=pdf\" class=\"pdfprnt-button pdfprnt-button-pdf\" target=\"_blank\"><img decoding=\"async\" src=\"https:\/\/la-presse-anarchiste.net\/wp-content\/plugins\/pdf-print\/images\/pdf.png\" alt=\"image_pdf\" title=\"Afficher le PDF\"><\/a><a href=\"https:\/\/la-presse-anarchiste.net\/index.php\/wp-json\/wp\/v2\/posts\/963?print=print\" class=\"pdfprnt-button pdfprnt-button-print\" target=\"_blank\"><img decoding=\"async\" src=\"https:\/\/la-presse-anarchiste.net\/wp-content\/plugins\/pdf-print\/images\/print.png\" alt=\"image_print\" title=\"Contenu imprim\u00e9\"><\/a><\/div><p style=\"margin-right: 0.67cm; text-indent: 1.52cm; margin-bottom: 0cm;\" align=\"justify\">\n<span lang=\"fr-FR\"><font size=\"3\"><font face=\"Apple Garamond\"><b>\u00ab&nbsp;<\/b>Le<br>\nfas\u00adcisme ne pas\u00adse\u00adra pas&nbsp;!&nbsp;\u00bb Ce slo\u00adgan, relanc\u00e9<br>\npar le Krem\u00adlin avec une orches\u00adtra\u00adtion puis\u00adsante et repris en&nbsp;ch\u0153ur<br>\npas les PC de tous les pays est d\u2019autant plus efficace,<br>\nsemble&nbsp;t\u2019il, qu\u2019il reste plus vague. L\u2019adversaire n\u2019est<br>\npas <i>d\u00e9si\u00adgn\u00e9 <\/i>nom\u00adm\u00e9\u00adment, ce qui per\u00admet&nbsp;\u00e0<br>\ncha\u00adcun de le situer par l\u2019imagination selon ses int\u00e9r\u00eats,<br>\nses pr\u00e9\u00adju\u00adg\u00e9s, ou ses concep\u00adtions id\u00e9ologiques.<br>\nIl n\u2019est pas non plus <i>d\u00e9fi\u00adni, <\/i>et l\u2019on se garde&nbsp;bien<br>\nde dire <i>ce qu\u2019est le fas\u00adcisme, <\/i>soit par l\u2019analyse des<br>\nexemples concrets pris<b> <\/b>au pas\u00ads\u00e9, soit en fonc\u00adtion d\u2019une<br>\nth\u00e9o\u00adrie poli\u00adti\u00adco&nbsp;sociale du monde actuel. En fait,&nbsp;la<br>\ndivi\u00adsion du tra\u00advail est la sui\u00advante&nbsp;: <i>les masses <\/i>vague\u00adment<br>\napeu\u00adr\u00e9es ou irri\u00adt\u00e9es mani\u00adfestent \u00ab&nbsp;contre le<br>\nfas\u00adcisme&nbsp;\u00bb, enten\u00addant par l\u00e0 tout ce qu\u2019elles<br>\npeuvent craindre ou d\u00e9tes\u00adter (guerre, dic\u00adta\u00adture polici\u00e8re,<br>\n\u00ab&nbsp;r\u00e9ac\u00adtion&nbsp;\u00bb, c\u00e9sarisme,<br>\npoli\u00adtique antiou\u00advri\u00e8re, vio\u00adlences, ins\u00e9\u00adcu\u00adri\u00adt\u00e9&nbsp;du<br>\ntra\u00advail, aven\u00adtures colo\u00adniales, explo\u00adsions chau\u00advines, talon de fer&nbsp;du<br>\ngrand capi\u00adtal, influence du patro\u00adnat, des banques, de l\u2019arm\u00e9e,<br>\ndu cler\u00adg\u00e9, de la \u00ab&nbsp;bou\u00adtique&nbsp;\u00bb, de&nbsp;la<br>\npetite pro\u00adpri\u00e9\u00adt\u00e9 rurale, de la bureau\u00adcra\u00adtie,&nbsp;etc.).<br>\nQuant aux <i>Com\u00admu\u00adnistes, <\/i>ils se r\u00e9servent de don\u00adner&nbsp;\u00e0<br>\ntoute cette mani\u00adfes\u00adta\u00adtion ambi\u00adgu\u00eb de sen\u00adti\u00adments politiques<br>\nextr\u00ea\u00adme\u00adment divers, une orien\u00adta\u00adtion et un point d\u2019application<br>\ndont ils res\u00adtent les seuls juges. Pour eux, est implicitement<br>\n\u00ab&nbsp;fas\u00adciste&nbsp;\u00bb tout ce qui n\u2019est pas dans&nbsp;la<br>\nligne actuelle du Par\u00adti, et est expli\u00adci\u00adte\u00adment \u00ab&nbsp;fasciste&nbsp;\u00bb<br>\nce que l\u2019Agit&nbsp;Prop\u2019, dans sa der\u00adni\u00e8re circulaire,<br>\nstig\u00adma\u00adtise comme l\u2019ennemi n\u00b0 1 du lieu et du moment.<\/font><\/font><\/span><\/p>\n<p style=\"margin-right: 0.67cm; text-indent: 1.52cm; margin-bottom: 0cm;\" align=\"justify\">\n<span lang=\"fr-FR\"><font size=\"3\"><font face=\"Apple Garamond\">C\u2019est<br>\nain\u00adsi que, dans le pas\u00ads\u00e9, toutes les puis\u00adsances, tous&nbsp;les<br>\npar\u00adtis, tous les hommes poli\u00adtiques, toutes les phi\u00adlo\u00adso\u00adphies, toutes<br>\nles ten\u00addances s\u2019\u00e9cartant tant soit peu de la&nbsp;ligne<br>\noffi\u00adcielle du PC dans l\u2019un quel\u00adconque de ses plus extravagants<br>\nzig\u00adzags ont re\u00e7u tour \u00e0 tour l\u2019\u00e9tiquette<br>\n<i>fas\u00adciste. <\/i>Inver\u00adse\u00adment, il n\u2019est pas une puis\u00adsance, pas&nbsp;un<br>\nhomme, pas un par\u00adti, pas un r\u00e9gime, m\u00eame se r\u00e9clamant<br>\nouver\u00adte\u00adment de Hit\u00adler, de Mus\u00adso\u00adli\u00adni et de leurs \u00e9mules, qui<br>\nn\u2019e\u00fbt trou\u00adv\u00e9 gr\u00e2ce, \u00e0 l\u2019occasion d\u2019une<br>\nalliance pro\u00advi\u00adsoire ou d\u2019une ten\u00adta\u00adtive de<b> \u00ab&nbsp;<\/b>front<br>\nunique&nbsp;\u00bb, d\u2019o\u00f9 le mot \u00ab&nbsp;fasciste&nbsp;\u00bb<br>\ndis\u00adpa\u00adrais\u00adsait comme par enchante\u00adment. En d\u00e9fi\u00adni\u00adtive&nbsp;est<br>\ndonc fas\u00adciste, \u00e0 chaque moment et dans chaque milieu noyaut\u00e9<br>\npar un Par\u00adti&nbsp;chef, ce qu\u2019il pla\u00eet au Par\u00adti de d\u00e9signer<br>\nain\u00adsi&nbsp;; et mal\u00adheu\u00adreu\u00adse\u00adment, \u00e0 cet arbitraire<br>\nter\u00admi\u00adno\u00adlo\u00adgique, les adver\u00adsaires <i>du bol\u00adchevisme et du fascisme<\/i><br>\nn\u2019ont gu\u00e8re su oppo\u00adser une pen\u00ads\u00e9e et un vocabulaire<br>\nde quelque pr\u00e9\u00adci\u00adsion. On oppose com\u00admu\u00adn\u00e9\u00adment <i>fas\u00adcisme<\/i><br>\net <i>d\u00e9mo\u00adcra\u00adtie, fas\u00adcisme<\/i> et <i>pro\u00adgres\u00adsisme, fascisme<\/i><br>\net <i>r\u00e9vo\u00adlu\u00adtion&nbsp;; fas\u00adcisme<\/i> et <i>pro\u00adl\u00e9\u00adta\u00adriat&nbsp;;<br>\nfas\u00adcisme<\/i> et <i>socia\u00adlisme.<\/i> R\u00e9cem\u00adment, dans une savante<br>\nrevue de la Gauche non&nbsp;sta\u00adli\u00adnienne aux USA, <i>Contem\u00adpo\u00adra\u00adry<br>\nIssues,<\/i> L.W. Hed\u00adley d\u00e9fi\u00adnis\u00adsait tour \u00e0 tour,&nbsp;dans<br>\nle m\u00eame article, le fas\u00adcisme comme cen\u00adtra\u00adlisme abso\u00adlu,&nbsp;comme<br>\nextr\u00e9\u00admisme chau\u00advin, comme immo\u00adbi\u00adlisme social, comme<br>\ncontre&nbsp;r\u00e9vo\u00adlu\u00adtion, comme aristo\u00adcratie, comme<br>\nd\u00e9fai\u00adtisme (!) et comme indi\u00advi\u00addua\u00adlisme forcen\u00e9.<\/font><\/font><\/span><\/p>\n<p style=\"margin-right: 0.67cm; text-indent: 1.52cm; margin-bottom: 0cm;\" align=\"justify\">\n<span lang=\"fr-FR\"><font size=\"3\"><font face=\"Apple Garamond\">Il est<br>\n\u00e9vident que ces \u00e9qui\u00adva\u00adlences\u200a\u2014\u200ad\u2019ailleurs<br>\ncontra\u00addic\u00adtoires entre elles\u200a\u2014\u200ane font qu\u2019alimenter la confusion<br>\nla plus totale, et r\u00e9duisent l\u2019\u00ab&nbsp;antifasc\u00efsme<br>&nbsp;\u00bb \u00e0 un arbi\u00adtraire verbal.<\/font><\/font><\/span><\/p>\n<p style=\"margin-right: 0.67cm; text-indent: 1.52cm; margin-bottom: 0cm;\" align=\"justify\">\n<span lang=\"fr-FR\"><font size=\"3\"><font face=\"Apple Garamond\">Loin<br>\nd\u2019\u00eatre \u00e9qui\u00advalent au \u00ab&nbsp;centralisme&nbsp;\u00bb<br>\nabso\u00adlu, le fas\u00adcisme s\u2019accommode par\u00adfai\u00adte\u00adment du pou\u00advoir&nbsp;local<br>\narbi\u00adtraire (voire, extra&nbsp;l\u00e9gal, d\u2019un podes\u00adtat, d\u2019un<br>\n<i>Gau\u00adlei\u00adter,<\/i> d\u2019un <i>Stat\u00adthal\u00adter<\/i> quel\u00adconque, appuy\u00e9<br>\nsur une clique \u00e0 la fa\u00e7on d\u2019un chef de gang.&nbsp;Loin<br>\nd\u2019\u00eatre n\u00e9ces\u00adsai\u00adre\u00adment \u00ab&nbsp;chauvin&nbsp;\u00bb,<br>\nil s\u2019accompagne fr\u00e9\u00adquem\u00adment d\u2019une x\u00e9nophilie<br>\npresque d\u00e9li\u00adrante, \u00e0 l\u2019\u00e9gard d\u2019un mod\u00e8le<br>\n\u00e9tran\u00adger domi\u00adnant par la force et incon\u00addi\u00adtion\u00adnel\u00adle\u00adment v\u00e9n\u00e9r\u00e9.<br>\nLoin d\u2019\u00eatre \u00ab&nbsp;immo\u00adbiliste&nbsp;\u00bb, il est dynamique<br>\net futu\u00adriste au plus haut degr\u00e9, et s\u2019acharne \u00e0<br>\nabo\u00adlir tout ce qui s\u2019oppose \u00e0 son uto\u00adpie totalitaire.<br>\nL\u2019esprit de la \u00ab&nbsp;contre&nbsp;r\u00e9volution&nbsp;\u00bb,<br>\nc\u2019est&nbsp;\u00e0&nbsp;dire le retour \u00e0 un&nbsp;\u00e9tat<br>\nhis\u00adto\u00adrique ant\u00e9\u00adrieur, lui est incon\u00adnu&nbsp;; il est&nbsp;au<br>\ncontraire une aven\u00adture \u00e0 corps per\u00addu vers la puissance<br>\nindus\u00adtrielle, mili\u00adtaire, \u00e9ta\u00adtique, id\u00e9ologique,<br>\nd\u00e9mo\u00adgra\u00adphique&nbsp;: une volon\u00adt\u00e9 d\u2019\u00e9clatement<br>\nnihi\u00adliste. Pour toutes ces rai\u00adsons, il est pr\u00e9cis\u00e9ment<br>\nce qu\u2019il y a au monde de moins \u00ab&nbsp;aristocratique&nbsp;\u00bb&nbsp;:<br>\nun mou\u00adve\u00adment de l\u2019homme de masse, une revanche bru\u00adtale&nbsp;de<br>\nl\u2019inculture, de la vul\u00adga\u00adri\u00adt\u00e9, de la basse d\u00e9magogie<br>\net de l\u2019arrivisme sous toutes ses formes, un raz&nbsp;de&nbsp;mar\u00e9e<br>\nsocial met\u00adtant au pinacle des sous&nbsp;hommes et des analphab\u00e8tes,<br>\nidoles d\u2019un pro\u00adl\u00e9\u00adta\u00adriat \u00e0 la romaine \u2014com\u00adpo\u00ads\u00e9,<br>\n\u00e0 leur image, de ch\u00f4\u00admeurs poli\u00adti\u00ads\u00e9s&nbsp;et<br>\nentretenus.&nbsp;<\/font><\/font><\/span><\/p>\n<p style=\"margin-right: 0.67cm; text-indent: 1.52cm; margin-bottom: 0cm;\" align=\"justify\">\n<span lang=\"fr-FR\"><font size=\"3\"><font face=\"Apple Garamond\">Le<br>\nfas\u00adcisme ne sup\u00adporte ni les \u00ab&nbsp;valeurs&nbsp;\u00bb<br>\ntra\u00addi\u00adtion\u00adnelles de caste, qui sont une injure \u00e0 son caract\u00e8re<br>\npl\u00e9\u00adb\u00e9ien&nbsp;; ni le contact de l\u2019\u00ab&nbsp;intelligence&nbsp;\u00bb,<br>\n\u00e0 ses yeux sus\u00adpecte et d\u00e9ca\u00addente&nbsp;; ni surtout<br>\nl\u2019\u00ab&nbsp;indi\u00advi\u00addua\u00adlisme&nbsp;\u00bb, car il nie farouchement<br>\nl\u2019individu et la vie pri\u00adv\u00e9e. Sa vue du monde n\u2019est&nbsp;pas<br>\nhis\u00adto\u00adrique, mais l\u00e9gen\u00addaire et mythique. Il&nbsp;\u00e9rige<br>\nl\u2019\u00c9tat ou la Race en un abso\u00adlu devant lequel tous&nbsp;les<br>\ndroits, toutes les liber\u00adt\u00e9s, toutes les particularit\u00e9s<br>\ndoivent s\u2019immoler dans l\u2019unit\u00e9. Il exalte la passion<br>\ncol\u00adlec\u00adtive de puis\u00adsance et de vio\u00adlence du Peuple, consid\u00e9r\u00e9<br>\ncomme r\u00e9a\u00adli\u00adt\u00e9 trans\u00adcen\u00addante aux per\u00adsonnes qui&nbsp;le<br>\ncom\u00adposent, et il s\u2019efforce de r\u00e9a\u00adli\u00adser cette transcendance<br>\npar l\u2019embrigadement militaire\u00ad poli\u00adtique du peuple entier.<\/font><\/font><\/span><\/p>\n<p style=\"margin-right: 0.67cm; text-indent: 1.52cm; margin-bottom: 0cm;\" align=\"justify\">\n<span lang=\"fr-FR\"><font size=\"3\"><font face=\"Apple Garamond\">Bref, le<br>\nfas\u00adcisme est la d\u00e9mo\u00adcra\u00adtie pure (au sens \u00e9tymologique<br>\net abso\u00adlu du mot&nbsp;: la d\u00e9mo\u00adcra\u00adtie sans frein et&nbsp;sans<br>\nlimites morales ou consti\u00adtu\u00adtion\u00adnelles\u200a\u2014\u200a<i>la dic\u00adta\u00adture de&nbsp;la<br>\nd\u00e9mo\u00adcra\u00adtie <\/i>ou encore (si l\u2019on r\u00e9f\u00e8re une<br>\nd\u00e9fi\u00adni\u00adtion n\u00e9ga\u00adtive) la <i>d\u00e9mo\u00adcra\u00adtie&nbsp;SANS<br>\nTOL\u00c9RANCE NI LIB\u00c9RALISME, <\/i>la loi du lynch, la<br>\nd\u00e9mo\u00adcra\u00adtie <i>popu\u00adlaire<\/i> (et populaci\u00e8re).<\/font><\/font><\/span><\/p>\n<p style=\"margin-right: 0.67cm; text-indent: 1.52cm; margin-bottom: 0cm;\" align=\"justify\">\n<span lang=\"fr-FR\"><font size=\"3\"><font face=\"Apple Garamond\">Une<br>\nd\u00e9mo\u00adcra\u00adtie abso\u00adlue et directe, telle que l\u2019a con\u00e7ue<br>\nJ.- J. Rous\u00adseau dans le <i>Contrat social,<\/i> n\u2019a que faire&nbsp;en<br>\neffet de garan\u00adties l\u00e9gales, de s\u00e9pa\u00adra\u00adtion des pouvoirs,<br>\nde res\u00adpect des mino\u00adri\u00adt\u00e9s&nbsp;; l\u2019<i>habeas cor\u00adpus <\/i>lui<br>\nest \u00e9tran\u00adger, comme les notions de for int\u00e9\u00adrieur et&nbsp;de<br>\nvie pri\u00adv\u00e9e. Elle pro\u00adclame fac\u00adtieux et enne\u00admi du peuple, non<br>\nseule\u00adment qui\u00adconque <i>agit <\/i>\u2014 mais m\u00eame qui\u00adconque <i>parle,<br>\nou pense<\/i> \u00ab&nbsp;\u00e0 l\u2019\u00e9cart des autres&nbsp;\u00bb.<br>\nElle n\u2019admet d\u2019autre atti\u00adtude que l\u2019enthousiasme permanent,<br>\nd\u2019autre conduite que l\u2019\u00e9talage conti\u00adnuel de la&nbsp;vertu<br>\ncivique et de l\u2019esprit de sacri\u00adfice \u00e0 l\u2019\u00c9tat&nbsp;<br>\nEnfin elle ne conna\u00eet d\u2019autre hi\u00e9\u00adrar\u00adchie que celle&nbsp;que<br>\nsanc\u00adtionnent la loi du nombre et celle du succ\u00e8s.<\/font><\/font><\/span><\/p>\n<p style=\"margin-right: 0.67cm; text-indent: 1.52cm; margin-bottom: 0cm;\" align=\"justify\">\n<span lang=\"fr-FR\"><font size=\"3\"><font face=\"Apple Garamond\">Le<br>\nfas\u00adcisme est d\u2019essence pl\u00e9\u00adb\u00e9ienne et pl\u00e9biscitaire<br>\u200a\u2014\u200agr\u00e9\u00adgaire, c\u00e9sa\u00adrienne, ligueuse et jacobine.<\/font><\/font><\/span><\/p>\n<p style=\"margin-right: 0.67cm; text-indent: 1.52cm; margin-bottom: 0cm;\" align=\"justify\">\n<span lang=\"fr-FR\"><font size=\"3\"><font face=\"Apple Garamond\">L\u2019antipode<br>\net l\u2019antidote du fas\u00adcisme, c\u2019est l\u2019esprit lib\u00e9\u00adral&nbsp;et<br>\nliber\u00adtaire\u200a\u2014\u200ac\u2019est&nbsp;\u00e0&nbsp;dire le sens de&nbsp;la<br>\nres\u00adpon\u00adsa\u00adbi\u00adli\u00adt\u00e9, de la r\u00e9ci\u00adpro\u00adci\u00adt\u00e9,&nbsp;de<br>\nl\u2019\u00e9quilibre et de l\u2019autonomie des per\u00adsonnes\u200a\u2014\u200atel qu\u2019il<br>\nse d\u00e9ve\u00adloppe au sein d\u2019une soci\u00e9t\u00e9<br>\nindi\u00advi\u00addua\u00adtrice d\u2019hommes et de femmes \u00e9le\u00adv\u00e9s hors&nbsp;des<br>\ngros\u00adsiers app\u00e9\u00adtits du pou\u00advoir, dans la liber\u00adt\u00e9 et&nbsp;pour<br>\nla liber\u00adt\u00e9. L\u2019anarchisme bien con\u00e7u&nbsp;tend<br>\nnatu\u00adrel\u00adle\u00adment \u00e0 g\u00e9n\u00e9\u00adra\u00adli\u00adser \u00e0 l\u2019humanit\u00e9<br>\ntout enti\u00e8re les m\u0153urs et les droits de cette&nbsp;\u00e9lite<br>\nd\u2019individualit\u00e9s pen\u00adsantes et agis\u00adsantes. Le fas\u00adcisme&nbsp;tend<br>\npr\u00e9\u00adci\u00ads\u00e9\u00adment \u00e0 l\u2019an\u00e9antir, et&nbsp;\u00e0<br>\nb\u00e2tir l\u2019\u00e9difice social sur le plus grand commun<br>\nd\u00e9no\u00admi\u00adna\u00adteur de l\u2019humain in\u00e9vo\u00adlu\u00e9\u200a\u2014\u200ala<br>\nvolon\u00adt\u00e9 de puis\u00adsance ali\u00e9\u00adn\u00e9e et socialis\u00e9e<br>\nen volon\u00adt\u00e9 col\u00adlec\u00adtive de servitude.<\/font><\/font><\/span><\/p>\n<p style=\"margin-right: 0.67cm; text-indent: 1.52cm; margin-bottom: 0cm;\" align=\"justify\" lang=\"fr-FR\">\n<font face=\"Apple Garamond\"><font size=\"3\"><b>Andr\u00e9 Prud\u00adhom\u00admeaux<\/b><\/font><\/font><\/p>\n","protected":false},"excerpt":{"rendered":"<p>\u00ab&nbsp;Le fas\u00adcisme ne pas\u00adse\u00adra pas&nbsp;!&nbsp;\u00bb Ce slo\u00adgan, relan\u00adc\u00e9 par le Krem\u00adlin avec une orches\u00adtra\u00adtion puis\u00adsante et repris en&nbsp;ch\u0153ur pas les PC de tous les pays est d\u2019autant plus effi\u00adcace, semble&nbsp;t\u2019il, qu\u2019il reste plus vague. L\u2019adversaire n\u2019est pas d\u00e9si\u00adgn\u00e9 nom\u00adm\u00e9\u00adment, ce qui per\u00admet&nbsp;\u00e0 cha\u00adcun de le situer par l\u2019imagination selon ses int\u00e9\u00adr\u00eats, ses pr\u00e9\u00adju\u00adg\u00e9s, ou&nbsp;ses&nbsp;[\u2026]<\/p>\n","protected":false},"author":1,"featured_media":0,"comment_status":"closed","ping_status":"closed","sticky":false,"template":"","format":"standard","meta":{"wp_typography_post_enhancements_disabled":false,"footnotes":""},"categories":[113],"tags":[],"ppma_author":[540],"class_list":["post-963","post","type-post","status-publish","format-standard","hentry","category-temoins-n15-16-hiver-automne-1957"],"authors":[{"term_id":540,"user_id":1,"is_guest":0,"slug":"admin_3gikpwyf","display_name":"Vincent Dubuc","avatar_url":"https:\/\/secure.gravatar.com\/avatar\/d015720652c25fd2ced191ade86430094e1f288a17483713e3b34d26dea52507?s=96&d=mm&r=g","author_category":"","user_url":"https:\/\/la-presse-anarchiste.net","last_name":"Dubuc","first_name":"Vincent","job_title":"","description":""}],"_links":{"self":[{"href":"https:\/\/la-presse-anarchiste.net\/index.php\/wp-json\/wp\/v2\/posts\/963","targetHints":{"allow":["GET"]}}],"collection":[{"href":"https:\/\/la-presse-anarchiste.net\/index.php\/wp-json\/wp\/v2\/posts"}],"about":[{"href":"https:\/\/la-presse-anarchiste.net\/index.php\/wp-json\/wp\/v2\/types\/post"}],"author":[{"embeddable":true,"href":"https:\/\/la-presse-anarchiste.net\/index.php\/wp-json\/wp\/v2\/users\/1"}],"replies":[{"embeddable":true,"href":"https:\/\/la-presse-anarchiste.net\/index.php\/wp-json\/wp\/v2\/comments?post=963"}],"version-history":[{"count":0,"href":"https:\/\/la-presse-anarchiste.net\/index.php\/wp-json\/wp\/v2\/posts\/963\/revisions"}],"wp:attachment":[{"href":"https:\/\/la-presse-anarchiste.net\/index.php\/wp-json\/wp\/v2\/media?parent=963"}],"wp:term":[{"taxonomy":"category","embeddable":true,"href":"https:\/\/la-presse-anarchiste.net\/index.php\/wp-json\/wp\/v2\/categories?post=963"},{"taxonomy":"post_tag","embeddable":true,"href":"https:\/\/la-presse-anarchiste.net\/index.php\/wp-json\/wp\/v2\/tags?post=963"},{"taxonomy":"author","embeddable":true,"href":"https:\/\/la-presse-anarchiste.net\/index.php\/wp-json\/wp\/v2\/ppma_author?post=963"}],"curies":[{"name":"wp","href":"https:\/\/api.w.org\/{rel}","templated":true}]}}