{"id":97,"date":"2007-02-02T22:24:11","date_gmt":"2007-02-02T22:24:11","guid":{"rendered":"https:\/\/la-presse-anarchiste.net\/index.php\/2007\/02\/02\/les-anarchistes-sont-ils-des-socialistes\/"},"modified":"2007-02-02T22:24:11","modified_gmt":"2007-02-02T22:24:11","slug":"les-anarchistes-sont-ils-des-socialistes","status":"publish","type":"post","link":"https:\/\/la-presse-anarchiste.net\/index.php\/2007\/02\/02\/les-anarchistes-sont-ils-des-socialistes\/","title":{"rendered":"Les anarchistes sont-ils des socialistes&nbsp;?"},"content":{"rendered":"<div class=\"pdfprnt-buttons pdfprnt-buttons-post pdfprnt-top-right\"><a href=\"https:\/\/la-presse-anarchiste.net\/index.php\/wp-json\/wp\/v2\/posts\/97?print=pdf\" class=\"pdfprnt-button pdfprnt-button-pdf\" target=\"_blank\"><img decoding=\"async\" src=\"https:\/\/la-presse-anarchiste.net\/wp-content\/plugins\/pdf-print\/images\/pdf.png\" alt=\"image_pdf\" title=\"Afficher le PDF\"><\/a><a href=\"https:\/\/la-presse-anarchiste.net\/index.php\/wp-json\/wp\/v2\/posts\/97?print=print\" class=\"pdfprnt-button pdfprnt-button-print\" target=\"_blank\"><img decoding=\"async\" src=\"https:\/\/la-presse-anarchiste.net\/wp-content\/plugins\/pdf-print\/images\/print.png\" alt=\"image_print\" title=\"Contenu imprim\u00e9\"><\/a><\/div><div align=\"justify\">&nbsp;&nbsp;&nbsp; Pour mainte per\u00adsonne, cette ques\u00adtion sem\u00adble\u00adra oiseuse&nbsp;: les unes pen\u00adsant qu\u2019il y a anti\u00adno\u00admie abso\u00adlue entre le socia\u00adlisme et l\u2019a\u00adnar\u00adchisme&nbsp;; les autres ne conce\u00advant pas l\u2019a\u00adnar\u00adchisme hors du socialisme.&nbsp;\n<p>&nbsp;&nbsp;&nbsp; De la diver\u00adsi\u00adt\u00e9 des opi\u00adnions sur ce sujet r\u00e9sulte l\u2019in\u00adt\u00e9\u00adr\u00eat qu\u2019il y a pour le socio\u00adlogue \u00e0 \u00e9lu\u00adci\u00adder la ques\u00adtion. La r\u00e9soudre ne se peut ni par de dog\u00adma\u00adtiques et pas\u00adsion\u00adn\u00e9es affir\u00adma\u00adtions ni par d\u2019a\u00adchar\u00adn\u00e9es d\u00e9n\u00e9gations.&nbsp;<\/p>\n<p>&nbsp;&nbsp;&nbsp; Dire comme cer\u00adtains d\u00e9fen\u00adseurs de l\u2019ordre capi\u00adta\u00adliste, dans le but avou\u00e9 de d\u00e9con\u00adsi\u00add\u00e9\u00adrer le socia\u00adlisme&nbsp;: \u00ab&nbsp;Les anar\u00adchistes sont des socia\u00adlistes.&nbsp;\u00bb Dire comme cer\u00adtains socia\u00adlistes dans le but non moins avou\u00e9 d\u2019emp\u00eacher la d\u00e9con\u00adsi\u00add\u00e9\u00adra\u00adtion de les atteindre et, en m\u00eame temps, de d\u00e9con\u00adsi\u00add\u00e9\u00adrer les anar\u00adchistes&nbsp;: \u00ab&nbsp;Nous n\u2019a\u00advons rien de com\u00admun avec les anar\u00adchistes, qui sont ou des fous ou des mou\u00adchards&nbsp;\u00bb&nbsp;; c\u2019est, dis-je, \u00e9mettre des affir\u00adma\u00adtions sans valeur. Elles peuvent ser\u00advir aux indi\u00advi\u00addus qui attaquent ou d\u00e9fendent un par\u00adti, qui pro\u00adpa\u00adgan\u00addisent en faveur d\u2019un par\u00adti&nbsp;; mais jamais elles n\u2019a\u00adgr\u00e9e\u00adront aux hommes qui recherchent impar\u00adtia\u00adle\u00adment la v\u00e9ri\u00adt\u00e9 sans se sou\u00adcier de son uti\u00adli\u00adt\u00e9 ou de sa nui\u00adsance pour eux ou pour les autres. Donc, qui a rai\u00adson de ceux qui pr\u00e9\u00adtendent que les anar\u00adchistes sont socia\u00adlistes ou de ceux qui sou\u00adtiennent le contraire&nbsp;?&nbsp;<\/p>\n<p>&nbsp;&nbsp;&nbsp; Les uns et les autres ont rai\u00adson, car il y a anar\u00adchistes et anarchistes.&nbsp;<\/p>\n<p>&nbsp;&nbsp;&nbsp; D\u2019au\u00adcuns prennent ce titre et ne sont nul\u00adle\u00adment socialistes.&nbsp;<\/p>\n<p>&nbsp;&nbsp;&nbsp; Ce sont, par exemple, les adeptes de la doc\u00adtrine de Tucker. Peu nom\u00adbreux en Am\u00e9\u00adrique et en Grande-Bre\u00adtagne, ils ne sont en France que quelques dizaines, bien qu\u2019ils aient un livre, <em>Anar\u00adchistes<\/em>, de J. H. Mac\u00adkay o\u00f9 se peuvent lire leurs doc\u00adtrines. En Ita\u00adlie, en Espagne, leur nombre est infi\u00adni\u00adt\u00e9\u00adsi\u00admal si tant est qu\u2019il y en ait. Les sui\u00advants de Tucker sont des indi\u00advi\u00addua\u00adlistes purs qui ne se recrutent gu\u00e8re que dans les milieux exclu\u00adsi\u00adve\u00adment lit\u00adt\u00e9\u00adraires, ce sont les dilet\u00adtan\u00adti de l\u2019anarchie.&nbsp;<\/p>\n<p>&nbsp;&nbsp;&nbsp; Nous pou\u00advons aus\u00adsi dis\u00adtin\u00adguer ceux qui, de la doc\u00adtrine ne connais\u00adsant que le nom, ne voient dans l\u2019a\u00adnar\u00adchie qu\u2019un cri de r\u00e9volte.&nbsp;<\/p>\n<p>&nbsp;&nbsp;&nbsp; D\u2019autres encore se couvrent de l\u2019\u00e9\u00adti\u00adquette afin de don\u00adner \u00e0 leurs actes immo\u00adraux un sem\u00adblant de rai\u00adson et au besoin cher\u00adcher \u00e0 faire excu\u00adser leur conduite.&nbsp;<\/p>\n<p>&nbsp;&nbsp;&nbsp; Ces indi\u00advi\u00addus, pas plus que les adeptes de Tucker, pas plus que les sim\u00adple\u00adment r\u00e9vol\u00adt\u00e9s, ne sont des socialistes.&nbsp;<\/p>\n<p>&nbsp;&nbsp;&nbsp; Mais il est des anar\u00adchistes, et d\u2019a\u00adpr\u00e8s nos connais\u00adsances ce sont les plus nom\u00adbreux, qui se disent net\u00adte\u00adment socialistes.&nbsp;<\/p>\n<p>&nbsp;&nbsp;&nbsp; Ils pensent que l\u2019a\u00adnar\u00adchisme est une frac\u00adtion du socia\u00adlisme, de m\u00eame que le cal\u00advi\u00adnisme est une frac\u00adtion du chris\u00adtia\u00adnisme. Au socia\u00adlisme d\u2019\u00c9\u00adtat ou socia\u00adlisme auto\u00adri\u00adtaire, actuel\u00adle\u00adment repr\u00e9\u00adsen\u00adt\u00e9 par les social-d\u00e9mo\u00adcrates en tous pays, ils opposent le socia\u00adlisme liber\u00adtaire repr\u00e9\u00adsen\u00adt\u00e9 par les anar\u00adchistes et d\u2019autres plus nom\u00adbreux encore qui n\u2019ac\u00adceptent pas l\u2019\u00e9\u00adpi\u00adth\u00e8te anar\u00adchiste quoi\u00adqu\u2019ils soient de r\u00e9els adeptes de la doc\u00adtrine. Ce n\u2019est point l\u00e0 une affir\u00adma\u00adtion banale, faite dans un sou\u00adci quel\u00adconque de pro\u00adpa\u00adgande qui \u00e0 nous, cher\u00adcheur de v\u00e9ri\u00adt\u00e9, ne nous importe que peu. C\u2019est l\u2019af\u00adfir\u00adma\u00adtion d\u2019une v\u00e9ri\u00adt\u00e9 ais\u00e9\u00adment prou\u00adv\u00e9e par la lec\u00adture des bro\u00adchures de pro\u00adpa\u00adgande en quelque langue qu\u2019elles soient \u00e9crites.&nbsp;<\/p>\n<p>&nbsp;&nbsp;&nbsp;&nbsp;\u00c0 Chi\u00adca\u00adgo, en 1887, des hommes furent pen\u00addus pour crime d\u2019a\u00adnar\u00adchie. Or, l\u2019un d\u2019eux, Spies, pr\u00e9\u00adten\u00addait en sa d\u00e9fense que l\u2019a\u00adnar\u00adchie c\u2019est l\u2019as\u00adso\u00adcia\u00adtion volon\u00adtaire ou uni\u00adver\u00adselle fra\u00adter\u00adni\u00adt\u00e9. \u00ab&nbsp;ANARCHIE OU SOCIALISME, s\u2019\u00e9\u00adcriait-il, veut dire r\u00e9or\u00adga\u00adni\u00adsa\u00adtion de la soci\u00e9\u00adt\u00e9 sur des prin\u00adcipes scien\u00adti\u00adfiques et abo\u00adli\u00adtion des causes qui pro\u00adduisent vices et crimes\u2026 Nous ne sommes pas assoif\u00adf\u00e9s de sang. Nous ne sommes pas des b\u00eates. Nous ne serions pas des socia\u00adlistes si nous \u00e9tions des&nbsp;b\u00eates\u2026&nbsp;\u00bb&nbsp;<\/p>\n<p>&nbsp;&nbsp;&nbsp; Un autre anar\u00adchiste, Michael Schwab, cla\u00admait devant ses juges&nbsp;: \u00ab&nbsp;Socia\u00adlisme signi\u00adfie que le peuple pos\u00ads\u00e9\u00adde\u00adra en com\u00admun sol et machines.&nbsp;\u00bb&nbsp;<\/p>\n<p>&nbsp;&nbsp;&nbsp; Mala\u00adtes\u00adta, un des pro\u00adta\u00adgo\u00adnistes de l\u2019a\u00adnar\u00adchisme, a, en un petit chef-d\u2019oeuvre de clar\u00adt\u00e9 et de pr\u00e9\u00adci\u00adsion, <em>The Anar\u00adchy<\/em> , publi\u00e9 \u00e0 Londres par le groupe <em>Free\u00addom<\/em> dont Kro\u00adpot\u00adkine \u00e9tait membre, a, disons-nous, \u00e9crit ces lignes&nbsp;:&nbsp;<\/p>\n<p>&nbsp;&nbsp;&nbsp; \u00ab&nbsp;Le <em>socia\u00adlisme anar\u00adchique<\/em> a pour base et n\u00e9ces\u00adsaire point de d\u00e9part l\u2019\u00e9\u00adga\u00adli\u00adt\u00e9 des condi\u00adtions, sa fin est la soli\u00adda\u00adri\u00adt\u00e9&nbsp;; sa m\u00e9thode est la libert\u00e9.&nbsp;\u00bb&nbsp;<\/p>\n<p>&nbsp;&nbsp;&nbsp; Qu\u2019on veuille se don\u00adner la peine de lire quelques-unes des oeuvres de Kro\u00adpot\u00adkine (les <em>Paroles d\u2019un R\u00e9vol\u00adt\u00e9<\/em>, la <em>Conqu\u00eate du Pain<\/em>, la <em>Morale anar\u00adchiste<\/em>, etc.) ou encore la <em>Soci\u00e9\u00adt\u00e9 mou\u00adrante et l\u2019a\u00adnar\u00adchie<\/em>, de Jean Grave&nbsp;; qu\u2019on par\u00adcoure <em>An anar\u00adchist <\/em>ou <em>The anar\u00adchy<\/em> de Reclus&nbsp;; <em>les Anar\u00adchistes et ce qu\u2019ils veulent<\/em> d\u2019un groupe suisse, etc, alors on ver\u00adra net\u00adte\u00adment que ces anar\u00adchistes sont des socia\u00adlistes. Leur cri\u00adtique de la forme sociale actuelle est la m\u00eame que la cri\u00adtique des autres frac\u00adtions du socia\u00adlisme, la m\u00eame que celle des social-d\u00e9mo\u00adcrates. Leur id\u00e9a\u00adtion d\u2019une forme sociale nou\u00advelle dif\u00adf\u00e8re seule de l\u2019i\u00add\u00e9a\u00adtion des autres \u00e9coles socia\u00adlistes et encore cette dif\u00adf\u00e9\u00adren\u00adcia\u00adtion est rela\u00adti\u00adve\u00adment minime\u200a\u2014\u200ale prin\u00adcipe liber\u00adt\u00e9 est sub\u00adsti\u00adtu\u00e9 au prin\u00adcipe auto\u00adri\u00adt\u00e9\u200a\u2014\u200acar pour beau\u00adcoup elle n\u2019exis\u00adte\u00adrait pas si le fac\u00adteur Temps \u00e9tait \u00e9limin\u00e9.&nbsp;<\/p>\n<p>&nbsp;&nbsp;&nbsp; Les anar\u00adchistes sont si r\u00e9el\u00adle\u00adment socia\u00adlistes qu\u2019en Ita\u00adlie, en Espagne, il n\u2019est que fort peu de socia\u00adlistes qui ne soient pas anar\u00adchistes, c\u2019est-\u00e0-dire liber\u00adtaires. Les bro\u00adchures de pro\u00adpa\u00adgande comme <em>Pri\u00admo Pas\u00adso all\u2019 anar\u00adchia<\/em> de Edoar\u00addo Mila\u00adno parlent tou\u00adjours des socia\u00adlistes anar\u00adchistes&nbsp;; le livre <em>Segun\u00addo cer\u00adta\u00admen socia\u00adlis\u00adta<\/em> en Espagne pro\u00adpage l\u2019a\u00adnar\u00adchie avec les \u00e9tudes fort belles de Ricar\u00addo&nbsp;Mella.&nbsp;<\/p>\n<p>&nbsp;&nbsp;&nbsp; En Grande-Bre\u00adtagne, une des bro\u00adchures de pro\u00adpa\u00adgande les plus r\u00e9pan\u00addues est <em>The Chi\u00adca\u00adgo Mar\u00adtyrs,<\/em> o\u00f9 figurent les plai\u00addoi\u00adries de Spies, Par\u00adsons, etc., qui s\u2019af\u00adfir\u00adm\u00e8rent socialistes.&nbsp;<\/p>\n<p>&nbsp;&nbsp;&nbsp; Le jour\u00adnal <em>The Liber\u00adty<\/em> qui s\u2019in\u00adti\u00adtule anar\u00adchiste publie des bro\u00adchures de pro\u00adpa\u00adgande de Ber\u00adnard Shaw, un social d\u00e9mo\u00adcrate&nbsp;; de William Mor\u00adris, le fon\u00adda\u00adteur de la <em>Socia\u00adlist League<\/em>, etc.   \t<\/p>\n<p>&nbsp;&nbsp;&nbsp; En Alle\u00admagne, l\u2019or\u00adgane anar\u00adchiste fut <em>Der Sozia\u00adlist<\/em>.   \t<\/p>\n<p>&nbsp;&nbsp;&nbsp; Si on lit <em>The Soli\u00adda\u00adri\u00adty<\/em> de New-York&nbsp;; <em>l\u2019A\u00admi des ouvriers<\/em> de Has\u00adtings, <em>The Fire Brand<\/em> de Port\u00adland on, constate aus\u00adsi le socia\u00adlisme des \u00e9crits y contenus.&nbsp;<\/p>\n<p>&nbsp;&nbsp;&nbsp; Donc, nous pen\u00adsons qu\u2019on ne peut rai\u00adson\u00adna\u00adble\u00adment d\u00e9nier \u00e0 cer\u00adtains anar\u00adchistes\u200a\u2014\u200ales plus nom\u00adbreux.\u200a\u2014\u200ale droit de s\u2019ap\u00adpe\u00adler socia\u00adlistes. Les \u0153uvres des th\u00e9o\u00adri\u00adciens et des pro\u00adpa\u00adgan\u00addistes le prouvent p\u00e9remp\u00adtoi\u00adre\u00adment.   \tNous pour\u00adrions encore le prou\u00adver en enqu\u00ea\u00adtant pr\u00e8s des anar\u00adchistes adeptes de ces doc\u00adtrines. Les r\u00e9ponses que nous e\u00fbmes pour \u00e9ta\u00adblir notre <em>Psy\u00adcho\u00adlo\u00adgie de l\u2019a\u00adnar\u00adchiste socia\u00adliste<\/em> nous per\u00admettent cette affirmation.&nbsp;<\/p>\n<p>&nbsp;&nbsp;&nbsp; Quoi qu\u2019en disent cer\u00adtains doc\u00adtri\u00adnaires ou pol\u00e9\u00admistes du socia\u00adlisme auto\u00adri\u00adtaire, les anar\u00adchistes com\u00admu\u00adnistes ou col\u00adlec\u00adti\u00advistes, c\u2019est-\u00e0-dire ceux qui se rat\u00adtachent aux th\u00e9o\u00adries expo\u00ads\u00e9es et d\u00e9fen\u00addues par les Bakou\u00adnine, les Reclus, les Cafie\u00adro, les Kro\u00adpot\u00adkine, les Mala\u00adtes\u00adta, les Par\u00adsons, les Spies, les Mala\u00adto, les Mel\u00adla, etc. sont des socia\u00adlistes. C\u2019est l\u00e0 une v\u00e9ri\u00adt\u00e9 que le socio\u00adlogue ne peut pas ne pas reconna\u00eetre.&nbsp;<\/p>\n<p>A. Hamon<\/p><\/div>\n","protected":false},"excerpt":{"rendered":"<p>&nbsp;&nbsp;&nbsp; Pour mainte per\u00adsonne, cette ques\u00adtion sem\u00adble\u00adra oiseuse&nbsp;: les unes pen\u00adsant qu\u2019il y a anti\u00adno\u00admie abso\u00adlue entre le socia\u00adlisme et l\u2019a\u00adnar\u00adchisme&nbsp;; les autres ne conce\u00advant pas l\u2019a\u00adnar\u00adchisme hors du socia\u00adlisme.&nbsp; &nbsp;&nbsp;&nbsp; De la diver\u00adsi\u00adt\u00e9 des opi\u00adnions sur ce sujet r\u00e9sulte l\u2019in\u00adt\u00e9\u00adr\u00eat qu\u2019il y a pour le socio\u00adlogue \u00e0 \u00e9lu\u00adci\u00adder la ques\u00adtion. La r\u00e9soudre ne&nbsp;se&nbsp;[\u2026]<\/p>\n","protected":false},"author":1,"featured_media":0,"comment_status":"closed","ping_status":"closed","sticky":false,"template":"","format":"standard","meta":{"wp_typography_post_enhancements_disabled":false,"footnotes":""},"categories":[13],"tags":[],"ppma_author":[540],"class_list":["post-97","post","type-post","status-publish","format-standard","hentry","category-les-temps-nouveaux-na2-du-11-au-17-mai-1895"],"authors":[{"term_id":540,"user_id":1,"is_guest":0,"slug":"admin_3gikpwyf","display_name":"Vincent Dubuc","avatar_url":"https:\/\/secure.gravatar.com\/avatar\/d015720652c25fd2ced191ade86430094e1f288a17483713e3b34d26dea52507?s=96&d=mm&r=g","author_category":"","user_url":"https:\/\/la-presse-anarchiste.net","last_name":"Dubuc","first_name":"Vincent","job_title":"","description":""}],"_links":{"self":[{"href":"https:\/\/la-presse-anarchiste.net\/index.php\/wp-json\/wp\/v2\/posts\/97","targetHints":{"allow":["GET"]}}],"collection":[{"href":"https:\/\/la-presse-anarchiste.net\/index.php\/wp-json\/wp\/v2\/posts"}],"about":[{"href":"https:\/\/la-presse-anarchiste.net\/index.php\/wp-json\/wp\/v2\/types\/post"}],"author":[{"embeddable":true,"href":"https:\/\/la-presse-anarchiste.net\/index.php\/wp-json\/wp\/v2\/users\/1"}],"replies":[{"embeddable":true,"href":"https:\/\/la-presse-anarchiste.net\/index.php\/wp-json\/wp\/v2\/comments?post=97"}],"version-history":[{"count":0,"href":"https:\/\/la-presse-anarchiste.net\/index.php\/wp-json\/wp\/v2\/posts\/97\/revisions"}],"wp:attachment":[{"href":"https:\/\/la-presse-anarchiste.net\/index.php\/wp-json\/wp\/v2\/media?parent=97"}],"wp:term":[{"taxonomy":"category","embeddable":true,"href":"https:\/\/la-presse-anarchiste.net\/index.php\/wp-json\/wp\/v2\/categories?post=97"},{"taxonomy":"post_tag","embeddable":true,"href":"https:\/\/la-presse-anarchiste.net\/index.php\/wp-json\/wp\/v2\/tags?post=97"},{"taxonomy":"author","embeddable":true,"href":"https:\/\/la-presse-anarchiste.net\/index.php\/wp-json\/wp\/v2\/ppma_author?post=97"}],"curies":[{"name":"wp","href":"https:\/\/api.w.org\/{rel}","templated":true}]}}