{"id":9757,"date":"2025-08-09T09:06:26","date_gmt":"2025-08-09T09:06:26","guid":{"rendered":"https:\/\/la-presse-anarchiste.net\/?p=9757"},"modified":"2025-08-09T11:18:05","modified_gmt":"2025-08-09T11:18:05","slug":"lordre-regne","status":"publish","type":"post","link":"https:\/\/la-presse-anarchiste.net\/index.php\/2025\/08\/09\/lordre-regne\/","title":{"rendered":"L\u2019\u00abordre&nbsp;\u00bb&nbsp;R\u00e8gne"},"content":{"rendered":"<div class=\"pdfprnt-buttons pdfprnt-buttons-post pdfprnt-top-right\"><a href=\"https:\/\/la-presse-anarchiste.net\/index.php\/wp-json\/wp\/v2\/posts\/9757?print=pdf\" class=\"pdfprnt-button pdfprnt-button-pdf\" target=\"_blank\"><img decoding=\"async\" src=\"https:\/\/la-presse-anarchiste.net\/wp-content\/plugins\/pdf-print\/images\/pdf.png\" alt=\"image_pdf\" title=\"Afficher le PDF\"><\/a><a href=\"https:\/\/la-presse-anarchiste.net\/index.php\/wp-json\/wp\/v2\/posts\/9757?print=print\" class=\"pdfprnt-button pdfprnt-button-print\" target=\"_blank\"><img decoding=\"async\" src=\"https:\/\/la-presse-anarchiste.net\/wp-content\/plugins\/pdf-print\/images\/print.png\" alt=\"image_print\" title=\"Contenu imprim\u00e9\"><\/a><\/div><p style=\"text-align: justify;\">Du nou\u00adveau aujourd\u2019\u00adhui avec les cha\u00adpitre XIV et XV des <em>m\u00e9moires d\u2019un liber\u00adtaire<\/em> de Charles Malato.&nbsp;<\/p>\n<p style=\"text-align: justify;\">Triste cha\u00adpitre XIV qui voit l\u2019\u00e9\u00adcra\u00adse\u00adment de la Com\u00admune, le mas\u00adsacre des f\u00e9d\u00e9\u00adr\u00e9s par les tenants de l\u2019\u00abordre&nbsp;\u00bb assoif\u00adf\u00e9s de sang. Charles et sa famille se cachent, tant bien que mal. Papa balance ses galons, ses car\u00adtouches et joue au bon p\u00e8re de famille bour\u00adgeoise. Par\u00adtout les cadavres et les ruines\u2026 Dans les m\u00eames cir\u00adcons\u00adtances aujourd\u2019\u00adhui que ferions-nous&nbsp;? Serions-nous du der\u00adnier car\u00adr\u00e9 des f\u00e9d\u00e9\u00adr\u00e9s&nbsp;? De ceux qui sauvent leur peau devant l\u2019\u00e9\u00adchec fla\u00adgrant puisque, apr\u00e8s tout, une cause\u200a\u2014\u200aaus\u00adsi magni\u00adfique soit-elle\u200a\u2014\u200ane peut \u00eatre por\u00adt\u00e9e que par des vivants&nbsp;? Ou, plus r\u00e9a\u00adliste, de la masse des atten\u00adtistes pr\u00eats \u00e0 se ral\u00adlier au vain\u00adqueur du&nbsp;jour&nbsp;?<\/p>\n<p style=\"text-align: justify;\">Par contre, une de mes cer\u00adti\u00adtudes abso\u00adlue est que, dans les m\u00eames cir\u00adcons\u00adtances aujourd\u2019\u00adhui il y aurait encore un Mac-Mahon, un de Cis\u00adsey, un Thiers, etc. pour ordon\u00adner le mas\u00adsacre et une palan\u00adqu\u00e9e de salops pour ex\u00e9\u00adcu\u00adter les ordres. C\u2019est d\u2019ailleurs un point sou\u00advent abor\u00add\u00e9s mais rare\u00adment appro\u00adfon\u00addi de la th\u00e9o\u00adrie anar\u00adchiste&nbsp;: le pro\u00adbl\u00e8me prin\u00adci\u00adpal ce n\u2019est pas ceux qui donnent les ordres&nbsp;; le pro\u00adbl\u00e8me c\u2019est avant tout ceux qui ob\u00e9issent. Ceux-l\u00e0 sont nos vrais enne\u00admis, qu\u2019ils soient Ver\u00adsaillais hier, CRS ou flics aujourd\u2019hui.<\/p>\n<p>Le cha\u00adpitre XV voit s\u2019af\u00adfir\u00admer le carac\u00adt\u00e8re de maman Mala\u00adto, les pro\u00adc\u00e9\u00addures judi\u00adciaires tor\u00addues pour venir \u00e0 bout de papa Mala\u00adto. Avec des parents pareils, il n\u2019est pas \u00e9ton\u00adnant que le petit Charles ait pen\u00adch\u00e9 du mau\u00advais c\u00f4t\u00e9\u2026 Pour l\u2019ins\u00adtant, la petite famille prend le large vers la \u00ab&nbsp;Nouvelle&nbsp;\u00bb.<\/p>\n<p>Vous trou\u00adve\u00adrez ces cha\u00adpitres dans la rubrique <a href=\"https:\/\/la-presse-anarchiste.net\/index.php\/varia\/\">Varia<\/a> du&nbsp;site.<\/p>\n","protected":false},"excerpt":{"rendered":"<p>Du nou\u00adveau aujourd\u2019\u00adhui avec les cha\u00adpitre XIV et XV des m\u00e9moires d\u2019un liber\u00adtaire de Charles Mala\u00adto.&nbsp; Triste cha\u00adpitre XIV qui voit l\u2019\u00e9\u00adcra\u00adse\u00adment de la Com\u00admune, le mas\u00adsacre des f\u00e9d\u00e9\u00adr\u00e9s par les tenants de l\u2019\u00abordre&nbsp;\u00bb assoif\u00adf\u00e9s de sang. Charles et sa famille se cachent, tant bien que mal. Papa balance ses galons, ses car\u00adtouches et&nbsp;joue&nbsp;[\u2026]<\/p>\n","protected":false},"author":1,"featured_media":0,"comment_status":"closed","ping_status":"closed","sticky":true,"template":"wp-custom-template-page-d-article","format":"standard","meta":{"wp_typography_post_enhancements_disabled":false,"footnotes":""},"categories":[1],"tags":[],"ppma_author":[540],"class_list":["post-9757","post","type-post","status-publish","format-standard","hentry","category-uncategorized"],"authors":[{"term_id":540,"user_id":1,"is_guest":0,"slug":"admin_3gikpwyf","display_name":"Vincent Dubuc","avatar_url":"https:\/\/secure.gravatar.com\/avatar\/d015720652c25fd2ced191ade86430094e1f288a17483713e3b34d26dea52507?s=96&d=mm&r=g","author_category":"","user_url":"https:\/\/la-presse-anarchiste.net","last_name":"Dubuc","first_name":"Vincent","job_title":"","description":""}],"_links":{"self":[{"href":"https:\/\/la-presse-anarchiste.net\/index.php\/wp-json\/wp\/v2\/posts\/9757","targetHints":{"allow":["GET"]}}],"collection":[{"href":"https:\/\/la-presse-anarchiste.net\/index.php\/wp-json\/wp\/v2\/posts"}],"about":[{"href":"https:\/\/la-presse-anarchiste.net\/index.php\/wp-json\/wp\/v2\/types\/post"}],"author":[{"embeddable":true,"href":"https:\/\/la-presse-anarchiste.net\/index.php\/wp-json\/wp\/v2\/users\/1"}],"replies":[{"embeddable":true,"href":"https:\/\/la-presse-anarchiste.net\/index.php\/wp-json\/wp\/v2\/comments?post=9757"}],"version-history":[{"count":4,"href":"https:\/\/la-presse-anarchiste.net\/index.php\/wp-json\/wp\/v2\/posts\/9757\/revisions"}],"predecessor-version":[{"id":9764,"href":"https:\/\/la-presse-anarchiste.net\/index.php\/wp-json\/wp\/v2\/posts\/9757\/revisions\/9764"}],"wp:attachment":[{"href":"https:\/\/la-presse-anarchiste.net\/index.php\/wp-json\/wp\/v2\/media?parent=9757"}],"wp:term":[{"taxonomy":"category","embeddable":true,"href":"https:\/\/la-presse-anarchiste.net\/index.php\/wp-json\/wp\/v2\/categories?post=9757"},{"taxonomy":"post_tag","embeddable":true,"href":"https:\/\/la-presse-anarchiste.net\/index.php\/wp-json\/wp\/v2\/tags?post=9757"},{"taxonomy":"author","embeddable":true,"href":"https:\/\/la-presse-anarchiste.net\/index.php\/wp-json\/wp\/v2\/ppma_author?post=9757"}],"curies":[{"name":"wp","href":"https:\/\/api.w.org\/{rel}","templated":true}]}}