{"id":989,"date":"2007-11-02T22:26:11","date_gmt":"2007-11-02T22:26:11","guid":{"rendered":"https:\/\/la-presse-anarchiste.net\/index.php\/2007\/11\/02\/un-homme-de-pensee-et-daction-au-service-de-la-verite-et-de-la-liberte\/"},"modified":"2007-11-02T22:26:11","modified_gmt":"2007-11-02T22:26:11","slug":"un-homme-de-pensee-et-daction-au-service-de-la-verite-et-de-la-liberte","status":"publish","type":"post","link":"https:\/\/la-presse-anarchiste.net\/index.php\/2007\/11\/02\/un-homme-de-pensee-et-daction-au-service-de-la-verite-et-de-la-liberte\/","title":{"rendered":"Un homme de pens\u00e9e et d\u2019action au service de la v\u00e9rit\u00e9 et de la libert\u00e9"},"content":{"rendered":"<div class=\"pdfprnt-buttons pdfprnt-buttons-post pdfprnt-top-right\"><a href=\"https:\/\/la-presse-anarchiste.net\/index.php\/wp-json\/wp\/v2\/posts\/989?print=pdf\" class=\"pdfprnt-button pdfprnt-button-pdf\" target=\"_blank\"><img decoding=\"async\" src=\"https:\/\/la-presse-anarchiste.net\/wp-content\/plugins\/pdf-print\/images\/pdf.png\" alt=\"image_pdf\" title=\"Afficher le PDF\"><\/a><a href=\"https:\/\/la-presse-anarchiste.net\/index.php\/wp-json\/wp\/v2\/posts\/989?print=print\" class=\"pdfprnt-button pdfprnt-button-print\" target=\"_blank\"><img decoding=\"async\" src=\"https:\/\/la-presse-anarchiste.net\/wp-content\/plugins\/pdf-print\/images\/print.png\" alt=\"image_print\" title=\"Contenu imprim\u00e9\"><\/a><\/div><p style=\"margin-right: 0.87cm; text-indent: 1.54cm; margin-bottom: 0cm;\" align=\"justify\">\n<font face=\"Garamond\"><font style=\"font-size: 13pt;\" size=\"3\"><span lang=\"fr-FR\">Sur<br>\nle plan id\u00e9o\u00adlo\u00adgique nous avons sui\u00advi, Vic\u00adtor Serge et moi,&nbsp;des<br>\ntra\u00adjec\u00adtoires paral\u00adl\u00e8les. Depuis l\u2019\u00e9\u00adpoque de sa sortie<br>\nde l\u2019URSS, en 1936, jus\u00adqu\u2019\u00e0 sa mort \u00e0 Mexi\u00adco, en&nbsp;1947,<br>\nnotre iden\u00adti\u00adt\u00e9 de pen\u00ads\u00e9e et notre uni\u00adt\u00e9 d\u2019action<br>\nfurent \u00e0 peu pr\u00e8s totales. Je dirai, pour&nbsp;\u00eatre<br>\nfranc, que de nous deux il avait la pen\u00ads\u00e9e la plus&nbsp;m\u00fbre,<br>\nla plus vaste et la plus pro\u00adfonde\u200a\u2014\u200aune pen\u00ads\u00e9e universelle,<br>\nsans cesse en \u00e9veil, atten\u00adtive aux grandes exp\u00e9riences<br>\net aux inqui\u00e9\u00adtudes humaines&nbsp;\u2014, alors que je m\u2019\u00e9tais,<br>\nde tous temps, plus par\u00adti\u00adcu\u00adli\u00e8\u00adre\u00adment consa\u00adcr\u00e9&nbsp;\u00e0<br>\nl\u2019ac\u00adtion. Et quand je n\u2019\u00e9\u00adtais pas plei\u00adne\u00adment d\u2019ac\u00adcord&nbsp;avec<br>\nlui, nos diver\u00adgences de vue m\u2019ai\u00addaient \u00e0 me trou\u00adver moi-m\u00eame.<br>\nCela, je l\u2019a\u00advoue sans vani\u00adt\u00e9 ni modes\u00adtie, \u00e0 seule&nbsp;fin<br>\nde mieux expri\u00admer ma com\u00adpr\u00e9\u00adhen\u00adsion de l\u2019homme, de sa vie et&nbsp;de<br>\nson&nbsp;\u0153uvre.<\/span><\/font><\/font><\/p>\n<p style=\"margin-right: 0.87cm; text-indent: 1.54cm; margin-bottom: 0cm;\" align=\"justify\">\n<font face=\"Garamond\"><font style=\"font-size: 13pt;\" size=\"3\"><span lang=\"fr-FR\">Tra\u00adjec\u00adtoires<br>\nparal\u00adl\u00e8les, ai-je dit plus haut. D\u00e8s ma dix-septi\u00e8me<br>\nann\u00e9e, je me don\u00adnai tout entier \u00e0 l\u2019ac\u00adtion en entrant<br>\ndans le mou\u00adve\u00adment syn\u00addi\u00adcal anar\u00adcho-syn\u00addi\u00adca\u00adliste\u200a\u2014\u200ale plus g\u00e9n\u00e9reux,<br>\nle plus dyna\u00admique et le plus explo\u00adsif de l\u2019Es\u00adpagne liber\u00adtaire&nbsp;et<br>\nanti-f\u00e9o\u00addale&nbsp;\u2014; deux ans plus tard, sans rompre les liens&nbsp;de<br>\ncette filia\u00adtion syn\u00addi\u00adca\u00adliste, je devins le secr\u00e9\u00adtaire de&nbsp;la<br>\nsec\u00adtion des jeunes du mou\u00adve\u00adment socia\u00adliste valen\u00adcien, puis, aveugl\u00e9<br>\npar l\u2019\u00e9\u00adclat de la grande flam\u00adb\u00e9e de la r\u00e9volution<br>\nrusse, je fon\u00addai le par\u00adti com\u00admu\u00adniste dans la r\u00e9gion du Levant<br>\n(r\u00e9gion de Valence et de Mur\u00adcie) et j\u2019en res\u00adtai le secr\u00e9taire<br>\njus\u00adqu\u2019\u00e0 ce qu\u2019un pro\u00adc\u00e8s pour anti\u00admi\u00adli\u00adta\u00adrisme&nbsp;et<br>\nl\u00e8se-majes\u00adt\u00e9 me for\u00ad\u00e7\u00e2t&nbsp;\u00e0<br>\nm\u2019ex\u00adpa\u00adtrier&nbsp;: je gros\u00adsis alors le nombre des fonc\u00adtion\u00adnaires du<br>\nKomin\u00adtern. Quelles furent les rai\u00adsons de la crise de conscience que<br>\nje tra\u00adver\u00adsai \u00e0 Mos\u00adcou m\u00eame, en 1925&nbsp;? Pour\u00adquoi rompis-je<br>\nd\u00e9fi\u00adni\u00adti\u00adve\u00adment avec le par\u00adti en 1929&nbsp;? Par fid\u00e9lit\u00e9<br>\n\u00e0 moi-m\u00eame et \u00e0 la cause de l\u2019homme, de la v\u00e9rit\u00e9<br>\net de la liber\u00adt\u00e9. Les gens qui connaissent la biographie<br>\nr\u00e9vo\u00adlu\u00adtion\u00adnaire de Vic\u00adtor Serge, riche en \u00e9pisodes<br>\ndra\u00adma\u00adtiques, n\u2019i\u00adgnorent pas qu\u2019il \u00e9tait jour\u00adna\u00adliste&nbsp;et<br>\nmili\u00adtant du mou\u00adve\u00adment liber\u00adtaire, dans sa jeu\u00adnesse, et qu\u2019apr\u00e8s<br>\navoir pur\u00adg\u00e9 une peine de pri\u00adson en France, il fut&nbsp;m\u00eal\u00e9<br>\ndirec\u00adte\u00adment \u00e0 la vie du mou\u00adve\u00adment anarcho-syndicaliste<br>\nespa\u00adgnol. Il est exact que d\u00e8s son arri\u00adv\u00e9e en Russie<br>\nbol\u00adche\u00advique\u200a\u2014\u200aen 1919\u200a\u2014\u200ail se consa\u00adcra sin\u00adc\u00e8\u00adre\u00adment&nbsp;\u00e0<br>\nsa cause et rem\u00adplit des fonc\u00adtions impor\u00adtantes, tant publiques que<br>\nclan\u00addes\u00adtines (ces der\u00adni\u00e8res \u00e0 l\u2019\u00e9tranger).<br>\nN\u00e9an\u00admoins, il n\u2019eut jamais la men\u00adta\u00adli\u00adt\u00e9&nbsp;d\u2019un<br>\nauthen\u00adtique mili\u00adtant com\u00admu\u00adniste&nbsp;: si je puis assu\u00adrer qu\u2019il&nbsp;garda<br>\njus\u00adqu\u2019\u00e0 sa mort une grande fid\u00e9\u00adli\u00adt\u00e9&nbsp;\u00e0<br>\nl\u2019\u00e9\u00adgard des mili\u00adtants des temps h\u00e9ro\u00efques du<br>\ncom\u00admu\u00adnisme, dont il admi\u00adrait le carac\u00adt\u00e8re bien tremp\u00e9,<br>\nle cou\u00adrage dans la lutte et les sacri\u00adfices, il n\u2019est pas moins&nbsp;vrai<br>\nqu\u2019il jugeait leur pou\u00advoir\u200a\u2014\u200aet sur\u00adtout leurs abus de pouvoir&nbsp;\u2014<br>\net leurs m\u00e9thodes avec une luci\u00addi\u00adt\u00e9 et une objectivit\u00e9<br>\nremar\u00adquables. Comme tant d\u2019autres\u200a\u2014\u200acomme moi-m\u00eame&nbsp;\u2014, il<br>\ncroyait utile et n\u00e9ces\u00adsaire un auto\u00adri\u00adta\u00adrisme dictatorial<br>\ntran\u00adsi\u00adtoire, impo\u00ads\u00e9 par la d\u00e9fense int\u00e9\u00adrieure et<br>\next\u00e9\u00adrieure de la r\u00e9vo\u00adlu\u00adtion&nbsp;; mais sa formation<br>\nd\u2019hu\u00adma\u00adniste et de liber\u00adtaire et l\u2019in\u00add\u00e9\u00adpen\u00addance de son jugement<br>\nlui per\u00admirent d\u2019\u00eatre l\u2019un des pre\u00admiers \u00e0 d\u00e9celer<br>\nles dan\u00adgers de d\u00e9g\u00e9\u00adn\u00e9\u00adres\u00adcence et de destruction<br>\nque ren\u00adfer\u00admait le pou\u00advoir abso\u00adlu. Jamais Vic\u00adtor Serge ne fit sien&nbsp;le<br>\nprin\u00adcipe selon lequel la fin jus\u00adti\u00adfie les moyens. Il y avait&nbsp;un<br>\nh\u00e9t\u00e9\u00adro\u00addoxe en puis\u00adsance dans ce cri\u00adtique lucide et&nbsp;un<br>\noppo\u00adsi\u00adtion\u00adnel vir\u00adtuel dans l\u2019h\u00e9\u00adt\u00e9\u00adro\u00addoxe \u200a\u2014\u200acela&nbsp;avec<br>\ntoutes les cons\u00e9\u00adquences qu\u2019une telle atti\u00adtude impliquait.<\/span><\/font><\/font><\/p>\n<p style=\"margin-right: 0.87cm; text-indent: 1.54cm; margin-bottom: 0cm;\" align=\"justify\">\n<font face=\"Garamond\"><font style=\"font-size: 13pt;\" size=\"3\"><span lang=\"fr-FR\">Si<br>\nle style c\u2019est l\u2019homme, \u00e9tu\u00addions le style\u200a\u2014\u200aain\u00adsi que&nbsp;le<br>\nlan\u00adgage et l\u2019es\u00adprit\u200a\u2014\u200ade l\u2019\u0153uvre de Vic\u00adtor Serge&nbsp;: mes dires&nbsp;ne<br>\nman\u00adque\u00adront pas d\u2019\u00eatre confir\u00adm\u00e9s. Les articles que,&nbsp;de<br>\nRus\u00adsie, il envoyait \u00e0 la revue \u00ab&nbsp;Clart\u00e9&nbsp;\u00bb,<br>\nfon\u00add\u00e9e par Bar\u00adbusse \u00e0 Paris\u200a\u2014\u200aavant que celui-ci ne<br>\ndev\u00eent un ins\u00adtru\u00adment de l\u2019ap\u00adpa\u00adreil tota\u00adli\u00adtaire&nbsp;\u2014, r\u00e9v\u00e9laient<br>\nune ins\u00adpi\u00adra\u00adtion et avaient un accent qui n\u2019\u00e9\u00adtaient pas ceux&nbsp;de<br>\nl\u2019or\u00adtho\u00addoxie doc\u00adtri\u00adnaire du bol\u00adche\u00advisme. Ses pre\u00admiers romans le<br>\nmontrent comme un homme cher\u00adchant chez les autres, en&nbsp;m\u00eame<br>\ntemps que leur r\u00e9a\u00adli\u00adt\u00e9\u200a\u2014\u200aou leur v\u00e9rit\u00e9&nbsp;\u2014<br>\nsociale, leur id\u00e9al et leur esprit de liber\u00adt\u00e9 profonds&nbsp;:<br>\n\u00ab&nbsp;Les Hommes dans la pri\u00adson&nbsp;\u00bb, o\u00f9 l\u2019on retrouve les<br>\nnota\u00adtions psy\u00adcho\u00adlo\u00adgiques et les obser\u00adva\u00adtions humaines de ses ann\u00e9es<br>\nde d\u00e9ten\u00adtion en France&nbsp;; \u00ab&nbsp;Nais\u00adsance de notre&nbsp;force&nbsp;\u00bb,<br>\nd\u00e9pei\u00adgnant l\u2019am\u00adbiance de la Cata\u00adlogne ouvri\u00e8re en<br>\n1917\u200a\u2013\u200a1918 et l\u2019i\u00add\u00e9a\u00adlisme exal\u00adt\u00e9 de ses syndicalistes.<br>\nUn homme ayant per\u00addu le sens de l\u2019hu\u00admain e\u00fbt-il jamais pu<br>\n\u00e9crire \u00ab&nbsp;S\u2019il est minuit dans le si\u00e8cle&nbsp;\u00bb&nbsp;et<br>\n\u00ab&nbsp;l\u2019Af\u00adfaire Tou\u00adla\u00e9v&nbsp;\u00bb, les deux romans sur&nbsp;la<br>\nliqui\u00adda\u00adtion ter\u00adro\u00adriste de la r\u00e9volution&nbsp;?<\/span><\/font><\/font><\/p>\n<p style=\"margin-right: 0.87cm; text-indent: 1.54cm; margin-bottom: 0cm;\" align=\"justify\">\n<font face=\"Garamond\"><font style=\"font-size: 13pt;\" size=\"3\"><span lang=\"fr-FR\">Je<br>\nne par\u00adle\u00adrai pas ici de ses essais ni de ses ouvrages his\u00adto\u00adriques (je<br>\npense notam\u00adment aux \u00ab&nbsp;M\u00e9moires d\u2019un r\u00e9volutionnaire&nbsp;\u00bb,<br>\nque j\u2019eus le pri\u00advi\u00adl\u00e8ge de lire \u00e0 mesure qu\u2019il&nbsp;en<br>\nter\u00admi\u00adnait les cha\u00adpitres): dans tous ces tra\u00advaux on trouve les accents<br>\nde l\u2019homme fid\u00e8le \u00e0 la v\u00e9ri\u00adt\u00e9&nbsp;des<br>\n\u00e9v\u00e9\u00adne\u00adments et \u00e0 la liber\u00adt\u00e9 frustr\u00e9e<br>\net assas\u00adsi\u00adn\u00e9e. Pour\u00adquoi tous ces livres ont-ils \u00e9t\u00e9<br>\ninter\u00addits en URSS&nbsp;? Lui-m\u00eame nous l\u2019ap\u00adprend&nbsp;: il vou\u00adlait servir<br>\nl\u2019URSS sans se ser\u00advir de ses men\u00adsonges. Pour\u00adquoi un si grand nombre<br>\nde manus\u00adcrits lui ont-ils \u00e9t\u00e9 confis\u00adqu\u00e9s,&nbsp;qui<br>\nrepr\u00e9\u00adsen\u00adtaient des ann\u00e9es d\u2019ef\u00adfort&nbsp;? S\u2019il n\u2019a\u00advait&nbsp;\u00e9t\u00e9<br>\nlib\u00e9\u00adr\u00e9 en 1936, quelques mois avant l\u2019ou\u00adver\u00adture&nbsp;des<br>\nmons\u00adtrueux pro\u00adc\u00e8s de Mos\u00adcou, nul doute qu\u2019il e\u00fbt&nbsp;\u00e9t\u00e9<br>\ncondam\u00adn\u00e9 \u00e0 la fosse com\u00admune des oppo\u00adsi\u00adtion\u00adnels, ce&nbsp;qui<br>\nnous e\u00fbt pri\u00adv\u00e9 de ses livres et de ses t\u00e9moignages.<br>\nLe r\u00e9sul\u00adtat tra\u00adgique des tota\u00adli\u00adta\u00adrismes n\u2019est pas seule\u00adment&nbsp;la<br>\nsup\u00adpres\u00adsion phy\u00adsique des pen\u00adseurs et des artistes, mais aus\u00adsi&nbsp;celle<br>\nde l\u2019\u0153uvre de cr\u00e9a\u00adtion que ces hommes portent en&nbsp;eux&nbsp;:<br>\nl\u2019\u00e9\u00adpa\u00adnouis\u00adse\u00adment d\u2019un Tol\u00adsto\u00ef, d\u2019un Dosto\u00efevski,<br>\nd\u2019un Tch\u00e9\u00adkhov e\u00fbt-il \u00e9t\u00e9 pos\u00adsible sous&nbsp;la<br>\nf\u00e9rule de Sta\u00adline ou de Krouchtchev&nbsp;?<\/span><\/font><\/font><\/p>\n<p style=\"margin-right: 0.87cm; text-indent: 1.54cm; margin-bottom: 0cm;\" align=\"justify\">\n<font face=\"Garamond\"><font style=\"font-size: 13pt;\" size=\"3\"><span lang=\"fr-FR\">Pen\u00addant<br>\nonze ans\u200a\u2014\u200ac\u2019est-\u00e0-dire depuis son d\u00e9part de Moscou<br>\net son arri\u00adv\u00e9e \u00e0 Bruxelles jus\u00adqu\u2019\u00e0 ses derniers<br>\nins\u00adtants&nbsp;\u2014, je suis res\u00adt\u00e9 en contact per\u00adma\u00adnent et&nbsp;en<br>\ncol\u00adla\u00adbo\u00adra\u00adtion \u00e9troite avec Vic\u00adtor Serge, au point que certains<br>\nde ses \u00e9crits portent ma signa\u00adture et que des tra\u00advaux dont&nbsp;je<br>\nsuis l\u2019au\u00adteur portent la sienne. Je puis assu\u00adrer que, tout au long&nbsp;de<br>\nces ann\u00e9es, Serge res\u00adta un homme de pen\u00ads\u00e9e et d\u2019action<br>\u200a\u2014\u200ala pen\u00ads\u00e9e et l\u2019ac\u00adtion se confon\u00addaient, chez lui\u200a\u2014\u200aau<br>\nser\u00advice exclu\u00adsif de la v\u00e9ri\u00adt\u00e9 et de la libert\u00e9.<br>\nCette fid\u00e9\u00adli\u00adt\u00e9 faillit bien nous co\u00fb\u00adter la vie,&nbsp;\u00e0<br>\nlui en Rus\u00adsie et \u00e0 moi en Espagne&nbsp;; et nous ne cess\u00e2mes<br>\npas, pen\u00addant notre s\u00e9jour au Mexique, de sen\u00adtir peser sur&nbsp;nous<br>\nune lourde menace. Hit\u00adler ayant rom\u00adpu son pacte avec Sta\u00adline&nbsp;et<br>\ncelui-ci \u00e9tant deve\u00adnu l\u2019al\u00adli\u00e9 des puissances<br>\nd\u00e9mo\u00adcra\u00adtiques, le stu\u00adpide aveu\u00adgle\u00adment de ces puis\u00adsances \u00e0<br>\nla suite de cette volte-face nous lais\u00adsait iso\u00adl\u00e9s et&nbsp;sans<br>\nd\u00e9fense. Des mois durant, nous d\u00fbmes res\u00adter cach\u00e9s,<br>\nsachant que les agents sta\u00adli\u00adniens pr\u00e9\u00adpa\u00adraient notre<br>\nassas\u00adsi\u00adnat, ain\u00adsi qu\u2019ils avaient pr\u00e9\u00adpa\u00adr\u00e9 celui&nbsp;de<br>\nTrots\u00adky. Nous publi\u00e2mes m\u00eame une sorte de tes\u00adta\u00adment&nbsp;: un<br>\nmodeste livre blanc com\u00adpor\u00adtant, en intro\u00adduc\u00adtion, une \u00ab&nbsp;d\u00e9claration<br>\ncom\u00admune&nbsp;\u00bb r\u00e9di\u00adg\u00e9e par Serge. \u00ab&nbsp;Nous&nbsp;ne<br>\nconsen\u00adtons pas disait-il notam\u00adment, et nous ne consen\u00adti\u00adrons jamais \u00e0<br>\nce que les peuples encha\u00ee\u00adn\u00e9s soient confon\u00addus avec&nbsp;leurs<br>\ntyrans. Nous sommes et nous res\u00adte\u00adrons aux c\u00f4t\u00e9s&nbsp;du<br>\npeuple alle\u00admand, du peuple ita\u00adlien, du peuple espa\u00adgnol, du peuple<br>\nfran\u00ad\u00e7ais et du peuple russe contre les r\u00e9gimes<br>\ntota\u00adli\u00adtaires et au ser\u00advice de tous les peuples oppri\u00adm\u00e9s.&nbsp;Telle<br>\na tou\u00adjours \u00e9t\u00e9 la r\u00e9gle de notre vie.&nbsp;\u00bb&nbsp;Et<br>\nl\u2019on pou\u00advait lire plus loin&nbsp;: \u00ab&nbsp;Nous basons notre confiance en<br>\nl\u2019a\u00adve\u00adnir sur la des\u00adtruc\u00adtion et l\u2019ef\u00adfon\u00addre\u00adment des&nbsp;\u00c9tats<br>\ntota\u00adli\u00adtaires et sur la nais\u00adsance, au milieu des luttes actuelles,<br>\nd\u2019une Europe nou\u00advelle, o\u00f9 le mot \u00ab&nbsp;d\u00e9mocratie&nbsp;\u00bb<br>\npren\u00addra enfin son sens int\u00e9\u00adgral pour tous les peuples<br>\nsacri\u00adfi\u00e9s, pour toutes les mino\u00adri\u00adt\u00e9s, pour tous&nbsp;les<br>\nhommes. Nous vou\u00adlons par\u00adti\u00adci\u00adper \u00e0 la construc\u00adtion d\u2019un<br>\nsocia\u00adlisme ren\u00addu \u00e0 sa digni\u00adt\u00e9 et \u00e0&nbsp;ses<br>\nv\u00e9ri\u00adtables fins, qui ne peuvent \u00eatre autre&nbsp;que<br>\nl\u2019or\u00adga\u00adni\u00adsa\u00adtion des hommes libres. Nous vou\u00adlons des&nbsp;id\u00e9es<br>\npropres et claires dans un mou\u00adve\u00adment ouvrier sain, vivi\u00adfi\u00e9&nbsp;par<br>\nl\u2019\u00e9\u00admu\u00adla\u00adtion fra\u00adter\u00adnelle et l\u2019investigation libre. Au sein&nbsp;de<br>\nla d\u00e9mo\u00adcra\u00adtie mena\u00adc\u00e9e, du socia\u00adlisme et du mouvement<br>\nouvrier, nous d\u00e9fen\u00addons essen\u00adtiel\u00adle\u00adment la libert\u00e9<br>\nd\u2019o\u00adpi\u00adnion, la digni\u00adt\u00e9 du mili\u00adtant, le droit des minorit\u00e9s,<br>\nl\u2019es\u00adprit cri\u00adtique.&nbsp;\u00bb Cette d\u00e9cla\u00adra\u00adtion, qui m\u00e9riterait<br>\nd\u2019\u00eatre repro\u00adduite int\u00e9\u00adgra\u00adle\u00adment, est&nbsp;dat\u00e9e<br>\nd\u2019a\u00advril&nbsp;1942.<\/span><\/font><\/font><\/p>\n<p style=\"margin-right: 0.87cm; text-indent: 1.54cm; margin-bottom: 0cm;\" align=\"justify\">\n<font face=\"Garamond\"><font style=\"font-size: 13pt;\" size=\"3\"><span lang=\"fr-FR\">Sous<br>\nla devise \u00ab&nbsp;Socia\u00adlisme et Liber\u00adt\u00e9&nbsp;\u00bb, nous fondions<br>\npeu apr\u00e8s la revue \u00ab&nbsp;Mun\u00addo&nbsp;\u00bb, grou\u00adpant ain\u00adsi&nbsp;des<br>\nmili\u00adtants anar\u00adcho-syn\u00addi\u00adca\u00adlistes et des socia\u00adlistes de gauche<br>\nespa\u00adgnols, des socia\u00adlistes juifs polo\u00adnais et d\u2019an\u00adciens communistes<br>\nvenus de tous les coins de l\u2019Eu\u00adrope. Nous orga\u00adni\u00adsions fr\u00e9quemment<br>\ndes r\u00e9unions au cours des\u00adquelles nous nous livrions \u00e0<br>\nde fruc\u00adtueux \u00e9changes de vues sur les grands probl\u00e8mes<br>\nque la guerre allait l\u00e9guer au monde. Les expo\u00ads\u00e9s&nbsp;les<br>\nplus objec\u00adtifs et les plus clairs \u00e9taient sans conteste ceux<br>\nde Vic\u00adtor Serge, qui tran\u00adchaient sur les lieux com\u00admuns, la \u00ab&nbsp;scl\u00e9rose<br>\ndes doc\u00adtrines&nbsp;\u00bb et tant d\u2019af\u00adfir\u00adma\u00adtions obs\u00adti\u00adn\u00e9es.&nbsp;Il<br>\nlisait tout ce qui se publiait en une demi-dou\u00adzaine de langues, \u00e9tait<br>\nen cor\u00adres\u00adpon\u00addance avec des per\u00adson\u00adna\u00adli\u00adt\u00e9s de plu\u00adsieurs pays&nbsp;et,<br>\nriche d\u2019une immense exp\u00e9\u00adrience, il fai\u00adsait preuve d\u2019une<br>\nextra\u00ador\u00addi\u00adnaire clair\u00advoyance. Je dois recon\u00adna\u00eetre ceci en&nbsp;toute<br>\nhon\u00adn\u00ea\u00adte\u00adt\u00e9&nbsp;: les \u00e9v\u00e9\u00adne\u00adments ont&nbsp;donn\u00e9<br>\nrai\u00adson \u00e0 Serge plus qu\u2019\u00e0 qui\u00adconque. Nombre de&nbsp;ses<br>\npr\u00e9\u00adoc\u00adcu\u00adpa\u00adtions et de ses pr\u00e9\u00advi\u00adsions se trouvent<br>\nrefl\u00e9\u00adt\u00e9es dans ses \u00ab&nbsp;Car\u00adnets&nbsp;\u00bb, dont je&nbsp;me<br>\nper\u00admets de citer un extrait&nbsp;: \u00ab&nbsp;Une \u00e9poque sombre s\u2019ouvre<br>\npour l\u2019Eu\u00adrope et le monde. Les cadres les meilleurs ont&nbsp;\u00e9t\u00e9<br>\nd\u00e9truits par les d\u00e9faites pas\u00ads\u00e9es et la guerre&nbsp;;<br>\ndu temps s\u2019\u00e9coulera avant que se forment les cadres neufs.<br>\nLes vieux pro\u00adgrammes et les vieilles rou\u00adtines socia\u00adlistes ont&nbsp;\u00e9t\u00e9<br>\nd\u00e9pas\u00ads\u00e9s et doivent se renou\u00adve\u00adler. Le stalinisme<br>\nvic\u00adto\u00adrieux gr\u00e2ce \u00e0 l\u2019aide incon\u00addi\u00adtion\u00adnelle et&nbsp;aux<br>\nconces\u00adsions des d\u00e9mo\u00adcra\u00adties sera plus dan\u00adge\u00adreux que jamais&nbsp;;&nbsp;si<br>\nnous vou\u00adlons sau\u00adver l\u2019Eu\u00adrope, il nous fau\u00addra com\u00admen\u00adcer par grouper<br>\ntoutes les forces libres et d\u00e9mo\u00adcra\u00adtiques pour pra\u00adti\u00adquer&nbsp;l\u2019art<br>\nde ne pas&nbsp;p\u00e9rir.&nbsp;\u00bb<\/span><\/font><\/font><\/p>\n<p style=\"margin-right: 0.87cm; text-indent: 1.54cm; margin-bottom: 0cm;\" align=\"justify\">\n<font face=\"Garamond\"><font style=\"font-size: 13pt;\" size=\"3\"><span lang=\"fr-FR\">L\u2019art<br>\nde ne pas p\u00e9rir\u2026 Apr\u00e8s avoir lais\u00ads\u00e9&nbsp;p\u00e9rir<br>\nle peuple espa\u00adgnol, les puis\u00adsances d\u00e9mo\u00adcra\u00adtiques allaient, par<br>\nleurs mal\u00adadresses, lais\u00adser p\u00e9rir une dizaine de peuples de<br>\nl\u2019Est euro\u00adp\u00e9en. Pour que l\u2019Eu\u00adrope ne p\u00e9r\u00eet&nbsp;pas<br>\ntout enti\u00e8re, il fal\u00adlait\u200a\u2014\u200apen\u00adsait Serge\u200a\u2014\u200ad\u00e9finir<br>\nles bases de son union au-des\u00adsus des ran\u00adcoeurs lais\u00ads\u00e9es&nbsp;par<br>\ndeux guerres&nbsp;; d\u00e9fendre \u00e0 tout prix les libert\u00e9s<br>\ncultu\u00adrelles et les droits humains et for\u00admer les cadres cr\u00e9ateurs<br>\nde l\u2019a\u00adve\u00adnir. Vic\u00adtor Serge s\u2019in\u00adqui\u00e9\u00adtait encore de la sauvegarde<br>\nde la liber\u00adt\u00e9 de la per\u00adsonne humaine, devant les progr\u00e8s<br>\neffa\u00adrants de la science et de la tech\u00adnique de notre temps, et&nbsp;de<br>\nl\u2019as\u00adsi\u00admi\u00adla\u00adtion de toutes ces conqu\u00eates\u200a\u2014\u200acelles de&nbsp;la<br>\npsy\u00adcho\u00adlo\u00adgie, entre autres\u200a\u2014\u200apar la conscience de l\u2019homme, active et<br>\ncr\u00e9a\u00adtrice. Les pr\u00e9\u00adpa\u00adra\u00adtifs de notre retour en Europe se<br>\nd\u00e9rou\u00adlaient au milieu de ces pr\u00e9\u00adoc\u00adcu\u00adpa\u00adtions et de&nbsp;ces<br>\npro\u00adpos. Nous en dis\u00adcu\u00adtions encore, dans une rue du centre de Mexico,<br>\nune demi-heure avant que Serge ne tombe fou\u00addroy\u00e9 par&nbsp;une<br>\nattaque car\u00addiaque. Il \u00e9tait un fr\u00e8re&nbsp;a\u00een\u00e9<br>\npour moi. Il reste pour tous un exemple.<\/span><\/font><\/font><\/p>\n<p style=\"margin-right: 0.87cm; text-indent: 1.54cm; margin-bottom: 0cm;\" align=\"justify\" lang=\"fr-FR\">\n<font face=\"Garamond\"><font style=\"font-size: 13pt;\" size=\"3\">Julian<br>\nGorkin<\/font><\/font><\/p>\n<h2><img decoding=\"async\" src=\"IMG\/jpg\/Victor_Serge.jpg\" alt=\"Victor Serge\" title=\"Victor Serge\" class=\"caption\" align=\"right\">L\u2019\u0153uvre de Victor Serge<\/h2>\n<p><strong>Romans&nbsp;:<\/strong><br> \u2013 \u00ab&nbsp;Les Hommes dans la pri\u00adson&nbsp;\u00bb, pr\u00e9\u00adface de Pana\u00eft Istra\u00adti (Rie\u00adder,&nbsp;1930).<br> \u2013 \u00ab&nbsp;Nais\u00adsance de notre force&nbsp;\u00bb (Rie\u00adder,&nbsp;1931).<br> \u2013 \u00ab&nbsp;Ville conquise&nbsp;\u00bb (Rie\u00adder).<br> \u2013 \u00ab&nbsp;S\u2019il est minuit dans le si\u00e8cle&nbsp;\u00bb (Gras\u00adset,&nbsp;1939).<br> \u2013 \u00ab&nbsp;L\u2019af\u00adfaire Tou\u00adla\u00e9v&nbsp;\u00bb (Edi\u00adtions du Seuil, 1948).<br> \u2013 \u00ab&nbsp;Les Der\u00adniers Temps (L\u2019Arbre, Mont\u00adr\u00e9al, 1946, Gras\u00adset,&nbsp;1951).<\/p>\n<p><strong>Nou\u00advelles&nbsp;:<\/strong><br> \u2013 \u00ab&nbsp;Mer Blanche&nbsp;\u00bb (Feuillets bleus, Paris).<br> \u2013 \u00ab&nbsp;L\u2019Im\u00adpasse Saint\u2011Barnab\u00e9&nbsp;\u00bb (Esprit, Paris).<\/p>\n<p><strong>Po\u00e8mes&nbsp;:<\/strong><br> \u2013 \u00ab&nbsp;R\u00e9sis\u00adtance&nbsp;\u00bb (Les Humbles, 1938).<\/p>\n<p><strong>His\u00adtoire et essais&nbsp;:<\/strong><br> \u2013 \u00ab&nbsp;L\u2019An I de la R\u00e9vo\u00adlu\u00adtion russe&nbsp;\u00bb (Librai\u00adrie du Travail).<br> \u2013 \u00ab&nbsp;Les Anar\u00adchistes et l\u2019Ex\u00adp\u00e9\u00adrience de la r\u00e9vo\u00adlu\u00adtion russe&nbsp;\u00bb (Cahiers du Tra\u00advail, Librai\u00adrie du Travail).<br> \u2013 \u00ab&nbsp;La Ville en dan\u00adger&nbsp;\u00bb&nbsp;: P\u00e9tro\u00adgrad, l\u2019an II de la R\u00e9vo\u00adlu\u00adtion (Librai\u00adrie du Travail).<br> \u2013 \u00ab&nbsp;L\u00e9nine 1917&nbsp;\u00bb (Librai\u00adrie du Travail).<br> \u2013 \u00ab&nbsp;Les Cou\u00adlisses d\u2019une s\u00fbre\u00adt\u00e9 g\u00e9n\u00e9\u00adrale&nbsp;: l\u2019O\u00adkh\u00adra\u00adna&nbsp;\u00bb (Librai\u00adrie du Travail).<br> \u2013 \u00ab&nbsp;Lit\u00adt\u00e9\u00adra\u00adture et r\u00e9vo\u00adlu\u00adtion&nbsp;\u00bb  (Valois).<br> \u2013 \u00ab&nbsp;Des\u00adtin d\u2019une r\u00e9vo\u00adlu\u00adtion. URSS 1917\u20111937&nbsp;\u00bb (Gras\u00adset,&nbsp;1937).<br> \u2013 \u00ab&nbsp;Por\u00adtrait de Sta\u00adline&nbsp;\u00bb (Gras\u00adset,&nbsp;1940).<br> \u2013 \u00ab&nbsp;Vie et mort de Trotz\u00adky&nbsp;\u00bb (Amiot\u2011Dumont, 1951).<br> \u2013 \u00ab&nbsp;Le Tour\u00adnant obs\u00adcur&nbsp;\u00bb (Les Iles d\u2019Or,&nbsp;1951).<br> \u2013 \u00ab&nbsp;M\u00e9moires d\u2019un r\u00e9vo\u00adlu\u00adtion\u00adnaire&nbsp;\u00bb (Edi\u00adtions du Seuil, 1951), (Le Club des Edi\u00adteurs, 1957).<br> \u2013 \u00ab&nbsp;Car\u00adnets&nbsp;\u00bb (Jul\u00adliard, 1952).<\/p>\n<p><strong>Tra\u00adduc\u00adtions&nbsp;:<\/strong><br> \u2013 \u00ab&nbsp;La R\u00e9vo\u00adlu\u00adtion tra\u00adhie et Les Grimes de Sta\u00adline&nbsp;\u00bb, de Trots\u00adky (Gras\u00adset).<br> \u2013 \u00ab&nbsp;M\u00e9moires d\u2019un r\u00e9vo\u00adlu\u00adtion\u00adnaire&nbsp;\u00bb, de V\u00e9ra Figner (Gal\u00adli\u00admard).<\/p>\n","protected":false},"excerpt":{"rendered":"<p>Sur le plan id\u00e9o\u00adlo\u00adgique nous avons sui\u00advi, Vic\u00adtor Serge et moi,&nbsp;des tra\u00adjec\u00adtoires paral\u00adl\u00e8les. Depuis l\u2019\u00e9\u00adpoque de sa sor\u00adtie de l\u2019URSS, en 1936, jus\u00adqu\u2019\u00e0 sa mort \u00e0 Mexi\u00adco, en&nbsp;1947, notre iden\u00adti\u00adt\u00e9 de pen\u00ads\u00e9e et notre uni\u00adt\u00e9 d\u2019action furent \u00e0 peu pr\u00e8s totales. Je dirai, pour&nbsp;\u00eatre franc, que de nous deux il avait la pen\u00ads\u00e9e la plus&nbsp;m\u00fbre,&nbsp;[\u2026]<\/p>\n","protected":false},"author":1,"featured_media":0,"comment_status":"closed","ping_status":"closed","sticky":false,"template":"","format":"standard","meta":{"wp_typography_post_enhancements_disabled":false,"footnotes":""},"categories":[115],"tags":[],"ppma_author":[540],"class_list":["post-989","post","type-post","status-publish","format-standard","hentry","category-temoins-n21-fevrier-1959"],"authors":[{"term_id":540,"user_id":1,"is_guest":0,"slug":"admin_3gikpwyf","display_name":"Vincent Dubuc","avatar_url":"https:\/\/secure.gravatar.com\/avatar\/d015720652c25fd2ced191ade86430094e1f288a17483713e3b34d26dea52507?s=96&d=mm&r=g","author_category":"","user_url":"https:\/\/la-presse-anarchiste.net","last_name":"Dubuc","first_name":"Vincent","job_title":"","description":""}],"_links":{"self":[{"href":"https:\/\/la-presse-anarchiste.net\/index.php\/wp-json\/wp\/v2\/posts\/989","targetHints":{"allow":["GET"]}}],"collection":[{"href":"https:\/\/la-presse-anarchiste.net\/index.php\/wp-json\/wp\/v2\/posts"}],"about":[{"href":"https:\/\/la-presse-anarchiste.net\/index.php\/wp-json\/wp\/v2\/types\/post"}],"author":[{"embeddable":true,"href":"https:\/\/la-presse-anarchiste.net\/index.php\/wp-json\/wp\/v2\/users\/1"}],"replies":[{"embeddable":true,"href":"https:\/\/la-presse-anarchiste.net\/index.php\/wp-json\/wp\/v2\/comments?post=989"}],"version-history":[{"count":0,"href":"https:\/\/la-presse-anarchiste.net\/index.php\/wp-json\/wp\/v2\/posts\/989\/revisions"}],"wp:attachment":[{"href":"https:\/\/la-presse-anarchiste.net\/index.php\/wp-json\/wp\/v2\/media?parent=989"}],"wp:term":[{"taxonomy":"category","embeddable":true,"href":"https:\/\/la-presse-anarchiste.net\/index.php\/wp-json\/wp\/v2\/categories?post=989"},{"taxonomy":"post_tag","embeddable":true,"href":"https:\/\/la-presse-anarchiste.net\/index.php\/wp-json\/wp\/v2\/tags?post=989"},{"taxonomy":"author","embeddable":true,"href":"https:\/\/la-presse-anarchiste.net\/index.php\/wp-json\/wp\/v2\/ppma_author?post=989"}],"curies":[{"name":"wp","href":"https:\/\/api.w.org\/{rel}","templated":true}]}}