{"id":991,"date":"2007-11-02T23:02:05","date_gmt":"2007-11-02T23:02:05","guid":{"rendered":"https:\/\/la-presse-anarchiste.net\/index.php\/2007\/11\/02\/lectures-34\/"},"modified":"2007-11-02T23:02:05","modified_gmt":"2007-11-02T23:02:05","slug":"lectures-34","status":"publish","type":"post","link":"https:\/\/la-presse-anarchiste.net\/index.php\/2007\/11\/02\/lectures-34\/","title":{"rendered":"Lectures"},"content":{"rendered":"<div class=\"pdfprnt-buttons pdfprnt-buttons-post pdfprnt-top-right\"><a href=\"https:\/\/la-presse-anarchiste.net\/index.php\/wp-json\/wp\/v2\/posts\/991?print=pdf\" class=\"pdfprnt-button pdfprnt-button-pdf\" target=\"_blank\"><img decoding=\"async\" src=\"https:\/\/la-presse-anarchiste.net\/wp-content\/plugins\/pdf-print\/images\/pdf.png\" alt=\"image_pdf\" title=\"Afficher le PDF\"><\/a><a href=\"https:\/\/la-presse-anarchiste.net\/index.php\/wp-json\/wp\/v2\/posts\/991?print=print\" class=\"pdfprnt-button pdfprnt-button-print\" target=\"_blank\"><img decoding=\"async\" src=\"https:\/\/la-presse-anarchiste.net\/wp-content\/plugins\/pdf-print\/images\/print.png\" alt=\"image_print\" title=\"Contenu imprim\u00e9\"><\/a><\/div><p class=\"post_excerpt\">Jean Baby&nbsp;: \u00ab&nbsp;Cri\u00adtique de base&nbsp;\u00bb (Fran\u00ad\u00e7ois Masp\u00e9ro).<\/p>\n<p><!--more--><\/p>\n<p style=\"margin-right: 0.99cm; text-indent: 1.42cm; margin-bottom: 0cm;\" align=\"justify\">\n<font face=\"Garamond\"><font style=\"font-size: 13pt;\" size=\"3\"><span lang=\"fr-FR\">C\u2019\u00e9tait<br>\nin\u00e9vi\u00adtable&nbsp;: la publi\u00adca\u00adtion de ce livre intel\u00adli\u00adgent d\u2019un<br>\ndes rares intel\u00adlec\u00adtuels s\u00e9rieux que comp\u00adt\u00e2t encore le<br>\npar\u00adti com\u00admu\u00adniste fran\u00ad\u00e7ais, ne pou\u00advait \u00eatre sui\u00advie que&nbsp;de<br>\nson exclu\u00adsion. Autant qu\u2019\u00e0 Pan\u00adkow et \u00e0 Prague, la<br>\nscl\u00e9\u00adrose de l\u2019ap\u00adpa\u00adreil s\u2019est donc, \u00e0 Paris, un fois&nbsp;de<br>\nplus v\u00e9ri\u00adfi\u00e9e. Pen\u00adsez donc&nbsp;: le cha\u00adpitre, par exemple,<br>\nsur la pau\u00adp\u00e9\u00adri\u00adsa\u00adtion ose mettre en doute les profondes<br>\nana\u00adlyses de Mau\u00adrice Tho\u00adrez et invo\u00adquer L\u00e9nine lui-m\u00eame<br>\ncontre les th\u00e8ses offi\u00adcielles de ses pr\u00e9tendus<br>\ndis\u00adciples. La croyance, tr\u00e8s \u00e9vi\u00addem\u00adment sinc\u00e8re,<br>\nd\u2019un Jean Baby en la pos\u00adsi\u00adbi\u00adli\u00adt\u00e9 de gu\u00e9\u00adrir le PC de&nbsp;son<br>\nsta\u00adli\u00adnisme \u00e0 retar\u00adde\u00adment, est tou\u00adchante. S\u2019il avait tant&nbsp;soit<br>\npeu rai\u00adson \u00e0 cet \u00e9gard, l\u2019os\u00adtra\u00adcisme qui vient de&nbsp;le<br>\nfrap\u00adper aurait droit \u00e0 \u00eatre consid\u00e9r\u00e9<br>\ncomme une faute. Mais l\u2019obs\u00adcu\u00adran\u00adtisme a ses lois, dont nous ne&nbsp;lui<br>\ndis\u00adpu\u00adte\u00adrons pas le monopole.<\/span><\/font><\/font><\/p>\n<p style=\"margin-right: 0.99cm; text-indent: 1.42cm; margin-bottom: 0cm;\" align=\"justify\" lang=\"fr-FR\">\n<font face=\"Garamond\"><font style=\"font-size: 13pt;\" size=\"3\">Reste \u00e0<br>\nesp\u00e9\u00adrer que cette nou\u00advelle mani\u00adfes\u00adta\u00adtion de leur monotone<br>\nauto\u00adma\u00adtisme am\u00e8\u00adne\u00adra l\u2019hon\u00adn\u00eate homme qui en a d\u00e9clench\u00e9<br>\nles rouages \u00e0 gu\u00e9\u00adrir peu a peu de l\u2019hyper-orthodoxie<br>\nqui conti\u00adnue de l\u2019af\u00adfli\u00adger dans bien des ques\u00adtions, comme, entre<br>\nautres, ce qu\u2019il appelle encore euph\u00e9\u00admi\u00adque\u00adment l\u2019\u00ab&nbsp;affaire<br>\nhon\u00adgroise&nbsp;\u00bb. On ne peut pas, sous le na\u00eff pr\u00e9texte<br>\nd\u2019en rafra\u00ee\u00adchir le badi\u00adgeon, trans\u00adfor\u00admer la pri\u00adson d\u2019un&nbsp;parti<br>\ntota\u00adli\u00adtaire en une demeure habitable.<\/font><\/font><\/p>\n<p style=\"margin-right: 0.99cm; text-indent: 1.42cm; margin-bottom: 0cm;\" align=\"justify\">\n<font face=\"Garamond\"><font style=\"font-size: 13pt;\" size=\"3\"><span lang=\"fr-FR\">Fon\u00adtol<\/span><\/font><\/font><\/p>\n","protected":false},"excerpt":{"rendered":"<p>Jean Baby&nbsp;: \u00ab&nbsp;Cri\u00adtique de base&nbsp;\u00bb (Fran\u00ad\u00e7ois Masp\u00e9ro).<\/p>\n","protected":false},"author":1,"featured_media":0,"comment_status":"closed","ping_status":"closed","sticky":false,"template":"","format":"standard","meta":{"wp_typography_post_enhancements_disabled":false,"footnotes":""},"categories":[116],"tags":[],"ppma_author":[540],"class_list":["post-991","post","type-post","status-publish","format-standard","hentry","category-temoins-n23-mai-1960"],"authors":[{"term_id":540,"user_id":1,"is_guest":0,"slug":"admin_3gikpwyf","display_name":"Vincent Dubuc","avatar_url":"https:\/\/secure.gravatar.com\/avatar\/d015720652c25fd2ced191ade86430094e1f288a17483713e3b34d26dea52507?s=96&d=mm&r=g","author_category":"","user_url":"https:\/\/la-presse-anarchiste.net","last_name":"Dubuc","first_name":"Vincent","job_title":"","description":""}],"_links":{"self":[{"href":"https:\/\/la-presse-anarchiste.net\/index.php\/wp-json\/wp\/v2\/posts\/991","targetHints":{"allow":["GET"]}}],"collection":[{"href":"https:\/\/la-presse-anarchiste.net\/index.php\/wp-json\/wp\/v2\/posts"}],"about":[{"href":"https:\/\/la-presse-anarchiste.net\/index.php\/wp-json\/wp\/v2\/types\/post"}],"author":[{"embeddable":true,"href":"https:\/\/la-presse-anarchiste.net\/index.php\/wp-json\/wp\/v2\/users\/1"}],"replies":[{"embeddable":true,"href":"https:\/\/la-presse-anarchiste.net\/index.php\/wp-json\/wp\/v2\/comments?post=991"}],"version-history":[{"count":0,"href":"https:\/\/la-presse-anarchiste.net\/index.php\/wp-json\/wp\/v2\/posts\/991\/revisions"}],"wp:attachment":[{"href":"https:\/\/la-presse-anarchiste.net\/index.php\/wp-json\/wp\/v2\/media?parent=991"}],"wp:term":[{"taxonomy":"category","embeddable":true,"href":"https:\/\/la-presse-anarchiste.net\/index.php\/wp-json\/wp\/v2\/categories?post=991"},{"taxonomy":"post_tag","embeddable":true,"href":"https:\/\/la-presse-anarchiste.net\/index.php\/wp-json\/wp\/v2\/tags?post=991"},{"taxonomy":"author","embeddable":true,"href":"https:\/\/la-presse-anarchiste.net\/index.php\/wp-json\/wp\/v2\/ppma_author?post=991"}],"curies":[{"name":"wp","href":"https:\/\/api.w.org\/{rel}","templated":true}]}}