{"id":992,"date":"2007-11-02T23:16:51","date_gmt":"2007-11-02T23:16:51","guid":{"rendered":"https:\/\/la-presse-anarchiste.net\/index.php\/2007\/11\/02\/lectures-35\/"},"modified":"2007-11-02T23:16:51","modified_gmt":"2007-11-02T23:16:51","slug":"lectures-35","status":"publish","type":"post","link":"https:\/\/la-presse-anarchiste.net\/index.php\/2007\/11\/02\/lectures-35\/","title":{"rendered":"Lectures"},"content":{"rendered":"<div class=\"pdfprnt-buttons pdfprnt-buttons-post pdfprnt-top-right\"><a href=\"https:\/\/la-presse-anarchiste.net\/index.php\/wp-json\/wp\/v2\/posts\/992?print=pdf\" class=\"pdfprnt-button pdfprnt-button-pdf\" target=\"_blank\"><img decoding=\"async\" src=\"https:\/\/la-presse-anarchiste.net\/wp-content\/plugins\/pdf-print\/images\/pdf.png\" alt=\"image_pdf\" title=\"Afficher le PDF\"><\/a><a href=\"https:\/\/la-presse-anarchiste.net\/index.php\/wp-json\/wp\/v2\/posts\/992?print=print\" class=\"pdfprnt-button pdfprnt-button-print\" target=\"_blank\"><img decoding=\"async\" src=\"https:\/\/la-presse-anarchiste.net\/wp-content\/plugins\/pdf-print\/images\/print.png\" alt=\"image_print\" title=\"Contenu imprim\u00e9\"><\/a><\/div><p class=\"post_excerpt\">Mik\u00adlos Mol\u00adnar et Lasz\u00adlo Nagy&nbsp;: \u00ab&nbsp;Imre Nagy, r\u00e9for\u00adma\u00adteur ou r\u00e9vo\u00adlu\u00adtion\u00adnaire&nbsp;\u00bb. Publi\u00adca\u00adtions de l\u2019Ins\u00adti\u00adtut uni\u00adver\u00adsi\u00adtaire des Hautes \u00c9tudes inter\u00adna\u00adtio\u00adnales (Gen\u00e8ve), n\u00b0&nbsp;23.<\/p>\n<p><!--more--><\/p>\n<p style=\"margin-right: 0.99cm; text-indent: 1.42cm; margin-bottom: 0cm;\" align=\"justify\" lang=\"fr-FR\">\n<font face=\"Garamond\"><font style=\"font-size: 13pt;\" size=\"3\">Pour<br>\npar\u00adler de ce beau livre comme il le m\u00e9rite vrai\u00adment, nul&nbsp;parmi<br>\nnous n\u2019e\u00fbt \u00e9t\u00e9 mieux dis\u00adpo\u00ads\u00e9 que notre&nbsp;ami<br>\nAndr\u00e9 Prud\u00adhom\u00admeaux d\u2019une suf\u00adfi\u00adsante fami\u00adlia\u00adri\u00adt\u00e9&nbsp;avec<br>\nles r\u00e9a\u00adli\u00adt\u00e9s hon\u00adgroises ni \u00e0 meilleur escient pu<br>\nfaire preuve d\u2019un juge\u00adment aver\u00adti pour sug\u00adg\u00e9\u00adrer les r\u00e9ponses<br>\naux ques\u00adtions qu\u2019\u00e0 chaque page en sou\u00adl\u00e8ve la lecture.<br>\nMal\u00adheu\u00adreu\u00adse\u00adment, l\u2019\u00e9\u00adtat de san\u00adt\u00e9 de notre ami ne&nbsp;lui<br>\nper\u00admet pas en ce moment d\u2019\u00e9\u00adcrire l\u2019\u00e9\u00adtude approfondie<br>\nqu\u2019il aurait eu \u00e0 c\u0153ur de consa\u00adcrer \u00e0 l\u2019ou\u00advrage. Et<br>\ncomme d\u2019autre part notre atta\u00adche\u00adment \u00e0 ce que nous&nbsp;avons<br>\nappe\u00adl\u00e9 il y a quelque trois ans, dans notre num\u00e9ro<br>\nsp\u00e9\u00adcial sur les \u00e9v\u00e9\u00adne\u00adments de 56, le \u00ab&nbsp;miracle<br>\nhon\u00adgrois&nbsp;\u00bb, nous ren\u00addrait trop cruel, pour ne pas&nbsp;dire<br>\nscan\u00adda\u00adleux, de conti\u00adnuer \u00e0 ne point signa\u00adler le livre, je&nbsp;me<br>\nr\u00e9signe \u00e0 le pr\u00e9\u00adsen\u00adter moi-m\u00eame tant&nbsp;bien<br>\nque mal, mais non sans deman\u00adder \u00e0 l\u2019a\u00advance \u00e0&nbsp;nos<br>\nlec\u00adteurs et sur\u00adtout aux auteurs, sp\u00e9\u00adcia\u00adle\u00adment \u00e0&nbsp;celui<br>\ndes deux que j\u2019ai la joie de conna\u00eetre (et les amis qui suivent<br>\n\u00ab&nbsp;T\u00e9moins&nbsp;\u00bb connaissent aus\u00adsi Mik\u00adlos Molnar<br>\npuis\u00adqu\u2019il a bien vou\u00adlu de temps en temps \u00eatre publi\u00e9<br>\nchez nous) toute l\u2019in\u00addul\u00adgence que r\u00e9clame ma connaissance<br>\nbeau\u00adcoup trop frag\u00admen\u00adtaire du peuple h\u00e9ro\u00efque et<br>\nmal\u00adheu\u00adreux que nous n\u2019a\u00advons pas pu secourir.<\/font><\/font><\/p>\n<p style=\"margin-right: 0.99cm; text-indent: 1.42cm; margin-bottom: 0cm;\" align=\"justify\" lang=\"fr-FR\">\n<font face=\"Garamond\"><font style=\"font-size: 13pt;\" size=\"3\">Humai\u00adne\u00adment,<br>\nce livre tout ensemble nour\u00adri d\u2019in\u00adtel\u00adli\u00adgence et de&nbsp;pi\u00e9t\u00e9,<br>\nnous offre de la vic\u00adtime froi\u00adde\u00adment sacri\u00adfi\u00e9e aux int\u00e9r\u00eats<br>\nde l\u2019empire qui pr\u00e9\u00adtend reven\u00addi\u00adquer le titre de patrie des<br>\ntra\u00advailleurs, l\u2019i\u00admage la plus dis\u00adcr\u00e8\u00adte\u00adment \u00e9mouvante.<br>\nUn homme bon, un homme pro\u00adfon\u00add\u00e9\u00adment hon\u00adn\u00eate, tel&nbsp;nous<br>\nappa\u00adra\u00eet, comme nous le savions d\u00e9j\u00e0 de loin&nbsp;et<br>\ncomme l\u2019ins\u00adtinct de toute sa nation ne s\u2019y \u00e9tait point tromp\u00e9,<br>\nImre Nagy&nbsp;; si hon\u00adn\u00eate m\u00eame qu\u2019il n\u2019a peut-\u00eatre pas<br>\nr\u00e9us\u00adsi assez vite \u00e0 admettre le caract\u00e8re<br>\nfal\u00adla\u00adcieux de la reli\u00adgion gr\u00e9\u00adgaire qu\u2019il avait toute sa&nbsp;vie<br>\ntenue de bonne foi pour vraie et \u00e0 laquelle il finit, bien<br>\nenten\u00addu, par \u00eatre immo\u00adl\u00e9. Ou du moins pas assez&nbsp;vite<br>\nr\u00e9us\u00adsi \u00e0 s\u2019a\u00advouer la n\u00e9ces\u00adsi\u00adt\u00e9 de&nbsp;sa<br>\nr\u00e9so\u00adlu\u00adtion finale d\u2019\u00e9\u00adcar\u00adter les dogmes et d\u2019o\u00adser,&nbsp;comme<br>\nil le fit en effet pour sa gran\u00addeur et sa perte, le saut dans&nbsp;le<br>\nnon-conformisme.<\/font><\/font><\/p>\n<p style=\"margin-right: 0.99cm; text-indent: 1.42cm; margin-bottom: 0cm;\" align=\"justify\">\n<font face=\"Garamond\"><font style=\"font-size: 13pt;\" size=\"3\"><span lang=\"fr-FR\">A<br>\nl\u2019al\u00adter\u00adna\u00adtive for\u00admu\u00adl\u00e9e par le titre de leur ouvrage,&nbsp;\u00ab&nbsp;Imre<br>\nNagy, r\u00e9for\u00adma\u00adteur ou r\u00e9volutionnaire&nbsp;?&nbsp;\u00bb,<br>\nMik\u00adlos Mol\u00adnar et Lasz\u00adlo Nagy, apr\u00e8s avoir patiem\u00adment sui\u00advi&nbsp;le<br>\nlong encha\u00ee\u00adne\u00adment des faits et le che\u00admi\u00adne\u00adment de la pens\u00e9e<br>\npoli\u00adtique du chef que se don\u00adna le sou\u00adl\u00e8\u00adve\u00adment, r\u00e9pondent<br>\nimpli\u00adci\u00adte\u00adment par le choix du second terme\u200a\u2014\u200achoix d\u2019au\u00adtant&nbsp;plus<br>\nconvain\u00adcant qu\u2019il est le r\u00e9sul\u00adtat de l\u2019a\u00adna\u00adlyse la&nbsp;moins<br>\npr\u00e9con\u00e7ue.<\/span><\/font><\/font><\/p>\n<p style=\"margin-right: 0.99cm; text-indent: 1.42cm; margin-bottom: 0cm;\" align=\"justify\" lang=\"fr-FR\">\n<font face=\"Garamond\"><font style=\"font-size: 13pt;\" size=\"3\">\u00ab&nbsp;Il<br>\nest dif\u00adfi\u00adcile, \u00e9crivent-ils, de juger un \u00e9v\u00e9nement<br>\npoli\u00adtique avec trois ans seule\u00adment de recul, mais nous ne pen\u00adsons&nbsp;pas<br>\nque l\u2019his\u00adto\u00adrien futur nous contre\u00addi\u00adra&nbsp;; les jour\u00adn\u00e9es des 29,&nbsp;30<br>\net 31 octobre furent ce qu\u2019on peut appe\u00adler his\u00adto\u00adriques. C\u2019est&nbsp;dans<br>\ncette courte p\u00e9riode que nous pla\u00ad\u00e7ons le centre de<br>\ngra\u00advi\u00adt\u00e9 de la r\u00e9vo\u00adlu\u00adtion hon\u00adgroise, car c\u2019est pendant<br>\nces trois jours que les \u00e9v\u00e9\u00adne\u00adments hon\u00adgrois d\u00e9pass\u00e8rent<br>\nlar\u00adge\u00adment les cadres natio\u00adnaux. Imre Nagy, deve\u00adnu en quelque sorte<br>\nmal\u00adgr\u00e9 lui chef de la nation, en res\u00adtant n\u00e9anmoins<br>\ncom\u00admu\u00adniste, a four\u00adni un exemple du pro\u00adces\u00adsus poli\u00adtique inverse de<br>\ncelui qui s\u2019est d\u00e9rou\u00adl\u00e9 dans les pays socialistes.<br>\nPlu\u00adsieurs exemples illus\u00adtrent le pas\u00adsage d\u2019un pays d\u00e9mocratique\u2026<br>\nau com\u00admu\u00adnisme tota\u00adli\u00adtaire, mais la Hon\u00adgrie de Nagy cr\u00e9e&nbsp;le<br>\npre\u00admier exemple du ph\u00e9\u00adno\u00adm\u00e8ne contraire&nbsp;: le retour \u00e0<br>\nla d\u00e9mo\u00adcra\u00adtie d\u2019un pays com\u00admu\u00adniste et tota\u00adli\u00adtaire.&nbsp;\u00bb (p.<br>\n201)<\/font><\/font><\/p>\n<p style=\"margin-right: 0.99cm; text-indent: 1.42cm; margin-bottom: 0cm;\" align=\"justify\">\n<font face=\"Garamond\"><font style=\"font-size: 13pt;\" size=\"3\"><span lang=\"fr-FR\">L\u2019\u00e9\u00adv\u00e9\u00adne\u00adment,<br>\najou\u00adte\u00adrai-je, est d\u2019au\u00adtant plus mal\u00adai\u00ads\u00e9 \u00e0 sai\u00adsir&nbsp;que<br>\nnon seule\u00adment l\u2019in\u00adter\u00adven\u00adtion russe allait avoir t\u00f4t fait, en&nbsp;le<br>\nnoyant dans le sang, de l\u2019emp\u00eacher de don\u00adner toute sa mesure,<br>\nmais encore en rai\u00adson de cette cir\u00adcons\u00adtance \u00e9galement,<br>\nm\u2019a-t-il sem\u00adbl\u00e9, en par\u00adtie d\u00e9ter\u00admi\u00adnante\u200a\u2014\u200aet&nbsp;c\u2019est<br>\ntrop natu\u00adrel\u200a\u2014\u200apour les auteurs (mal\u00adgr\u00e9 l\u2019exp\u00e9rience<br>\ninterne qu\u2019ils en ont eue, mais plus ou moins, comme chez&nbsp;Nagy<br>\nlui-m\u00eame, r\u00e9tros\u00adpec\u00adti\u00adve\u00adment contre\u00adbat\u00adtue par&nbsp;leur<br>\nexp\u00e9\u00adrience ant\u00e9\u00adrieure, celle de la croyance<br>\ntota\u00adli\u00adtaire) qu\u2019il \u00e9chappe aux cat\u00e9\u00adgo\u00adries que nous&nbsp;a<br>\nfour\u00adnies \u00e0 tous l\u2019his\u00adtoire contem\u00adpo\u00adraine, celles m\u00eames,<br>\nd\u2019une part, du tota\u00adli\u00adta\u00adrisme \u00e0 sur\u00admon\u00adter, et, de l\u2019autre, de<br>\nla d\u00e9mo\u00adcra\u00adtie abs\u00adtraite, bour\u00adgeoise, o\u00f9 ne pas retomber<br>\nen arri\u00e8re.<\/span><\/font><\/font><\/p>\n<p style=\"margin-right: 0.99cm; text-indent: 1.42cm; margin-bottom: 0cm;\" align=\"justify\">\n<font face=\"Garamond\"><font style=\"font-size: 13pt;\" size=\"3\"><span lang=\"fr-FR\">Jus\u00adqu\u2019au<br>\nder\u00adnier moment, ou presque, Imre Nagy, de par sa for\u00adma\u00adtion&nbsp;de<br>\nmili\u00adtant, pas du tout arri\u00adviste, certes, mais long\u00adtemps \u00ab&nbsp;align\u00e9&nbsp;\u00bb<br>\n(pen\u00addant ses quinze ann\u00e9es de Rus\u00adsie comme au d\u00e9but&nbsp;de<br>\nla p\u00e9riode qui sui\u00advit son retour en terre hongroise),<br>\nn\u2019en\u00advi\u00adsa\u00adgea, dans sa lutte de plus en plus ouverte contre la clique<br>\nsta\u00adli\u00adnienne, que la voie r\u00e9for\u00adma\u00adtrice\u200a\u2014\u200aenten\u00addons non&nbsp;pas<br>\nl\u2019a\u00adbo\u00adli\u00adtion du r\u00e9gime uni\u00adpar\u00adti qu\u2019il ne met\u00adtait pas en&nbsp;cause,<br>\nmais son redres\u00adse\u00adment face \u00e0 la res\u00adtau\u00adra\u00adtion de la d\u00e9mocratie<br>\ndans le seul par\u00adti com\u00admu\u00adniste appe\u00adl\u00e9 \u00e0 conser\u00adver&nbsp;le<br>\nmono\u00adpole du pouvoir.<\/span><\/font><\/font><\/p>\n<p style=\"margin-right: 0.99cm; text-indent: 1.42cm; margin-bottom: 0cm;\" align=\"justify\">\n<font face=\"Garamond\"><font style=\"font-size: 13pt;\" size=\"3\"><span lang=\"fr-FR\">La<br>\nsigni\u00adfi\u00adca\u00adtion exacte de ce r\u00e9for\u00admisme par ortho\u00addoxie, au<br>\npre\u00admier abord si dif\u00adfi\u00adcile \u00e0 p\u00e9n\u00e9\u00adtrer pour&nbsp;nous<br>\nautres gens d\u2019Oc\u00adci\u00addent, se r\u00e9v\u00e8le peut-\u00eatre au<br>\nmieux dans le pas\u00adsage (pp. 77\u200a\u2013\u200a78) mon\u00adtrant la rai\u00adson apparemment<br>\npara\u00addoxale pour laquelle I. Nagy, d\u00e9si\u00adreux de com\u00adbattre les<br>\nexc\u00e8s du pou\u00advoir cen\u00adtral, vou\u00adlut ren\u00adfor\u00adcer l\u2019\u00c9\u00adtat.&nbsp;Et<br>\nc\u2019est, comme nous l\u2019ex\u00adpose fort bien le livre, que l\u2019\u00c9tat,<br>\nen r\u00e9gime tota\u00adli\u00adtaire, au contraire de ce qu\u2019on&nbsp;pense<br>\nordi\u00adnai\u00adre\u00adment, n\u2019est pas si loin de d\u00e9p\u00e9\u00adrir\u200a\u2014\u200aseulement<br>\nnon point au sens mar\u00adxiste de son rem\u00adpla\u00adce\u00adment par l\u2019administration<br>\ndes choses, mais de par son effa\u00adce\u00adment pro\u00adgres\u00adsif devant le<br>\nsuper-\u00c9tat qu\u2019est l\u2019ap\u00adpa\u00adreil du par\u00adti. De sorte que Nagy a&nbsp;pu<br>\nesti\u00admer que ren\u00adfor\u00adcer l\u2019\u00c9\u00adtat c\u2019\u00e9\u00adtait affaiblir<br>\nl\u2019appareil.<\/span><\/font><\/font><\/p>\n<p style=\"margin-right: 0.99cm; text-indent: 1.42cm; margin-bottom: 0cm;\" align=\"justify\">\n<font face=\"Garamond\"><font style=\"font-size: 13pt;\" size=\"3\"><span lang=\"fr-FR\">Quoi<br>\nqu\u2019il en soit, c\u2019est cette poli\u00adtique de r\u00e9forme interne<br>\npr\u00e9\u00adco\u00adni\u00ads\u00e9e par Nagy en [19]53, date de sa premi\u00e8re<br>\n\u00e9l\u00e9\u00adva\u00adtion \u00e0 la pr\u00e9\u00adsi\u00addence du conseil<br>\napr\u00e8s la d\u00e9mis\u00adsion de Rako\u00adsi l\u00e2ch\u00e9 par&nbsp;les<br>\nRusses (on est alors en plein sem\u00adblant de d\u00e9gel&nbsp;\u00e0<br>\nMos\u00adcou), qui porte le nom de \u00ab&nbsp;nou\u00advelle&nbsp;\u00e9tape&nbsp;\u00bb.<br>\nOr, si mono\u00adli\u00adthique qu\u2019en demeure l\u2019i\u00add\u00e9al, la situa\u00adtion&nbsp;cr\u00e9\u00e9e<br>\npar les rako\u00adsistes est alors telle que ce \u00ab&nbsp;r\u00e9visionnisme<br>\nauto\u00adri\u00ads\u00e9&nbsp;\u00bb (selon la d\u00e9fi\u00adni\u00adtion qu\u2019en ont&nbsp;pu<br>\ndon\u00adner\u200a\u2014\u200ap. 106\u200a\u2014\u200aMol\u00adnar et L. Nagy) gal\u00adva\u00adnise aus\u00adsi\u00adt\u00f4t&nbsp;les<br>\nespoirs. Et il fal\u00adlut, suc\u00adces\u00adsi\u00adve\u00adment, la chute de&nbsp;Nagy,<br>\noffi\u00adciel\u00adle\u00adment d\u00e9cla\u00adr\u00e9 malade (il le fut en effet, mais<br>\nles rako\u00adsistes, \u00e0 qui un nou\u00adveau tour\u00adnant de la politique<br>\ninter\u00adna\u00adtio\u00adnale de Mos\u00adcou avait per\u00admis de reprendre du poil de&nbsp;la<br>\nb\u00eate, trou\u00adv\u00e8rent exp\u00e9\u00addient d\u2019ex\u00adploi\u00adter un si&nbsp;bon<br>\npr\u00e9\u00adtexte \u00e0 l\u2019\u00e9\u00advin\u00adce\u00adment de leur jus\u00adti\u00adcier), puis<br>\nson exclu\u00adsion de la direc\u00adtion du par\u00adti pour \u00ab&nbsp;d\u00e9viationnisme<br>\nde droite&nbsp;\u00bb, il fal\u00adlut aus\u00adsi l\u2019in\u00adsa\u00adni\u00adt\u00e9 de&nbsp;la<br>\nres\u00adtau\u00adra\u00adtion rako\u00adsiste et la gran\u00addis\u00adsante indi\u00adgna\u00adtion du pays&nbsp;tout<br>\nentier, pour ame\u00adner, d\u2019a\u00adbord les amis de Nagy, puis l\u2019o\u00adpi\u00adnion&nbsp;dans<br>\nson ensemble et enfin Nagy lui-m\u00eame \u00e0 aspi\u00adrer&nbsp;\u00e0<br>\nune muta\u00adtion, cette fois r\u00e9vo\u00adlu\u00adtion\u00adnaire, qui e\u00fbt permis<br>\nl\u2019a\u00adv\u00e8\u00adne\u00adment d\u2019un socia\u00adlisme digne de l\u2019homme, \u00e9difi\u00e9<br>\nsur les ruines d\u2019une dic\u00adta\u00adture o\u00f9 se refl\u00e9\u00adtait, diront<br>\nles uns, la fata\u00adli\u00adt\u00e9, et les autres la d\u00e9g\u00e9n\u00e9rescence<br>\ndu communisme.<\/span><\/font><\/font><\/p>\n<p style=\"margin-right: 0.99cm; text-indent: 1.42cm; margin-bottom: 0cm;\" align=\"justify\">\n<font face=\"Garamond\"><font style=\"font-size: 13pt;\" size=\"3\"><span lang=\"fr-FR\">Me<br>\ntrom\u00adp\u00e9-je en ayant l\u2019im\u00adpres\u00adsion que la pen\u00ads\u00e9e&nbsp;des<br>\nauteurs, l\u00e9gi\u00adti\u00adme\u00adment sou\u00adcieux de ne rien avan\u00adcer qui&nbsp;p\u00fbt<br>\nseule\u00adment r\u00e9pondre \u00e0 un juge\u00adment sub\u00adjec\u00adtif&nbsp;et<br>\npr\u00e9\u00adci\u00adpi\u00adt\u00e9, se cherche encore quant \u00e0 la question<br>\nde savoir, et de sug\u00adg\u00e9\u00adrer, au moins impli\u00adci\u00adte\u00adment,&nbsp;quel<br>\nensei\u00adgne\u00adment se pour\u00adrait d\u00e9ga\u00adger, poli\u00adti\u00adque\u00adment, du tragique<br>\ndes\u00adtin de leur pays dans son ensemble et d\u2019Imre Nagy en particulier&nbsp;?<br>\nQues\u00adtion, il faut tout de suite le leur accor\u00adder, pour eux d\u2019autant<br>\nplus br\u00fb\u00adlante, mais aus\u00adsi d\u2019au\u00adtant plus com\u00adplexe que, grandis<br>\nde l\u2019autre c\u00f4t\u00e9 du rideau de fer, ils la posent<br>\nfor\u00adc\u00e9\u00adment post fac\u00adtum, enten\u00addons apr\u00e8s l\u2019instauration<br>\ndu com\u00admu\u00adnisme offi\u00adciel, qu\u2019ils refusent, \u00e9vi\u00addem\u00adment, mais&nbsp;dont<br>\nils ne peuvent pas vou\u00adloir que l\u2019\u00e9\u00adli\u00admi\u00adna\u00adtion \u00e9quivaille<br>\n\u00e0 un retour au capi\u00adta\u00adlisme. Et si, au demeu\u00adrant,&nbsp;cette<br>\nques\u00adtion affleure in\u00e9vi\u00adta\u00adble\u00adment d\u2019un bout \u00e0 l\u2019autre du<br>\nlivre, il convient tou\u00adte\u00adfois d\u2019ob\u00adser\u00adver qu\u2019elle n\u2019en consti\u00adtue pas&nbsp;le<br>\npro\u00adpos essen\u00adtiel. Il s\u2019a\u00adgis\u00adsait avant tout, dans cet ouvrage, de<br>\npeindre un homme et d\u2019ex\u00adpo\u00adser les condi\u00adtions, natio\u00adnales&nbsp;et<br>\ninter\u00adna\u00adtio\u00adnales, de sa lutte. Et les auteurs ont fait exac\u00adte\u00adment&nbsp;ce<br>\nqu\u2019ils avaient jug\u00e9 n\u00e9ces\u00adsaire d\u2019en\u00adtre\u00adprendre&nbsp;: un<br>\nlivre de bonne foi\u200a\u2014\u200ariche, tout ensemble, d\u2019hu\u00adma\u00adni\u00adt\u00e9 et&nbsp;de<br>\nsubstance.<\/span><\/font><\/font><\/p>\n<p style=\"margin-right: 0.99cm; text-indent: 1.42cm; margin-bottom: 0cm;\" align=\"justify\" lang=\"fr-FR\">\n<font face=\"Garamond\"><font style=\"font-size: 13pt;\" size=\"3\">Entre tant<br>\nde pages nour\u00adries d\u2019une exp\u00e9\u00adrience directe, dou\u00adlou\u00adreuse, mais<br>\n\u00e9clai\u00adr\u00e9e par la pers\u00adpi\u00adca\u00adci\u00adt\u00e9 la plus nuanc\u00e9e,<br>\nje ne sau\u00adrais dire si les plus pre\u00adnantes ne sont peut-\u00eatre pas<br>\ncelles qu\u2019ils ont inti\u00adtu\u00adl\u00e9es \u00ab&nbsp;\u00c9l\u00e9vation<br>\ndans la chute&nbsp;\u00bb, et qui com\u00admencent ainsi&nbsp;:<\/font><\/font><\/p>\n<p style=\"margin-right: 0.99cm; text-indent: 1.42cm; margin-bottom: 0cm;\" align=\"justify\">\n<font face=\"Garamond\"><font style=\"font-size: 13pt;\" size=\"3\"><span lang=\"fr-FR\">\u00ab<br>&nbsp;Imre Nagy ne prit pas d\u2019un jour \u00e0 l\u2019autre sa r\u00e9solution<br>\nde ne pas c\u00e9der (il s\u2019a\u00adgit de son refus de faire&nbsp;son<br>\nauto\u00adcri\u00adtique, qui lui e\u00fbt per\u00admis de gar\u00adder son rang en reniant<br>\nses amis et en se ral\u00adliant au retour du rako\u00adsisme). Un des traits<br>\nfon\u00adda\u00admen\u00adtaux de son carac\u00adt\u00e8re, son atta\u00adche\u00adment aux principes<br>\nmoraux\u200a\u2014\u200ace qu\u2019on a appe\u00adl\u00e9 son honn\u00eatet\u00e9&nbsp;\u2014<br>\njoua un cer\u00adtain r\u00f4le dans cette d\u00e9ci\u00adsion. \u00ab&nbsp;Comme<br>\npar le pas\u00ads\u00e9, \u00e9crit-il dans ses \u00ab&nbsp;M\u00e9moires&nbsp;\u00bb<br>\n[[R\u00e9di\u00adg\u00e9s pen\u00addant sa \u00ab&nbsp;disgr\u00e2ce&nbsp;\u00bb<br>\nen 1955. (S.)]], je suis pr\u00eat \u00e0 faire face aux calomnies<br>\nstu\u00adpides, \u00e0 l\u2019os\u00adtra\u00adcisme, aux per\u00ads\u00e9\u00adcu\u00adtions politiques,<br>\n\u00e0 la mise au ban de la soci\u00e9\u00adt\u00e9,&nbsp;\u00e0<br>\nl\u2019hu\u00admi\u00adlia\u00adtion pour mes convic\u00adtions et pour mes concep\u00adtions. Je&nbsp;suis<br>\n\u00e9ga\u00adle\u00adment pr\u00eat \u00e0 assu\u00admer le poids des fautes que<br>\nj\u2019ai r\u00e9el\u00adle\u00adment com\u00admises. Il n\u2019y a qu\u2019une chose que je&nbsp;ne<br>\npuisse accep\u00adter, c\u2019est d\u2019a\u00adban\u00addon\u00adner mes convic\u00adtions au m\u00e9pris<br>\nde mes prin\u00adcipes.&nbsp;\u00bb Et Mol\u00adnar et L. Nagy d\u2019a\u00adjou\u00adter&nbsp;: \u00ab&nbsp;Dans<br>\ncette pro\u00adfes\u00adsion de foi \u00e9mou\u00advante, il n\u2019est pas un mot qui&nbsp;ne<br>\nsoit vrai.&nbsp;\u00bb Puis, apr\u00e8s avoir cepen\u00addant indiqu\u00e9<br>\nque, bien \u00e9vi\u00addem\u00adment, le mili\u00adtant Imre Nagy n\u2019a\u00advait&nbsp;pu<br>\ns\u2019abs\u00adte\u00adnir, pas plus que qui\u00adconque \u00e0 l\u2019in\u00adt\u00e9\u00adrieur&nbsp;du<br>\npar\u00adti, de jadis accep\u00adter bien \u00ab&nbsp;des choses qu\u2019au fond&nbsp;de<br>\nlui-m\u00eame il ne pou\u00advait consi\u00add\u00e9\u00adrer comme justes, comme<br>\nmorales&nbsp;\u00bb, ils ajoutent&nbsp;: \u00ab&nbsp;Mais au cours&nbsp;des<br>\nluttes men\u00e9es entre 1953 et 1955, quelque chose avait chang\u00e9<br>\nen cet homme. \u00c0 soixante ans, apr\u00e8s qua\u00adrante ann\u00e9es<br>\npas\u00ads\u00e9es au ser\u00advice du par\u00adti, il s\u2019\u00e9\u00adtait engag\u00e9<br>\nsur le che\u00admin que des dizaines de mil\u00adliers de com\u00admu\u00adnistes hongrois,<br>\npresque tous plus jeunes que lui, sui\u00advaient en m\u00eame temps&nbsp;que<br>\nlui, entre la mort de Sta\u00adline et la r\u00e9vo\u00adlu\u00adtion de 1956\u2026&nbsp;Il<br>\ncom\u00admen\u00ad\u00e7ait \u00e0 entre\u00advoir que pour faire triom\u00adpher&nbsp;la<br>\ncause du com\u00admu\u00adnisme tel qu\u2019il se le repr\u00e9\u00adsen\u00adtait\u2026 il&nbsp;\u00e9tait<br>\nimpos\u00adsible de conser\u00adver, ne f\u00fbt-ce qu\u2019en par\u00adtie, les principes,<br>\nles m\u00e9thodes et jus\u00adqu\u2019aux per\u00adsonnes de l\u2019\u00e9poque<br>\nsta\u00adli\u00adnienne\u2026 De jour en jour, il osa davan\u00adtage \u00eatre ce&nbsp;qu\u2019il<br>\nn\u2019a\u00advait jamais ces\u00ads\u00e9 d\u2019\u00eatre au fond de lui&nbsp;: un Hongrois<br>\naimant son pays, un homme v\u00e9ri\u00adta\u00adble\u00adment humain\u2026&nbsp;\u00bb<\/span><\/font><\/font><\/p>\n<p style=\"margin-right: 0.99cm; text-indent: 1.42cm; margin-bottom: 0cm;\" align=\"justify\">\n<font face=\"Garamond\"><font style=\"font-size: 13pt;\" size=\"3\"><span lang=\"fr-FR\">Et<br>\nc\u2019est ain\u00adsi, nous fait admi\u00adra\u00adble\u00adment com\u00adprendre l\u2019\u0153uvre dont je&nbsp;n\u2019ai<br>\npu don\u00adner ici qu\u2019une id\u00e9e trop approxi\u00adma\u00adtive\u200a\u2014\u200ac\u2019est&nbsp;ainsi<br>\nqu\u2019Imre Nagy, prou\u00advant \u00e0 tous comme mal\u00adgr\u00e9&nbsp;lui<br>\nl\u2019ir\u00adr\u00e9\u00adduc\u00adtible pou\u00advoir de la conscience per\u00adson\u00adnelle, se&nbsp;vit&nbsp;\u00ab<br>&nbsp;deve\u00adnir le dra\u00adpeau d\u2019un mou\u00adve\u00adment natio\u00adnal pour la libert\u00e9&nbsp;\u00bb.<\/span><\/font><\/font><\/p>\n<p style=\"margin-right: 0.99cm; text-indent: 1.42cm; margin-bottom: 0cm;\" align=\"justify\" lang=\"fr-FR\">\n<\/p><p style=\"margin-right: 0.99cm; text-indent: 1.42cm; margin-bottom: 0cm;\" align=\"justify\">\n<font face=\"Garamond\"><font style=\"font-size: 13pt;\" size=\"3\"><span lang=\"fr-FR\">J.-<br>\nP.&nbsp;S.<\/span><\/font><\/font><\/p>\n","protected":false},"excerpt":{"rendered":"<p>Mik\u00adlos Mol\u00adnar et Lasz\u00adlo Nagy&nbsp;: \u00ab&nbsp;Imre Nagy, r\u00e9for\u00adma\u00adteur ou r\u00e9vo\u00adlu\u00adtion\u00adnaire&nbsp;\u00bb. Publi\u00adca\u00adtions de l\u2019Ins\u00adti\u00adtut uni\u00adver\u00adsi\u00adtaire des Hautes \u00c9tudes inter\u00adna\u00adtio\u00adnales (Gen\u00e8ve), n\u00b0&nbsp;23.<\/p>\n","protected":false},"author":1,"featured_media":0,"comment_status":"closed","ping_status":"closed","sticky":false,"template":"","format":"standard","meta":{"wp_typography_post_enhancements_disabled":false,"footnotes":""},"categories":[116],"tags":[],"ppma_author":[540],"class_list":["post-992","post","type-post","status-publish","format-standard","hentry","category-temoins-n23-mai-1960"],"authors":[{"term_id":540,"user_id":1,"is_guest":0,"slug":"admin_3gikpwyf","display_name":"Vincent Dubuc","avatar_url":"https:\/\/secure.gravatar.com\/avatar\/d015720652c25fd2ced191ade86430094e1f288a17483713e3b34d26dea52507?s=96&d=mm&r=g","author_category":"","user_url":"https:\/\/la-presse-anarchiste.net","last_name":"Dubuc","first_name":"Vincent","job_title":"","description":""}],"_links":{"self":[{"href":"https:\/\/la-presse-anarchiste.net\/index.php\/wp-json\/wp\/v2\/posts\/992","targetHints":{"allow":["GET"]}}],"collection":[{"href":"https:\/\/la-presse-anarchiste.net\/index.php\/wp-json\/wp\/v2\/posts"}],"about":[{"href":"https:\/\/la-presse-anarchiste.net\/index.php\/wp-json\/wp\/v2\/types\/post"}],"author":[{"embeddable":true,"href":"https:\/\/la-presse-anarchiste.net\/index.php\/wp-json\/wp\/v2\/users\/1"}],"replies":[{"embeddable":true,"href":"https:\/\/la-presse-anarchiste.net\/index.php\/wp-json\/wp\/v2\/comments?post=992"}],"version-history":[{"count":0,"href":"https:\/\/la-presse-anarchiste.net\/index.php\/wp-json\/wp\/v2\/posts\/992\/revisions"}],"wp:attachment":[{"href":"https:\/\/la-presse-anarchiste.net\/index.php\/wp-json\/wp\/v2\/media?parent=992"}],"wp:term":[{"taxonomy":"category","embeddable":true,"href":"https:\/\/la-presse-anarchiste.net\/index.php\/wp-json\/wp\/v2\/categories?post=992"},{"taxonomy":"post_tag","embeddable":true,"href":"https:\/\/la-presse-anarchiste.net\/index.php\/wp-json\/wp\/v2\/tags?post=992"},{"taxonomy":"author","embeddable":true,"href":"https:\/\/la-presse-anarchiste.net\/index.php\/wp-json\/wp\/v2\/ppma_author?post=992"}],"curies":[{"name":"wp","href":"https:\/\/api.w.org\/{rel}","templated":true}]}}