{"id":130,"name":"N\u00e9mo","url":"","description":"R\u00e9dacteur \u00e0 <i>l'Autonomie individuelle<\/i> (1887\/1888)","link":"https:\/\/la-presse-anarchiste.net\/index.php\/author\/nemo\/","slug":"nemo","avatar_urls":{"24":"https:\/\/secure.gravatar.com\/avatar\/4152c2bb71d2b8af39a26fa189e4e2d656a121bd6f1b708b0ebb6d3bd81978e1?s=24&d=mm&r=g","48":"https:\/\/secure.gravatar.com\/avatar\/4152c2bb71d2b8af39a26fa189e4e2d656a121bd6f1b708b0ebb6d3bd81978e1?s=48&d=mm&r=g","96":"https:\/\/secure.gravatar.com\/avatar\/4152c2bb71d2b8af39a26fa189e4e2d656a121bd6f1b708b0ebb6d3bd81978e1?s=96&d=mm&r=g"},"meta":{"consistency_plugin_user_settings":[]},"_links":{"self":[{"href":"https:\/\/la-presse-anarchiste.net\/index.php\/wp-json\/wp\/v2\/users\/130","targetHints":{"allow":["GET"]}}],"collection":[{"href":"https:\/\/la-presse-anarchiste.net\/index.php\/wp-json\/wp\/v2\/users"}]}}